{"id":9209,"date":"2022-05-25T12:39:08","date_gmt":"2022-05-25T10:39:08","guid":{"rendered":"\/blogg\/?p=9209"},"modified":"2024-02-26T15:05:46","modified_gmt":"2024-02-26T14:05:46","slug":"personliga-fotoprodukter-som-forgyller-sommaren","status":"publish","type":"post","link":"https:\/\/www.smartphoto.se\/blogg\/personliga-fotoprodukter-som-forgyller-sommaren","title":{"rendered":"Smartphoto \ud83d\udc99 semester &#8211; 6 tips p\u00e5 personliga fotoprodukter som f\u00f6rgyller sommaren \ud83c\udfd6"},"content":{"rendered":"\n<p><em>F\u00f6rbered dig f\u00f6r sommarens h\u00e4rliga stranddagar med personliga och unika fotoprodukter. S\u00e4tt din favoritbild p\u00e5 ett mobilskal och spela kort med en helt unik kortlek med bilder p\u00e5 dig och familjen. Hos Smartphoto hittar du m\u00e4ngder av s\u00e4tt att njuta av din sommar l\u00e4nge, till exempel genom att skapa en fotobok fr\u00e5n din semester.<\/em><\/p>\n\n\n\n<figure class=\"wp-block-embed is-type-video is-provider-youtube wp-block-embed-youtube wp-embed-aspect-16-9 wp-has-aspect-ratio\"><div class=\"wp-block-embed__wrapper\">\n<iframe loading=\"lazy\" title=\"smartphoto \ud83d\udc99 semester - g\u00f6r mer av dina bilder!\" width=\"680\" height=\"383\" src=\"https:\/\/www.youtube.com\/embed\/hxDvqgc2gOs?feature=oembed&#038;enablejsapi=1&#038;origin=https:\/\/www.smartphoto.se\" frameborder=\"0\" allow=\"accelerometer; autoplay; clipboard-write; encrypted-media; gyroscope; picture-in-picture; web-share\" allowfullscreen><\/iframe>\n<\/div><\/figure>\n\n\n\n<h2 class=\"wp-block-heading\" id=\"1-shoppingkasse-perfekt-for-stranden\">1. Shoppingkasse &#8211; perfekt f\u00f6r stranden<\/h2>\n\n\n\n<div class=\"wp-block-media-text alignwide is-stacked-on-mobile\"><figure class=\"wp-block-media-text__media\"><img loading=\"lazy\" decoding=\"async\" width=\"360\" height=\"360\" src=\"https:\/\/storage.googleapis.com\/smartphoto-express-production-wp-blogs-com\/11\/2022\/05\/1.shoppingkasse.jpg\" alt=\"\" class=\"wp-image-9214 size-full\" srcset=\"https:\/\/storage.googleapis.com\/smartphoto-express-production-wp-blogs-com\/11\/2022\/05\/1.shoppingkasse.jpg 360w, https:\/\/storage.googleapis.com\/smartphoto-express-production-wp-blogs-com\/11\/2022\/05\/1.shoppingkasse-300x300.jpg 300w, https:\/\/storage.googleapis.com\/smartphoto-express-production-wp-blogs-com\/11\/2022\/05\/1.shoppingkasse-150x150.jpg 150w\" sizes=\"auto, (max-width: 360px) 100vw, 360px\" \/><\/figure><div class=\"wp-block-media-text__content\">\n<p>Denna personliga <a href=\"https:\/\/www.smartphoto.se\/fotopresenter\/shoppingkasse\">Shoppingkasse<\/a> \u00e4r helt perfekt att packa f\u00f6r en dag till stranden. Passar lika bra f\u00f6r badkl\u00e4derna som till strandleksaker. Tygp\u00e5sen \u00e4r stor och slitstark och har axelband som g\u00f6r det bekv\u00e4mt att b\u00e4ra \u00f6ver axeln. Du kan v\u00e4lja att l\u00e4gga till en bild eller text p\u00e5 en eller b\u00e5da sidorna av p\u00e5sen f\u00f6r att s\u00e4tta din personliga pr\u00e4gel p\u00e5 <a href=\"https:\/\/www.smartphoto.se\/fotopresenter\/shoppingkasse\">shoppingkassen<\/a>.<\/p>\n<\/div><\/div>\n\n\n\n<h2 class=\"wp-block-heading\" id=\"2-kortlek-med-bilder-pa-dig-och-familjen\"><br>2. Kortlek med bilder p\u00e5 dig och familjen!<\/h2>\n\n\n\n<div class=\"wp-block-media-text alignwide has-media-on-the-right is-stacked-on-mobile\"><div class=\"wp-block-media-text__content\">\n<p>Hos Smartphoto kan du v\u00e4lja att g\u00f6ra <a href=\"https:\/\/www.smartphoto.se\/fotopresenter\/kortspel\">kortspelen<\/a> \u00e4nnu roligare genom att l\u00e4gga till dina egna bilder i kortleken! En perfekt avkopplande aktivitet att ta med till stranden eller parken. V\u00e4lj mellan flera olika typer av kortspel, tex <a href=\"https:\/\/www.smartphoto.se\/fotopresenter\/lojliga-familjen\">L\u00f6jliga familjen<\/a>, <a href=\"https:\/\/www.smartphoto.se\/fotopresenter\/memokort\">Memo<\/a>, <a href=\"https:\/\/www.smartphoto.se\/fotopresenter\/dominkort\">domino<\/a> eller vanlig <a href=\"https:\/\/www.smartphoto.se\/fotopresenter\/spelkort\">kortlek<\/a>.Ta kortspelen till en ny niv\u00e5 genom att l\u00e4gga till dina egna bilder p\u00e5 spelkorten! En kul twist som alla uppskattar!<\/p>\n<\/div><figure class=\"wp-block-media-text__media\"><img loading=\"lazy\" decoding=\"async\" width=\"360\" height=\"360\" src=\"https:\/\/storage.googleapis.com\/smartphoto-express-production-wp-blogs-com\/11\/2022\/05\/2.kortlek.jpg\" alt=\"\" class=\"wp-image-9215 size-full\" srcset=\"https:\/\/storage.googleapis.com\/smartphoto-express-production-wp-blogs-com\/11\/2022\/05\/2.kortlek.jpg 360w, https:\/\/storage.googleapis.com\/smartphoto-express-production-wp-blogs-com\/11\/2022\/05\/2.kortlek-300x300.jpg 300w, https:\/\/storage.googleapis.com\/smartphoto-express-production-wp-blogs-com\/11\/2022\/05\/2.kortlek-150x150.jpg 150w\" sizes=\"auto, (max-width: 360px) 100vw, 360px\" \/><\/figure><\/div>\n\n\n\n<h2 class=\"wp-block-heading\" id=\"3-mobilskal-med-foto\">3. Mobilskal med foto<\/h2>\n\n\n\n<div class=\"wp-block-media-text alignwide is-stacked-on-mobile\"><figure class=\"wp-block-media-text__media\"><img loading=\"lazy\" decoding=\"async\" width=\"360\" height=\"360\" src=\"https:\/\/storage.googleapis.com\/smartphoto-express-production-wp-blogs-com\/11\/2022\/05\/3.mobilskal.jpg\" alt=\"\" class=\"wp-image-9217 size-full\" srcset=\"https:\/\/storage.googleapis.com\/smartphoto-express-production-wp-blogs-com\/11\/2022\/05\/3.mobilskal.jpg 360w, https:\/\/storage.googleapis.com\/smartphoto-express-production-wp-blogs-com\/11\/2022\/05\/3.mobilskal-300x300.jpg 300w, https:\/\/storage.googleapis.com\/smartphoto-express-production-wp-blogs-com\/11\/2022\/05\/3.mobilskal-150x150.jpg 150w\" sizes=\"auto, (max-width: 360px) 100vw, 360px\" \/><\/figure><div class=\"wp-block-media-text__content\">\n<p>G\u00f6r mobilen sommarfin med ett nytt och <a href=\"https:\/\/www.smartphoto.se\/fotopresenter\/mobil-surfplatta-skal\">personligt mobilskal<\/a>. Klicka p\u00e5 <a href=\"https:\/\/www.smartphoto.se\/fotopresenter\/mobil-surfplatta-skal\">l\u00e4nken<\/a> f\u00f6r att se vilka modeller som finns tillg\u00e4nliga hos smartphoto.se. V\u00e4lj att g\u00f6ra ditt mobilskal unikt genom att s\u00e4tta din favoritbild p\u00e5 skalet eller kanske ett citat eller text som g\u00f6r dig glad.<\/p>\n<\/div><\/div>\n\n\n\n<h2 class=\"wp-block-heading\" id=\"4-vattenflaska-i-rostfritt-stal\">4. Vattenflaska i rostfritt st\u00e5l<\/h2>\n\n\n\n<div class=\"wp-block-media-text alignwide has-media-on-the-right is-stacked-on-mobile\"><div class=\"wp-block-media-text__content\">\n<p>Sl\u00e4ck t\u00f6rsten i sommar med en personlig <a href=\"https:\/\/www.smartphoto.se\/fotopresenter\/vattenflaska-i-rostfritt-stal\">vattenflaska i rostfritt st\u00e5l<\/a>, eller ta med dig varmt kaffe till stranden? Denna personliga Vattenflaska i rostfritt st\u00e5l h\u00e5ller din dryck varm eller kall i flera timmar. V\u00e4lj att s\u00e4tta din bild eller text p\u00e5 framsidan av flaskan.<\/p>\n<\/div><figure class=\"wp-block-media-text__media\"><img loading=\"lazy\" decoding=\"async\" width=\"360\" height=\"360\" src=\"https:\/\/storage.googleapis.com\/smartphoto-express-production-wp-blogs-com\/11\/2022\/05\/4.vattenflaska.jpg\" alt=\"\" class=\"wp-image-9216 size-full\" srcset=\"https:\/\/storage.googleapis.com\/smartphoto-express-production-wp-blogs-com\/11\/2022\/05\/4.vattenflaska.jpg 360w, https:\/\/storage.googleapis.com\/smartphoto-express-production-wp-blogs-com\/11\/2022\/05\/4.vattenflaska-300x300.jpg 300w, https:\/\/storage.googleapis.com\/smartphoto-express-production-wp-blogs-com\/11\/2022\/05\/4.vattenflaska-150x150.jpg 150w\" sizes=\"auto, (max-width: 360px) 100vw, 360px\" \/><\/figure><\/div>\n\n\n\n<h2 class=\"wp-block-heading\" id=\"5-din-sommar-i-en-fotobok\">5. Din sommar i en fotobok!<\/h2>\n\n\n\n<div class=\"wp-block-media-text alignwide is-stacked-on-mobile\"><figure class=\"wp-block-media-text__media\"><img loading=\"lazy\" decoding=\"async\" width=\"360\" height=\"360\" src=\"https:\/\/storage.googleapis.com\/smartphoto-express-production-wp-blogs-com\/11\/2022\/05\/5.fotobok.jpg\" alt=\"\" class=\"wp-image-9218 size-full\" srcset=\"https:\/\/storage.googleapis.com\/smartphoto-express-production-wp-blogs-com\/11\/2022\/05\/5.fotobok.jpg 360w, https:\/\/storage.googleapis.com\/smartphoto-express-production-wp-blogs-com\/11\/2022\/05\/5.fotobok-300x300.jpg 300w, https:\/\/storage.googleapis.com\/smartphoto-express-production-wp-blogs-com\/11\/2022\/05\/5.fotobok-150x150.jpg 150w\" sizes=\"auto, (max-width: 360px) 100vw, 360px\" \/><\/figure><div class=\"wp-block-media-text__content\">\n<p>Njut av din sommar l\u00e5ngt in p\u00e5 h\u00f6sten genom att skapa en <a href=\"https:\/\/www.smartphoto.se\/fotobok\">fotobok <\/a>av dina semesterbilder. Hos Smartphoto kan du designa dina egna fotob\u00f6cker, inifr\u00e5n och ut, och variera designen ifr\u00e5ga om storlek, omslag, bildm\u00e4ngd, bindningar, texttill\u00e4gg och dekorativa detaljer f\u00f6r att du ska kunna utforma din fotobok precis som du vill. Skapa liggande, st\u00e5ende eller kvadratiska fotob\u00f6cker. V\u00e4lj mellan mjuka och h\u00e5rda omslag eller spiralbindning beroende p\u00e5 hur exklusiv du vill att din fotobok ska k\u00e4nnas.<\/p>\n<\/div><\/div>\n\n\n\n<h2 class=\"wp-block-heading\" id=\"6-gor-fotokonst-av-dina-sommarbilder\">6. G\u00f6r fotokonst av dina sommarbilder!<\/h2>\n\n\n\n<div class=\"wp-block-media-text alignwide has-media-on-the-right is-stacked-on-mobile\"><div class=\"wp-block-media-text__content\">\n<p>Pryd dina v\u00e4ggar med fotokonst signerad dig sj\u00e4lv. Skapa till exempel en fotov\u00e4gg av dina sommarbilder i mordern tappning med hj\u00e4lp av dessa <a href=\"https:\/\/www.smartphoto.se\/canvas-vaggdekoration\/tavelvagg-hexagon\">hexagoner<\/a>. Enkelt att fylla p\u00e5 v\u00e4ggen allteftersom.<\/p>\n<\/div><figure class=\"wp-block-media-text__media\"><img loading=\"lazy\" decoding=\"async\" width=\"360\" height=\"360\" src=\"https:\/\/storage.googleapis.com\/smartphoto-express-production-wp-blogs-com\/11\/2022\/05\/6.walldexo.jpg\" alt=\"\" class=\"wp-image-9219 size-full\" srcset=\"https:\/\/storage.googleapis.com\/smartphoto-express-production-wp-blogs-com\/11\/2022\/05\/6.walldexo.jpg 360w, https:\/\/storage.googleapis.com\/smartphoto-express-production-wp-blogs-com\/11\/2022\/05\/6.walldexo-300x300.jpg 300w, https:\/\/storage.googleapis.com\/smartphoto-express-production-wp-blogs-com\/11\/2022\/05\/6.walldexo-150x150.jpg 150w\" sizes=\"auto, (max-width: 360px) 100vw, 360px\" \/><\/figure><\/div>\n\n\n\n<p>F\u00f6r mer inspiration och fotoid\u00e9er till sommaren klicka <a href=\"https:\/\/www.smartphoto.se\/sommarinspiration\">h\u00e4r<\/a>.<\/p>\n","protected":false},"excerpt":{"rendered":"<p>F\u00f6rbered dig f\u00f6r sommarens h\u00e4rliga stranddagar med personliga och unika fotoprodukter. S\u00e4tt din favoritbild p\u00e5 ett mobilskal och spela kort med en helt unik kortlek med bilder p\u00e5 dig och familjen. Hos Smartphoto hittar du m\u00e4ngder av s\u00e4tt att njuta av din sommar l\u00e4nge, till exempel genom att skapa en fotobok fr\u00e5n din semester. 1. Shoppingkasse &#8211; perfekt f\u00f6r stranden Denna personliga Shoppingkasse \u00e4r helt perfekt att packa f\u00f6r en dag till stranden. Passar lika bra f\u00f6r badkl\u00e4derna som till strandleksaker. Tygp\u00e5sen \u00e4r stor och slitstark och har axelband som g\u00f6r det bekv\u00e4mt att b\u00e4ra \u00f6ver axeln. Du kan v\u00e4lja<\/p>\n","protected":false},"author":1,"featured_media":9222,"comment_status":"open","ping_status":"open","sticky":false,"template":"","format":"standard","meta":{"om_disable_all_campaigns":false,"_monsterinsights_skip_tracking":false,"_monsterinsights_sitenote_active":false,"_monsterinsights_sitenote_note":"","_monsterinsights_sitenote_category":0,"footnotes":""},"categories":[5],"tags":[],"class_list":["post-9209","post","type-post","status-publish","format-standard","has-post-thumbnail","hentry","category-insperation"],"yoast_head":"<!-- This site is optimized with the Yoast SEO plugin v23.8 - https:\/\/yoast.com\/wordpress\/plugins\/seo\/ -->\n<title>6 tips p\u00e5 personliga fotoprodukter som f\u00f6rgyller sommaren!<\/title>\n<meta name=\"description\" content=\"F\u00f6rbered dig f\u00f6r sommarens h\u00e4rliga stranddagar med personliga och unika fotoprodukter. 6 tips p\u00e5 fotopresenter som kan f\u00f6rgylla dina sommar!\" \/>\n<meta name=\"robots\" content=\"index, follow, max-snippet:-1, max-image-preview:large, max-video-preview:-1\" \/>\n<link rel=\"canonical\" href=\"https:\/\/www.smartphoto.se\/blogg\/personliga-fotoprodukter-som-forgyller-sommaren\" \/>\n<meta property=\"og:locale\" content=\"sv_SE\" \/>\n<meta property=\"og:type\" content=\"article\" \/>\n<meta property=\"og:title\" content=\"6 tips p\u00e5 personliga fotoprodukter som f\u00f6rgyller sommaren!\" \/>\n<meta property=\"og:description\" content=\"F\u00f6rbered dig f\u00f6r sommarens h\u00e4rliga stranddagar med personliga och unika fotoprodukter. 6 tips p\u00e5 fotopresenter som kan f\u00f6rgylla dina sommar!\" \/>\n<meta property=\"og:url\" content=\"https:\/\/www.smartphoto.se\/blogg\/personliga-fotoprodukter-som-forgyller-sommaren\" \/>\n<meta property=\"og:site_name\" content=\"smartphotoblogg Inspiration \u2013 Fototips \u2013 DIY\" \/>\n<meta property=\"article:publisher\" content=\"https:\/\/www.facebook.com\/smartphotose\" \/>\n<meta property=\"article:published_time\" content=\"2022-05-25T10:39:08+00:00\" \/>\n<meta property=\"article:modified_time\" content=\"2024-02-26T14:05:46+00:00\" \/>\n<meta property=\"og:image\" content=\"https:\/\/storage.googleapis.com\/smartphoto-express-production-wp-blogs-com\/11\/2022\/05\/Smartphoto-holiday.jpg\" \/>\n\t<meta property=\"og:image:width\" content=\"1920\" \/>\n\t<meta property=\"og:image:height\" content=\"1080\" \/>\n\t<meta property=\"og:image:type\" content=\"image\/jpeg\" \/>\n<meta name=\"author\" content=\"admin\" \/>\n<meta name=\"twitter:card\" content=\"summary_large_image\" \/>\n<meta name=\"twitter:label1\" content=\"Written by\" \/>\n\t<meta name=\"twitter:data1\" content=\"admin\" \/>\n\t<meta name=\"twitter:label2\" content=\"Est. reading time\" \/>\n\t<meta name=\"twitter:data2\" content=\"4 minutes\" \/>\n<script type=\"application\/ld+json\" class=\"yoast-schema-graph\">{\"@context\":\"https:\/\/schema.org\",\"@graph\":[{\"@type\":\"WebPage\",\"@id\":\"https:\/\/www.smartphoto.se\/blogg\/personliga-fotoprodukter-som-forgyller-sommaren\",\"url\":\"https:\/\/www.smartphoto.se\/blogg\/personliga-fotoprodukter-som-forgyller-sommaren\",\"name\":\"6 tips p\u00e5 personliga fotoprodukter som f\u00f6rgyller sommaren!\",\"isPartOf\":{\"@id\":\"https:\/\/www.smartphoto.se\/blogg\/#website\"},\"primaryImageOfPage\":{\"@id\":\"https:\/\/www.smartphoto.se\/blogg\/personliga-fotoprodukter-som-forgyller-sommaren#primaryimage\"},\"image\":{\"@id\":\"https:\/\/www.smartphoto.se\/blogg\/personliga-fotoprodukter-som-forgyller-sommaren#primaryimage\"},\"thumbnailUrl\":\"https:\/\/storage.googleapis.com\/smartphoto-express-production-wp-blogs-com\/11\/2022\/05\/Smartphoto-holiday.jpg\",\"datePublished\":\"2022-05-25T10:39:08+00:00\",\"dateModified\":\"2024-02-26T14:05:46+00:00\",\"author\":{\"@id\":\"https:\/\/www.smartphoto.se\/blogg\/#\/schema\/person\/c256b3f50ae468ee69f4b486108c797b\"},\"description\":\"F\u00f6rbered dig f\u00f6r sommarens h\u00e4rliga stranddagar med personliga och unika fotoprodukter. 6 tips p\u00e5 fotopresenter som kan f\u00f6rgylla dina sommar!\",\"breadcrumb\":{\"@id\":\"https:\/\/www.smartphoto.se\/blogg\/personliga-fotoprodukter-som-forgyller-sommaren#breadcrumb\"},\"inLanguage\":\"sv-SE\",\"potentialAction\":[{\"@type\":\"ReadAction\",\"target\":[\"https:\/\/www.smartphoto.se\/blogg\/personliga-fotoprodukter-som-forgyller-sommaren\"]}]},{\"@type\":\"ImageObject\",\"inLanguage\":\"sv-SE\",\"@id\":\"https:\/\/www.smartphoto.se\/blogg\/personliga-fotoprodukter-som-forgyller-sommaren#primaryimage\",\"url\":\"https:\/\/storage.googleapis.com\/smartphoto-express-production-wp-blogs-com\/11\/2022\/05\/Smartphoto-holiday.jpg\",\"contentUrl\":\"https:\/\/storage.googleapis.com\/smartphoto-express-production-wp-blogs-com\/11\/2022\/05\/Smartphoto-holiday.jpg\",\"width\":1920,\"height\":1080},{\"@type\":\"BreadcrumbList\",\"@id\":\"https:\/\/www.smartphoto.se\/blogg\/personliga-fotoprodukter-som-forgyller-sommaren#breadcrumb\",\"itemListElement\":[{\"@type\":\"ListItem\",\"position\":1,\"name\":\"Home\",\"item\":\"\/blogg\/\"},{\"@type\":\"ListItem\",\"position\":2,\"name\":\"Smartphoto \ud83d\udc99 semester &#8211; 6 tips p\u00e5 personliga fotoprodukter som f\u00f6rgyller sommaren \ud83c\udfd6\"}]},{\"@type\":\"WebSite\",\"@id\":\"https:\/\/www.smartphoto.se\/blogg\/#website\",\"url\":\"https:\/\/www.smartphoto.se\/blogg\/\",\"name\":\"smartphotoblogg Inspiration \u2013 Fototips \u2013 DIY\",\"description\":\"smartphotoblogg Inspiration \u2013 Fototips \u2013 DIY\",\"potentialAction\":[{\"@type\":\"SearchAction\",\"target\":{\"@type\":\"EntryPoint\",\"urlTemplate\":\"https:\/\/www.smartphoto.se\/blogg\/?s={search_term_string}\"},\"query-input\":{\"@type\":\"PropertyValueSpecification\",\"valueRequired\":true,\"valueName\":\"search_term_string\"}}],\"inLanguage\":\"sv-SE\"},{\"@type\":\"Person\",\"@id\":\"https:\/\/www.smartphoto.se\/blogg\/#\/schema\/person\/c256b3f50ae468ee69f4b486108c797b\",\"name\":\"admin\",\"image\":{\"@type\":\"ImageObject\",\"inLanguage\":\"sv-SE\",\"@id\":\"https:\/\/www.smartphoto.se\/blogg\/#\/schema\/person\/image\/\",\"url\":\"https:\/\/secure.gravatar.com\/avatar\/8f9488249a21b1f2cc85dc7982dc95c4?s=96&d=mm&r=g\",\"contentUrl\":\"https:\/\/secure.gravatar.com\/avatar\/8f9488249a21b1f2cc85dc7982dc95c4?s=96&d=mm&r=g\",\"caption\":\"admin\"},\"url\":\"https:\/\/www.smartphoto.se\/blogg\/author\/admin\"}]}<\/script>\n<!-- \/ Yoast SEO plugin. -->","yoast_head_json":{"title":"6 tips p\u00e5 personliga fotoprodukter som f\u00f6rgyller sommaren!","description":"F\u00f6rbered dig f\u00f6r sommarens h\u00e4rliga stranddagar med personliga och unika fotoprodukter. 6 tips p\u00e5 fotopresenter som kan f\u00f6rgylla dina sommar!","robots":{"index":"index","follow":"follow","max-snippet":"max-snippet:-1","max-image-preview":"max-image-preview:large","max-video-preview":"max-video-preview:-1"},"canonical":"https:\/\/www.smartphoto.se\/blogg\/personliga-fotoprodukter-som-forgyller-sommaren","og_locale":"sv_SE","og_type":"article","og_title":"6 tips p\u00e5 personliga fotoprodukter som f\u00f6rgyller sommaren!","og_description":"F\u00f6rbered dig f\u00f6r sommarens h\u00e4rliga stranddagar med personliga och unika fotoprodukter. 6 tips p\u00e5 fotopresenter som kan f\u00f6rgylla dina sommar!","og_url":"https:\/\/www.smartphoto.se\/blogg\/personliga-fotoprodukter-som-forgyller-sommaren","og_site_name":"smartphotoblogg Inspiration \u2013 Fototips \u2013 DIY","article_publisher":"https:\/\/www.facebook.com\/smartphotose","article_published_time":"2022-05-25T10:39:08+00:00","article_modified_time":"2024-02-26T14:05:46+00:00","og_image":[{"width":1920,"height":1080,"url":"https:\/\/storage.googleapis.com\/smartphoto-express-production-wp-blogs-com\/11\/2022\/05\/Smartphoto-holiday.jpg","type":"image\/jpeg"}],"author":"admin","twitter_card":"summary_large_image","twitter_misc":{"Written by":"admin","Est. reading time":"4 minutes"},"schema":{"@context":"https:\/\/schema.org","@graph":[{"@type":"WebPage","@id":"https:\/\/www.smartphoto.se\/blogg\/personliga-fotoprodukter-som-forgyller-sommaren","url":"https:\/\/www.smartphoto.se\/blogg\/personliga-fotoprodukter-som-forgyller-sommaren","name":"6 tips p\u00e5 personliga fotoprodukter som f\u00f6rgyller sommaren!","isPartOf":{"@id":"https:\/\/www.smartphoto.se\/blogg\/#website"},"primaryImageOfPage":{"@id":"https:\/\/www.smartphoto.se\/blogg\/personliga-fotoprodukter-som-forgyller-sommaren#primaryimage"},"image":{"@id":"https:\/\/www.smartphoto.se\/blogg\/personliga-fotoprodukter-som-forgyller-sommaren#primaryimage"},"thumbnailUrl":"https:\/\/storage.googleapis.com\/smartphoto-express-production-wp-blogs-com\/11\/2022\/05\/Smartphoto-holiday.jpg","datePublished":"2022-05-25T10:39:08+00:00","dateModified":"2024-02-26T14:05:46+00:00","author":{"@id":"https:\/\/www.smartphoto.se\/blogg\/#\/schema\/person\/c256b3f50ae468ee69f4b486108c797b"},"description":"F\u00f6rbered dig f\u00f6r sommarens h\u00e4rliga stranddagar med personliga och unika fotoprodukter. 6 tips p\u00e5 fotopresenter som kan f\u00f6rgylla dina sommar!","breadcrumb":{"@id":"https:\/\/www.smartphoto.se\/blogg\/personliga-fotoprodukter-som-forgyller-sommaren#breadcrumb"},"inLanguage":"sv-SE","potentialAction":[{"@type":"ReadAction","target":["https:\/\/www.smartphoto.se\/blogg\/personliga-fotoprodukter-som-forgyller-sommaren"]}]},{"@type":"ImageObject","inLanguage":"sv-SE","@id":"https:\/\/www.smartphoto.se\/blogg\/personliga-fotoprodukter-som-forgyller-sommaren#primaryimage","url":"https:\/\/storage.googleapis.com\/smartphoto-express-production-wp-blogs-com\/11\/2022\/05\/Smartphoto-holiday.jpg","contentUrl":"https:\/\/storage.googleapis.com\/smartphoto-express-production-wp-blogs-com\/11\/2022\/05\/Smartphoto-holiday.jpg","width":1920,"height":1080},{"@type":"BreadcrumbList","@id":"https:\/\/www.smartphoto.se\/blogg\/personliga-fotoprodukter-som-forgyller-sommaren#breadcrumb","itemListElement":[{"@type":"ListItem","position":1,"name":"Home","item":"\/blogg\/"},{"@type":"ListItem","position":2,"name":"Smartphoto \ud83d\udc99 semester &#8211; 6 tips p\u00e5 personliga fotoprodukter som f\u00f6rgyller sommaren \ud83c\udfd6"}]},{"@type":"WebSite","@id":"https:\/\/www.smartphoto.se\/blogg\/#website","url":"https:\/\/www.smartphoto.se\/blogg\/","name":"smartphotoblogg Inspiration \u2013 Fototips \u2013 DIY","description":"smartphotoblogg Inspiration \u2013 Fototips \u2013 DIY","potentialAction":[{"@type":"SearchAction","target":{"@type":"EntryPoint","urlTemplate":"https:\/\/www.smartphoto.se\/blogg\/?s={search_term_string}"},"query-input":{"@type":"PropertyValueSpecification","valueRequired":true,"valueName":"search_term_string"}}],"inLanguage":"sv-SE"},{"@type":"Person","@id":"https:\/\/www.smartphoto.se\/blogg\/#\/schema\/person\/c256b3f50ae468ee69f4b486108c797b","name":"admin","image":{"@type":"ImageObject","inLanguage":"sv-SE","@id":"https:\/\/www.smartphoto.se\/blogg\/#\/schema\/person\/image\/","url":"https:\/\/secure.gravatar.com\/avatar\/8f9488249a21b1f2cc85dc7982dc95c4?s=96&d=mm&r=g","contentUrl":"https:\/\/secure.gravatar.com\/avatar\/8f9488249a21b1f2cc85dc7982dc95c4?s=96&d=mm&r=g","caption":"admin"},"url":"https:\/\/www.smartphoto.se\/blogg\/author\/admin"}]}},"_links":{"self":[{"href":"https:\/\/www.smartphoto.se\/blogg\/wp-json\/wp\/v2\/posts\/9209","targetHints":{"allow":["GET"]}}],"collection":[{"href":"https:\/\/www.smartphoto.se\/blogg\/wp-json\/wp\/v2\/posts"}],"about":[{"href":"https:\/\/www.smartphoto.se\/blogg\/wp-json\/wp\/v2\/types\/post"}],"author":[{"embeddable":true,"href":"https:\/\/www.smartphoto.se\/blogg\/wp-json\/wp\/v2\/users\/1"}],"replies":[{"embeddable":true,"href":"https:\/\/www.smartphoto.se\/blogg\/wp-json\/wp\/v2\/comments?post=9209"}],"version-history":[{"count":7,"href":"https:\/\/www.smartphoto.se\/blogg\/wp-json\/wp\/v2\/posts\/9209\/revisions"}],"predecessor-version":[{"id":9292,"href":"https:\/\/www.smartphoto.se\/blogg\/wp-json\/wp\/v2\/posts\/9209\/revisions\/9292"}],"wp:featuredmedia":[{"embeddable":true,"href":"https:\/\/www.smartphoto.se\/blogg\/wp-json\/wp\/v2\/media\/9222"}],"wp:attachment":[{"href":"https:\/\/www.smartphoto.se\/blogg\/wp-json\/wp\/v2\/media?parent=9209"}],"wp:term":[{"taxonomy":"category","embeddable":true,"href":"https:\/\/www.smartphoto.se\/blogg\/wp-json\/wp\/v2\/categories?post=9209"},{"taxonomy":"post_tag","embeddable":true,"href":"https:\/\/www.smartphoto.se\/blogg\/wp-json\/wp\/v2\/tags?post=9209"}],"curies":[{"name":"wp","href":"https:\/\/api.w.org\/{rel}","templated":true}]}}