{"id":8340,"date":"2020-11-19T10:30:34","date_gmt":"2020-11-19T09:30:34","guid":{"rendered":"\/blogg\/?p=8340"},"modified":"2020-11-19T10:30:40","modified_gmt":"2020-11-19T09:30:40","slug":"julpynt","status":"publish","type":"post","link":"https:\/\/www.smartphoto.se\/blogg\/julpynt","title":{"rendered":"VIDEO DIY &#8211; S\u00e5 g\u00f6r du julpynt med foto &#8211; en julgran full av minnen \ud83c\udf84"},"content":{"rendered":"\n<p><em>Det \u00e4r dags att julpyssla med oss igen! Denna g\u00e5ng pysslar vi dessa urs\u00f6ta <em><em>julgransdekorationer<\/em><\/em><\/em> <em>av tr\u00e4klossar, lim och s\u00e5 foton s\u00e5klart! Ett superenkelt julpynts-DIY f\u00f6r hela familjen. Vi ger dig dessutom andra tips p\u00e5 hur l\u00e4tt du kan skapa annat julpynt f\u00f6r att f\u00e5 en julgran full av minnen<\/em> \ud83c\udf84. <em>Se DIY-videon nedan eller f\u00f6lj v\u00e5r steg-f\u00f6r-steg-guide h\u00e4r i bloggen<\/em>.<\/p>\n\n\n\n<figure class=\"wp-block-embed-youtube wp-block-embed is-type-video is-provider-youtube wp-embed-aspect-4-3 wp-has-aspect-ratio\"><div class=\"wp-block-embed__wrapper\">\n<iframe loading=\"lazy\" title=\"\ud83c\udf84 S\u00e5 g\u00f6r du julpynt med foto - en julgran full av minnen - Smartphoto - Pysselminuten\" width=\"680\" height=\"510\" src=\"https:\/\/www.youtube.com\/embed\/REx4zxb7kPQ?feature=oembed\" frameborder=\"0\" allow=\"accelerometer; autoplay; clipboard-write; encrypted-media; gyroscope; picture-in-picture\" allowfullscreen><\/iframe>\n<\/div><\/figure>\n\n\n\n<h2 class=\"wp-block-heading\">Du beh\u00f6ver:<\/h2>\n\n\n\n<ul class=\"wp-block-list\"><li><a href=\"https:\/\/www.smartphoto.se\/bilder-fotoforstoring-fotohaften\/fotoremsor\">Smartphoto Fotoremsor<\/a> <\/li><li>Tr\u00e4klossar<\/li><li>Skruv\u00f6glor<\/li><li>Sn\u00f6re<\/li><li>Sax<\/li><li>Lim<\/li><li>Lack<\/li><li>Skruvmejsel<\/li><\/ul>\n\n\n\n<figure class=\"wp-block-image size-large\"><img loading=\"lazy\" decoding=\"async\" width=\"720\" height=\"360\" src=\"https:\/\/storage.googleapis.com\/smartphoto-express-production-wp-blogs-com\/11\/2020\/10\/IMG_5461.jpg\" alt=\"\" class=\"wp-image-8343\" srcset=\"https:\/\/storage.googleapis.com\/smartphoto-express-production-wp-blogs-com\/11\/2020\/10\/IMG_5461.jpg 720w, https:\/\/storage.googleapis.com\/smartphoto-express-production-wp-blogs-com\/11\/2020\/10\/IMG_5461-300x150.jpg 300w\" sizes=\"auto, (max-width: 720px) 100vw, 720px\" \/><\/figure>\n\n\n\n<h2 class=\"wp-block-heading\">S\u00e5 h\u00e4r g\u00f6r du:<\/h2>\n\n\n\n<h3 class=\"wp-block-heading\">1. Klipp ut bilderna<\/h3>\n\n\n\n<figure class=\"wp-block-image size-large\"><img loading=\"lazy\" decoding=\"async\" width=\"720\" height=\"360\" src=\"https:\/\/storage.googleapis.com\/smartphoto-express-production-wp-blogs-com\/11\/2020\/10\/IMG_5499-1.jpg\" alt=\"\" class=\"wp-image-8357\" srcset=\"https:\/\/storage.googleapis.com\/smartphoto-express-production-wp-blogs-com\/11\/2020\/10\/IMG_5499-1.jpg 720w, https:\/\/storage.googleapis.com\/smartphoto-express-production-wp-blogs-com\/11\/2020\/10\/IMG_5499-1-300x150.jpg 300w\" sizes=\"auto, (max-width: 720px) 100vw, 720px\" \/><\/figure>\n\n\n\n<p>F\u00f6r att skapa detta julpynt b\u00f6rjar du med att klippa ut varje enskild bild fr\u00e5n <a href=\"https:\/\/www.smartphoto.se\/bilder-fotoforstoring-fotohaften\/fotoremsor\">fotoremsorna<\/a>. Du kan exempelvis anv\u00e4nda dig av tr\u00e4klossar i storlek  45x45x45 mm, vilket g\u00f6r att bilderna fr\u00e5n en fotoremsa passar n\u00e4stan perfekt. Du kommer dock att beh\u00f6va klippa lite i sj\u00e4lva bilden. V\u00e5rt tips \u00e4r att du provar dig fram och klipper lite i taget f\u00f6r b\u00e4sta resultat.<\/p>\n\n\n\n<h3 class=\"wp-block-heading\">2. Limma fast bilderna p\u00e5 tr\u00e4klossen<\/h3>\n\n\n\n<figure class=\"wp-block-image size-large\"><img loading=\"lazy\" decoding=\"async\" width=\"720\" height=\"360\" src=\"https:\/\/storage.googleapis.com\/smartphoto-express-production-wp-blogs-com\/11\/2020\/10\/GLUE.jpg\" alt=\"\" class=\"wp-image-8358\" srcset=\"https:\/\/storage.googleapis.com\/smartphoto-express-production-wp-blogs-com\/11\/2020\/10\/GLUE.jpg 720w, https:\/\/storage.googleapis.com\/smartphoto-express-production-wp-blogs-com\/11\/2020\/10\/GLUE-300x150.jpg 300w\" sizes=\"auto, (max-width: 720px) 100vw, 720px\" \/><\/figure>\n\n\n\n<p>Vidare till n\u00e4sta steg d\u00e4r du limmar fast dina bilder p\u00e5 tr\u00e4klossen. Vi anv\u00e4nde oss av ett multi-lim som passar de flesta ytor. T\u00e4nk p\u00e5 att l\u00e5ta det torka ordentligt innan du g\u00e5r vidare till n\u00e4sta steg. Nu b\u00f6rjar ditt julpynt ta form!<\/p>\n\n\n\n<h3 class=\"wp-block-heading\">3. L\u00e4gg p\u00e5 ett lager lack<\/h3>\n\n\n\n<figure class=\"wp-block-image size-large\"><img loading=\"lazy\" decoding=\"async\" width=\"720\" height=\"360\" src=\"https:\/\/storage.googleapis.com\/smartphoto-express-production-wp-blogs-com\/11\/2020\/10\/Ornament_Liggande_Frame13-1.jpg\" alt=\"\" class=\"wp-image-8359\" srcset=\"https:\/\/storage.googleapis.com\/smartphoto-express-production-wp-blogs-com\/11\/2020\/10\/Ornament_Liggande_Frame13-1.jpg 720w, https:\/\/storage.googleapis.com\/smartphoto-express-production-wp-blogs-com\/11\/2020\/10\/Ornament_Liggande_Frame13-1-300x150.jpg 300w\" sizes=\"auto, (max-width: 720px) 100vw, 720px\" \/><\/figure>\n\n\n\n<p>D\u00e4refter \u00e4r det dags att l\u00e4gga p\u00e5 ett lager med decoupagelack. Detta f\u00f6r att ditt foto ska f\u00e5 ett skyddande lager samt att det sitter b\u00e4ttre fast p\u00e5 tr\u00e4klossen f\u00f6r ett mer h\u00e5llbart julpynt. M\u00e5la med mjuk pensel och l\u00e5t det torka i ca 2 timmar. Lacket \u00e4r vitt n\u00e4r du l\u00e4gger p\u00e5 det men blir genomskinligt n\u00e4r det torkat.<\/p>\n\n\n\n<div class=\"wp-block-media-text alignwide is-stacked-on-mobile\"><figure class=\"wp-block-media-text__media\"><img loading=\"lazy\" decoding=\"async\" width=\"360\" height=\"360\" src=\"https:\/\/storage.googleapis.com\/smartphoto-express-production-wp-blogs-com\/11\/2020\/10\/Ornament_Liggande_Frame14-1.jpg\" alt=\"\" class=\"wp-image-8360\" srcset=\"https:\/\/storage.googleapis.com\/smartphoto-express-production-wp-blogs-com\/11\/2020\/10\/Ornament_Liggande_Frame14-1.jpg 360w, https:\/\/storage.googleapis.com\/smartphoto-express-production-wp-blogs-com\/11\/2020\/10\/Ornament_Liggande_Frame14-1-300x300.jpg 300w, https:\/\/storage.googleapis.com\/smartphoto-express-production-wp-blogs-com\/11\/2020\/10\/Ornament_Liggande_Frame14-1-150x150.jpg 150w\" sizes=\"auto, (max-width: 360px) 100vw, 360px\" \/><\/figure><div class=\"wp-block-media-text__content\">\n<h3 class=\"wp-block-heading\">4. Skruva fast skruv\u00f6gla<\/h3>\n\n\n\n<p>Nu ska du f\u00e4sta den skruv\u00f6gla som du sedan anv\u00e4nder f\u00f6r att f\u00e4sta ditt sn\u00f6re i s\u00e5 att tr\u00e4klossen kan h\u00e4ngas i granen. Skruv\u00f6glan \u00e4r v\u00e4ldigt l\u00e4tt att skruva i och kan g\u00f6ras f\u00f6r hand, men det underl\u00e4ttar att tr\u00e4 i en skruvmejsel i \u00f6glan s\u00e5 att du f\u00e5r ett b\u00e4ttre grepp.<\/p>\n<\/div><\/div>\n\n\n\n<h3 class=\"wp-block-heading\">5. F\u00e4st sn\u00f6re i \u00f6glan<\/h3>\n\n\n\n<figure class=\"wp-block-image size-large\"><img loading=\"lazy\" decoding=\"async\" width=\"720\" height=\"360\" src=\"https:\/\/storage.googleapis.com\/smartphoto-express-production-wp-blogs-com\/11\/2020\/10\/Ornament_Liggande_Frame15-1.jpg\" alt=\"\" class=\"wp-image-8362\" srcset=\"https:\/\/storage.googleapis.com\/smartphoto-express-production-wp-blogs-com\/11\/2020\/10\/Ornament_Liggande_Frame15-1.jpg 720w, https:\/\/storage.googleapis.com\/smartphoto-express-production-wp-blogs-com\/11\/2020\/10\/Ornament_Liggande_Frame15-1-300x150.jpg 300w\" sizes=\"auto, (max-width: 720px) 100vw, 720px\" \/><\/figure>\n\n\n\n<p>Avslutningsvis f\u00e4ster du ett valfritt sn\u00f6re\/band i skruv\u00f6glan. Vi valde ett band i l\u00e4der f\u00f6r att f\u00e5 en rustik k\u00e4nsla. Men du kan anv\u00e4nda dig av vilken typ av sn\u00f6re som helst s\u00e5 l\u00e4nge det g\u00e5r att knyta utan att knuten glider upp. Sedan \u00e4r det bara att h\u00e4nga upp ditt nya fina julpynt i granen och v\u00e4nta p\u00e5 att tomten ska komma.<\/p>\n\n\n\n<figure class=\"wp-block-image size-large\"><img loading=\"lazy\" decoding=\"async\" width=\"720\" height=\"360\" src=\"https:\/\/storage.googleapis.com\/smartphoto-express-production-wp-blogs-com\/11\/2020\/10\/1_red-1.jpg\" alt=\"\" class=\"wp-image-8363\" srcset=\"https:\/\/storage.googleapis.com\/smartphoto-express-production-wp-blogs-com\/11\/2020\/10\/1_red-1.jpg 720w, https:\/\/storage.googleapis.com\/smartphoto-express-production-wp-blogs-com\/11\/2020\/10\/1_red-1-300x150.jpg 300w\" sizes=\"auto, (max-width: 720px) 100vw, 720px\" \/><\/figure>\n\n\n\n<h2 class=\"wp-block-heading\">Andra s\u00e4tt att pynta granen med dina bilder!<\/h2>\n\n\n\n<div class=\"wp-block-media-text alignwide is-stacked-on-mobile\"><figure class=\"wp-block-media-text__media\"><img loading=\"lazy\" decoding=\"async\" width=\"360\" height=\"360\" src=\"https:\/\/storage.googleapis.com\/smartphoto-express-production-wp-blogs-com\/11\/2020\/10\/Ornament_Liggande_Frame18-1.jpg\" alt=\"\" class=\"wp-image-8365\" srcset=\"https:\/\/storage.googleapis.com\/smartphoto-express-production-wp-blogs-com\/11\/2020\/10\/Ornament_Liggande_Frame18-1.jpg 360w, https:\/\/storage.googleapis.com\/smartphoto-express-production-wp-blogs-com\/11\/2020\/10\/Ornament_Liggande_Frame18-1-300x300.jpg 300w, https:\/\/storage.googleapis.com\/smartphoto-express-production-wp-blogs-com\/11\/2020\/10\/Ornament_Liggande_Frame18-1-150x150.jpg 150w\" sizes=\"auto, (max-width: 360px) 100vw, 360px\" \/><\/figure><div class=\"wp-block-media-text__content\">\n<h4 class=\"wp-block-heading\">Retrobilder<\/h4>\n\n\n\n<p>Avslutningsvis kommer h\u00e4r fler tips p\u00e5 fina och personliga julpynt. Framkalla dina foton som retrobilder. G\u00f6r ett h\u00e5l i fotot med en h\u00e5lt\u00e5ng eller ett h\u00e5lslag. F\u00e4st sedan ett band i h\u00e5let och h\u00e4ng upp fotot i din julgran. Ett enkelt och snyggt julpynt!<\/p>\n<\/div><\/div>\n\n\n\n<div class=\"wp-block-media-text alignwide has-media-on-the-right is-stacked-on-mobile\"><figure class=\"wp-block-media-text__media\"><img loading=\"lazy\" decoding=\"async\" width=\"360\" height=\"360\" src=\"https:\/\/storage.googleapis.com\/smartphoto-express-production-wp-blogs-com\/11\/2020\/10\/Ornament_Liggande_Frame19-1.jpg\" alt=\"\" class=\"wp-image-8366\" srcset=\"https:\/\/storage.googleapis.com\/smartphoto-express-production-wp-blogs-com\/11\/2020\/10\/Ornament_Liggande_Frame19-1.jpg 360w, https:\/\/storage.googleapis.com\/smartphoto-express-production-wp-blogs-com\/11\/2020\/10\/Ornament_Liggande_Frame19-1-300x300.jpg 300w, https:\/\/storage.googleapis.com\/smartphoto-express-production-wp-blogs-com\/11\/2020\/10\/Ornament_Liggande_Frame19-1-150x150.jpg 150w\" sizes=\"auto, (max-width: 360px) 100vw, 360px\" \/><\/figure><div class=\"wp-block-media-text__content\">\n<h4 class=\"wp-block-heading\">Julgranskulor med foto<\/h4>\n\n\n\n<p>N\u00e4sta tips \u00e4r att skapa en traditionell <a href=\"https:\/\/www.smartphoto.se\/fotopresenter\/julgranskulor\">julgranskula<\/a> med en personlig touch. S\u00e4ljs i set med tv\u00e5 vita keramiska kulor med separata klisterm\u00e4rken med dina valda foton.<\/p>\n<\/div><\/div>\n\n\n\n<div class=\"wp-block-media-text alignwide is-stacked-on-mobile\"><figure class=\"wp-block-media-text__media\"><img loading=\"lazy\" decoding=\"async\" width=\"360\" height=\"360\" src=\"https:\/\/storage.googleapis.com\/smartphoto-express-production-wp-blogs-com\/11\/2020\/10\/Ornament_Liggande_Frame20-1.jpg\" alt=\"\" class=\"wp-image-8368\" srcset=\"https:\/\/storage.googleapis.com\/smartphoto-express-production-wp-blogs-com\/11\/2020\/10\/Ornament_Liggande_Frame20-1.jpg 360w, https:\/\/storage.googleapis.com\/smartphoto-express-production-wp-blogs-com\/11\/2020\/10\/Ornament_Liggande_Frame20-1-300x300.jpg 300w, https:\/\/storage.googleapis.com\/smartphoto-express-production-wp-blogs-com\/11\/2020\/10\/Ornament_Liggande_Frame20-1-150x150.jpg 150w\" sizes=\"auto, (max-width: 360px) 100vw, 360px\" \/><\/figure><div class=\"wp-block-media-text__content\">\n<h4 class=\"wp-block-heading\">Julgransdekoration i tr\u00e4<\/h4>\n\n\n\n<p>H\u00e4r kommer v\u00e5rt sista tips i detta blogginl\u00e4gg. Detta \u00e4r ett set med 4 <a href=\"https:\/\/www.smartphoto.se\/fotopresenter\/julgransdekoration-i-tra\">julgransdekorationer i tr\u00e4<\/a>. V\u00e4lj mellan formen cirkel eller sexh\u00f6rning. Du kan l\u00e4gga till b\u00e5de egen text och foto p\u00e5 dina julgransdekorationer.<\/p>\n<\/div><\/div>\n\n\n\n<p>Vill du se mer tips p\u00e5 julpyssel? F\u00f6lj g\u00e4rna v\u00e5r <a href=\"https:\/\/www.youtube.com\/user\/smartphotochannel\">youtube-kanal<\/a> och prenumerera s\u00e5klart p\u00e5 bloggen.<\/p>\n\n\n\n<p>Vi blir v\u00e4ldigt glada om du delar med dig av det du har pysslat med dina foton. Tagga oss g\u00e4rna p\u00e5 instagram <a href=\"https:\/\/www.instagram.com\/smartphotose\/\">@smartphotose<\/a> eller anv\u00e4nd <a href=\"https:\/\/www.instagram.com\/explore\/tags\/mysmartphoto\/\">#mysmartphoto<\/a>.<\/p>\n\n\n\n<p>Lycka till med pysslandet!<\/p>\n","protected":false},"excerpt":{"rendered":"<p>Det \u00e4r dags att julpyssla med oss igen! Denna g\u00e5ng pysslar vi dessa urs\u00f6ta julgransdekorationer av tr\u00e4klossar, lim och s\u00e5 foton s\u00e5klart! Ett superenkelt julpynts-DIY f\u00f6r hela familjen. Vi ger dig dessutom andra tips p\u00e5 hur l\u00e4tt du kan skapa annat julpynt f\u00f6r att f\u00e5 en julgran full av minnen \ud83c\udf84. Se DIY-videon nedan eller f\u00f6lj v\u00e5r steg-f\u00f6r-steg-guide h\u00e4r i bloggen. Du beh\u00f6ver: Smartphoto Fotoremsor Tr\u00e4klossar Skruv\u00f6glor Sn\u00f6re Sax Lim Lack Skruvmejsel S\u00e5 h\u00e4r g\u00f6r du: 1. Klipp ut bilderna F\u00f6r att skapa detta julpynt b\u00f6rjar du med att klippa ut varje enskild bild fr\u00e5n fotoremsorna. Du kan exempelvis anv\u00e4nda<\/p>\n","protected":false},"author":1,"featured_media":8344,"comment_status":"open","ping_status":"open","sticky":false,"template":"","format":"standard","meta":{"om_disable_all_campaigns":false,"_monsterinsights_skip_tracking":false,"_monsterinsights_sitenote_active":false,"_monsterinsights_sitenote_note":"","_monsterinsights_sitenote_category":0,"footnotes":""},"categories":[5],"tags":[],"class_list":["post-8340","post","type-post","status-publish","format-standard","has-post-thumbnail","hentry","category-insperation"],"yoast_head":"<!-- This site is optimized with the Yoast SEO plugin v23.8 - https:\/\/yoast.com\/wordpress\/plugins\/seo\/ -->\n<title>Skapa julpynt med foto - \ud83c\udf84 en julgran full av minnen - VIDEO<\/title>\n<meta name=\"description\" content=\"G\u00f6r ditt eget Julpynt med foton! Se v\u00e5r DIY video eller f\u00f6lj v\u00e5r steg-f\u00f6r-steg-guide f\u00f6r att skapa dessa urs\u00f6ta julgransdekorationera.\" \/>\n<meta name=\"robots\" content=\"index, follow, max-snippet:-1, max-image-preview:large, max-video-preview:-1\" \/>\n<link rel=\"canonical\" href=\"https:\/\/www.smartphoto.se\/blogg\/julpynt\" \/>\n<meta property=\"og:locale\" content=\"sv_SE\" \/>\n<meta property=\"og:type\" content=\"article\" \/>\n<meta property=\"og:title\" content=\"Skapa julpynt med foto - \ud83c\udf84 en julgran full av minnen - VIDEO\" \/>\n<meta property=\"og:description\" content=\"G\u00f6r ditt eget Julpynt med foton! Se v\u00e5r DIY video eller f\u00f6lj v\u00e5r steg-f\u00f6r-steg-guide f\u00f6r att skapa dessa urs\u00f6ta julgransdekorationera.\" \/>\n<meta property=\"og:url\" content=\"\/blogg\/julpynt\" \/>\n<meta property=\"og:site_name\" content=\"smartphotoblogg Inspiration \u2013 Fototips \u2013 DIY\" \/>\n<meta property=\"article:publisher\" content=\"https:\/\/www.facebook.com\/smartphotose\" \/>\n<meta property=\"article:published_time\" content=\"2020-11-19T09:30:34+00:00\" \/>\n<meta property=\"article:modified_time\" content=\"2020-11-19T09:30:40+00:00\" \/>\n<meta property=\"og:image\" content=\"https:\/\/storage.googleapis.com\/smartphoto-express-production-wp-blogs-com\/11\/2020\/10\/1_red.jpg\" \/>\n\t<meta property=\"og:image:width\" content=\"720\" \/>\n\t<meta property=\"og:image:height\" content=\"360\" \/>\n\t<meta property=\"og:image:type\" content=\"image\/jpeg\" \/>\n<meta name=\"author\" content=\"admin\" \/>\n<meta name=\"twitter:card\" content=\"summary_large_image\" \/>\n<meta name=\"twitter:label1\" content=\"Written by\" \/>\n\t<meta name=\"twitter:data1\" content=\"admin\" \/>\n\t<meta name=\"twitter:label2\" content=\"Est. reading time\" \/>\n\t<meta name=\"twitter:data2\" content=\"3 minutes\" \/>\n<script type=\"application\/ld+json\" class=\"yoast-schema-graph\">{\"@context\":\"https:\/\/schema.org\",\"@graph\":[{\"@type\":\"WebPage\",\"@id\":\"\/blogg\/julpynt\",\"url\":\"https:\/\/www.smartphoto.se\/blogg\/julpynt\",\"name\":\"Skapa julpynt med foto - \ud83c\udf84 en julgran full av minnen - VIDEO\",\"isPartOf\":{\"@id\":\"https:\/\/www.smartphoto.se\/blogg\/#website\"},\"primaryImageOfPage\":{\"@id\":\"https:\/\/www.smartphoto.se\/blogg\/julpynt#primaryimage\"},\"image\":{\"@id\":\"https:\/\/www.smartphoto.se\/blogg\/julpynt#primaryimage\"},\"thumbnailUrl\":\"https:\/\/storage.googleapis.com\/smartphoto-express-production-wp-blogs-com\/11\/2020\/10\/1_red.jpg\",\"datePublished\":\"2020-11-19T09:30:34+00:00\",\"dateModified\":\"2020-11-19T09:30:40+00:00\",\"author\":{\"@id\":\"https:\/\/www.smartphoto.se\/blogg\/#\/schema\/person\/c256b3f50ae468ee69f4b486108c797b\"},\"description\":\"G\u00f6r ditt eget Julpynt med foton! Se v\u00e5r DIY video eller f\u00f6lj v\u00e5r steg-f\u00f6r-steg-guide f\u00f6r att skapa dessa urs\u00f6ta julgransdekorationera.\",\"breadcrumb\":{\"@id\":\"https:\/\/www.smartphoto.se\/blogg\/julpynt#breadcrumb\"},\"inLanguage\":\"sv-SE\",\"potentialAction\":[{\"@type\":\"ReadAction\",\"target\":[\"https:\/\/www.smartphoto.se\/blogg\/julpynt\"]}]},{\"@type\":\"ImageObject\",\"inLanguage\":\"sv-SE\",\"@id\":\"https:\/\/www.smartphoto.se\/blogg\/julpynt#primaryimage\",\"url\":\"https:\/\/storage.googleapis.com\/smartphoto-express-production-wp-blogs-com\/11\/2020\/10\/1_red.jpg\",\"contentUrl\":\"https:\/\/storage.googleapis.com\/smartphoto-express-production-wp-blogs-com\/11\/2020\/10\/1_red.jpg\",\"width\":720,\"height\":360},{\"@type\":\"BreadcrumbList\",\"@id\":\"https:\/\/www.smartphoto.se\/blogg\/julpynt#breadcrumb\",\"itemListElement\":[{\"@type\":\"ListItem\",\"position\":1,\"name\":\"Home\",\"item\":\"\/blogg\/\"},{\"@type\":\"ListItem\",\"position\":2,\"name\":\"VIDEO DIY &#8211; S\u00e5 g\u00f6r du julpynt med foto &#8211; en julgran full av minnen \ud83c\udf84\"}]},{\"@type\":\"WebSite\",\"@id\":\"https:\/\/www.smartphoto.se\/blogg\/#website\",\"url\":\"https:\/\/www.smartphoto.se\/blogg\/\",\"name\":\"smartphotoblogg Inspiration \u2013 Fototips \u2013 DIY\",\"description\":\"smartphotoblogg Inspiration \u2013 Fototips \u2013 DIY\",\"potentialAction\":[{\"@type\":\"SearchAction\",\"target\":{\"@type\":\"EntryPoint\",\"urlTemplate\":\"https:\/\/www.smartphoto.se\/blogg\/?s={search_term_string}\"},\"query-input\":{\"@type\":\"PropertyValueSpecification\",\"valueRequired\":true,\"valueName\":\"search_term_string\"}}],\"inLanguage\":\"sv-SE\"},{\"@type\":\"Person\",\"@id\":\"https:\/\/www.smartphoto.se\/blogg\/#\/schema\/person\/c256b3f50ae468ee69f4b486108c797b\",\"name\":\"admin\",\"image\":{\"@type\":\"ImageObject\",\"inLanguage\":\"sv-SE\",\"@id\":\"https:\/\/www.smartphoto.se\/blogg\/#\/schema\/person\/image\/\",\"url\":\"https:\/\/secure.gravatar.com\/avatar\/8f9488249a21b1f2cc85dc7982dc95c4?s=96&d=mm&r=g\",\"contentUrl\":\"https:\/\/secure.gravatar.com\/avatar\/8f9488249a21b1f2cc85dc7982dc95c4?s=96&d=mm&r=g\",\"caption\":\"admin\"},\"url\":\"https:\/\/www.smartphoto.se\/blogg\/author\/admin\"}]}<\/script>\n<!-- \/ Yoast SEO plugin. -->","yoast_head_json":{"title":"Skapa julpynt med foto - \ud83c\udf84 en julgran full av minnen - VIDEO","description":"G\u00f6r ditt eget Julpynt med foton! Se v\u00e5r DIY video eller f\u00f6lj v\u00e5r steg-f\u00f6r-steg-guide f\u00f6r att skapa dessa urs\u00f6ta julgransdekorationera.","robots":{"index":"index","follow":"follow","max-snippet":"max-snippet:-1","max-image-preview":"max-image-preview:large","max-video-preview":"max-video-preview:-1"},"canonical":"https:\/\/www.smartphoto.se\/blogg\/julpynt","og_locale":"sv_SE","og_type":"article","og_title":"Skapa julpynt med foto - \ud83c\udf84 en julgran full av minnen - VIDEO","og_description":"G\u00f6r ditt eget Julpynt med foton! Se v\u00e5r DIY video eller f\u00f6lj v\u00e5r steg-f\u00f6r-steg-guide f\u00f6r att skapa dessa urs\u00f6ta julgransdekorationera.","og_url":"\/blogg\/julpynt","og_site_name":"smartphotoblogg Inspiration \u2013 Fototips \u2013 DIY","article_publisher":"https:\/\/www.facebook.com\/smartphotose","article_published_time":"2020-11-19T09:30:34+00:00","article_modified_time":"2020-11-19T09:30:40+00:00","og_image":[{"width":720,"height":360,"url":"https:\/\/storage.googleapis.com\/smartphoto-express-production-wp-blogs-com\/11\/2020\/10\/1_red.jpg","type":"image\/jpeg"}],"author":"admin","twitter_card":"summary_large_image","twitter_misc":{"Written by":"admin","Est. reading time":"3 minutes"},"schema":{"@context":"https:\/\/schema.org","@graph":[{"@type":"WebPage","@id":"\/blogg\/julpynt","url":"https:\/\/www.smartphoto.se\/blogg\/julpynt","name":"Skapa julpynt med foto - \ud83c\udf84 en julgran full av minnen - VIDEO","isPartOf":{"@id":"https:\/\/www.smartphoto.se\/blogg\/#website"},"primaryImageOfPage":{"@id":"https:\/\/www.smartphoto.se\/blogg\/julpynt#primaryimage"},"image":{"@id":"https:\/\/www.smartphoto.se\/blogg\/julpynt#primaryimage"},"thumbnailUrl":"https:\/\/storage.googleapis.com\/smartphoto-express-production-wp-blogs-com\/11\/2020\/10\/1_red.jpg","datePublished":"2020-11-19T09:30:34+00:00","dateModified":"2020-11-19T09:30:40+00:00","author":{"@id":"https:\/\/www.smartphoto.se\/blogg\/#\/schema\/person\/c256b3f50ae468ee69f4b486108c797b"},"description":"G\u00f6r ditt eget Julpynt med foton! Se v\u00e5r DIY video eller f\u00f6lj v\u00e5r steg-f\u00f6r-steg-guide f\u00f6r att skapa dessa urs\u00f6ta julgransdekorationera.","breadcrumb":{"@id":"https:\/\/www.smartphoto.se\/blogg\/julpynt#breadcrumb"},"inLanguage":"sv-SE","potentialAction":[{"@type":"ReadAction","target":["https:\/\/www.smartphoto.se\/blogg\/julpynt"]}]},{"@type":"ImageObject","inLanguage":"sv-SE","@id":"https:\/\/www.smartphoto.se\/blogg\/julpynt#primaryimage","url":"https:\/\/storage.googleapis.com\/smartphoto-express-production-wp-blogs-com\/11\/2020\/10\/1_red.jpg","contentUrl":"https:\/\/storage.googleapis.com\/smartphoto-express-production-wp-blogs-com\/11\/2020\/10\/1_red.jpg","width":720,"height":360},{"@type":"BreadcrumbList","@id":"https:\/\/www.smartphoto.se\/blogg\/julpynt#breadcrumb","itemListElement":[{"@type":"ListItem","position":1,"name":"Home","item":"\/blogg\/"},{"@type":"ListItem","position":2,"name":"VIDEO DIY &#8211; S\u00e5 g\u00f6r du julpynt med foto &#8211; en julgran full av minnen \ud83c\udf84"}]},{"@type":"WebSite","@id":"https:\/\/www.smartphoto.se\/blogg\/#website","url":"https:\/\/www.smartphoto.se\/blogg\/","name":"smartphotoblogg Inspiration \u2013 Fototips \u2013 DIY","description":"smartphotoblogg Inspiration \u2013 Fototips \u2013 DIY","potentialAction":[{"@type":"SearchAction","target":{"@type":"EntryPoint","urlTemplate":"https:\/\/www.smartphoto.se\/blogg\/?s={search_term_string}"},"query-input":{"@type":"PropertyValueSpecification","valueRequired":true,"valueName":"search_term_string"}}],"inLanguage":"sv-SE"},{"@type":"Person","@id":"https:\/\/www.smartphoto.se\/blogg\/#\/schema\/person\/c256b3f50ae468ee69f4b486108c797b","name":"admin","image":{"@type":"ImageObject","inLanguage":"sv-SE","@id":"https:\/\/www.smartphoto.se\/blogg\/#\/schema\/person\/image\/","url":"https:\/\/secure.gravatar.com\/avatar\/8f9488249a21b1f2cc85dc7982dc95c4?s=96&d=mm&r=g","contentUrl":"https:\/\/secure.gravatar.com\/avatar\/8f9488249a21b1f2cc85dc7982dc95c4?s=96&d=mm&r=g","caption":"admin"},"url":"https:\/\/www.smartphoto.se\/blogg\/author\/admin"}]}},"_links":{"self":[{"href":"https:\/\/www.smartphoto.se\/blogg\/wp-json\/wp\/v2\/posts\/8340","targetHints":{"allow":["GET"]}}],"collection":[{"href":"https:\/\/www.smartphoto.se\/blogg\/wp-json\/wp\/v2\/posts"}],"about":[{"href":"https:\/\/www.smartphoto.se\/blogg\/wp-json\/wp\/v2\/types\/post"}],"author":[{"embeddable":true,"href":"https:\/\/www.smartphoto.se\/blogg\/wp-json\/wp\/v2\/users\/1"}],"replies":[{"embeddable":true,"href":"https:\/\/www.smartphoto.se\/blogg\/wp-json\/wp\/v2\/comments?post=8340"}],"version-history":[{"count":19,"href":"https:\/\/www.smartphoto.se\/blogg\/wp-json\/wp\/v2\/posts\/8340\/revisions"}],"predecessor-version":[{"id":8389,"href":"https:\/\/www.smartphoto.se\/blogg\/wp-json\/wp\/v2\/posts\/8340\/revisions\/8389"}],"wp:featuredmedia":[{"embeddable":true,"href":"https:\/\/www.smartphoto.se\/blogg\/wp-json\/wp\/v2\/media\/8344"}],"wp:attachment":[{"href":"https:\/\/www.smartphoto.se\/blogg\/wp-json\/wp\/v2\/media?parent=8340"}],"wp:term":[{"taxonomy":"category","embeddable":true,"href":"https:\/\/www.smartphoto.se\/blogg\/wp-json\/wp\/v2\/categories?post=8340"},{"taxonomy":"post_tag","embeddable":true,"href":"https:\/\/www.smartphoto.se\/blogg\/wp-json\/wp\/v2\/tags?post=8340"}],"curies":[{"name":"wp","href":"https:\/\/api.w.org\/{rel}","templated":true}]}}