{"id":8208,"date":"2020-11-12T08:55:17","date_gmt":"2020-11-12T07:55:17","guid":{"rendered":"\/blogg\/?p=8208"},"modified":"2020-11-12T08:55:20","modified_gmt":"2020-11-12T07:55:20","slug":"fotokalender-diy","status":"publish","type":"post","link":"https:\/\/www.smartphoto.se\/blogg\/fotokalender-diy","title":{"rendered":"DIY VIDEO &#8211; S\u00e5 g\u00f6r du en modern fotokalender!"},"content":{"rendered":"\n<p><em>Skapa enkelt en fotokalender av dina bilder. Detta DIY-tips \u00e4r perfekt f<\/em>\u00f6r<em> dig som vill piffa upp hemmakontoret, hallen eller kanske k\u00f6ket! Denna moderna och stilrena skrivbordskalender \u00e4r b\u00e5de snygg och enkel att g\u00f6ra. Siffrorna kan du dessutom \u00e5teranv\u00e4nda fr\u00e5n \u00e5r till \u00e5r. L\u00e4s v\u00e5r enkla steg-f\u00f6r-steg-guide eller se DIY-videon f\u00f6r att veta hur du g\u00f6r. <\/em>\ud83e\udd17<\/p>\n\n\n\n<figure class=\"wp-block-embed-youtube wp-block-embed is-type-video is-provider-youtube wp-embed-aspect-4-3 wp-has-aspect-ratio\"><div class=\"wp-block-embed__wrapper\">\n<iframe loading=\"lazy\" title=\"S\u00e5 g\u00f6r du en modern DIY-fotokalender - Smartphoto - Pysselminuten\" width=\"680\" height=\"510\" src=\"https:\/\/www.youtube.com\/embed\/xla9c5Q1ujk?feature=oembed\" frameborder=\"0\" allow=\"accelerometer; autoplay; clipboard-write; encrypted-media; gyroscope; picture-in-picture\" allowfullscreen><\/iframe>\n<\/div><\/figure>\n\n\n\n<h2 class=\"wp-block-heading\"><strong>Detta beh\u00f6ver du f\u00f6r att skapa din fotokalender:<\/strong><\/h2>\n\n\n\n<figure class=\"wp-block-image size-large\"><img loading=\"lazy\" decoding=\"async\" width=\"720\" height=\"360\" src=\"https:\/\/storage.googleapis.com\/smartphoto-express-production-wp-blogs-com\/11\/2020\/10\/Bild-2-1.jpg\" alt=\"Video - Fotokalender med egna bilder\" class=\"wp-image-8216\" srcset=\"https:\/\/storage.googleapis.com\/smartphoto-express-production-wp-blogs-com\/11\/2020\/10\/Bild-2-1.jpg 720w, https:\/\/storage.googleapis.com\/smartphoto-express-production-wp-blogs-com\/11\/2020\/10\/Bild-2-1-300x150.jpg 300w\" sizes=\"auto, (max-width: 720px) 100vw, 720px\" \/><\/figure>\n\n\n\n<ul class=\"wp-block-list\"><li>Kalender\/m\u00e5nadsbilder &#8211; produkt <a href=\"https:\/\/www.smartphoto.se\/fotokalendrar-agendor\/bordskalender\">fotokalender i tr\u00e4block<\/a> <br>&#8211; V\u00e4lj produkten &#8221;fler bilder till tr\u00e4h\u00e5llaren&#8221;<\/li><li>Datum\/siffror &#8211; produkt <a href=\"https:\/\/www.smartphoto.se\/bilder-fotoforstoring-fotohaften\/bilder-pa-lyxpapper\">Bilder p\u00e5 lyxpapper<\/a> format st\u00e5ende<br>&#8211; <a href=\"https:\/\/www.smartphoto-media.com\/nordics\/download\/siffror-kalendern.zip\">Gratis mall<\/a> f\u00f6r siffrorna f\u00f6r dig att ladda ner<\/li><li>Tr\u00e4skivor (i tunn plywood, 2 bitar)<\/li><li>Limpistol<\/li><li>Borrmaskin<\/li><li>Metallringar<\/li><li>H\u00e5lt\u00e5ng<\/li><\/ul>\n\n\n\n<h2 class=\"wp-block-heading\">S\u00e5 h\u00e4r g\u00f6r du:<\/h2>\n\n\n\n<h3 class=\"wp-block-heading\">1. Borra tre h\u00e5l i tr\u00e4skivan<\/h3>\n\n\n\n<div class=\"wp-block-media-text alignwide is-stacked-on-mobile\" style=\"grid-template-columns:49% auto\"><figure class=\"wp-block-media-text__media\"><img loading=\"lazy\" decoding=\"async\" width=\"360\" height=\"360\" src=\"https:\/\/storage.googleapis.com\/smartphoto-express-production-wp-blogs-com\/11\/2020\/10\/Bild-7-small-3.jpg\" alt=\"\" class=\"wp-image-8223\" srcset=\"https:\/\/storage.googleapis.com\/smartphoto-express-production-wp-blogs-com\/11\/2020\/10\/Bild-7-small-3.jpg 360w, https:\/\/storage.googleapis.com\/smartphoto-express-production-wp-blogs-com\/11\/2020\/10\/Bild-7-small-3-300x300.jpg 300w, https:\/\/storage.googleapis.com\/smartphoto-express-production-wp-blogs-com\/11\/2020\/10\/Bild-7-small-3-150x150.jpg 150w\" sizes=\"auto, (max-width: 360px) 100vw, 360px\" \/><\/figure><div class=\"wp-block-media-text__content\">\n<p>B\u00f6rja med att se till att du har tv\u00e5 bitar plywood. Storleken p\u00e5 skivorna avg\u00f6r du utifr\u00e5n bredden p\u00e5 bilderna och hur mycket marginal och synligt tr\u00e4 du \u00f6nskar. D\u00e4refter l\u00e4gger du ut din <a href=\"https:\/\/www.smartphoto.se\/fotokalendrar-agendor\/bordskalender\">kalender\u00f6versikt<\/a> och tv\u00e5<a href=\"https:\/\/www.smartphoto.se\/bilder-fotoforstoring-fotohaften\/bilder-pa-lyxpapper\"> siffror<\/a> bredvid varandra f\u00f6r att se var dina h\u00e5l ska vara. Markera med en blyertspenna och borra sedan tre h\u00e5l i din tr\u00e4skiva.<\/p>\n<\/div><\/div>\n\n\n\n<h3 class=\"wp-block-heading\">2. F\u00e4st metallringarna<\/h3>\n\n\n\n<div class=\"wp-block-media-text alignwide has-media-on-the-right is-stacked-on-mobile\"><figure class=\"wp-block-media-text__media\"><img loading=\"lazy\" decoding=\"async\" width=\"360\" height=\"360\" src=\"https:\/\/storage.googleapis.com\/smartphoto-express-production-wp-blogs-com\/11\/2020\/10\/Bild-9-small-2.jpg\" alt=\"Video - Fotokalender med egna bilder\" class=\"wp-image-8222\" srcset=\"https:\/\/storage.googleapis.com\/smartphoto-express-production-wp-blogs-com\/11\/2020\/10\/Bild-9-small-2.jpg 360w, https:\/\/storage.googleapis.com\/smartphoto-express-production-wp-blogs-com\/11\/2020\/10\/Bild-9-small-2-300x300.jpg 300w, https:\/\/storage.googleapis.com\/smartphoto-express-production-wp-blogs-com\/11\/2020\/10\/Bild-9-small-2-150x150.jpg 150w\" sizes=\"auto, (max-width: 360px) 100vw, 360px\" \/><\/figure><div class=\"wp-block-media-text__content\">\n<p>Vidare tar du nu fram dina tre metallringar och f\u00e4ster en ring i varje h\u00e5l. Vi valde att anv\u00e4nda oss av metallringar eller ringkl\u00e4mmor, som de ocks\u00e5 kallas. Men du kan lika g\u00e4rna anv\u00e4nda dig av skruvkrokar eller mindre spik. T\u00e4nk bara p\u00e5 att det ska h\u00e5lla f\u00f6r 12 m\u00e5nadsbilder och 10 bilder f\u00f6r datumen (siffrorna 0-9) p\u00e5 varje krok\/ring.<\/p>\n<\/div><\/div>\n\n\n\n<h3 class=\"wp-block-heading\">3. Limma ihop tr\u00e4skivorna<\/h3>\n\n\n\n<figure class=\"wp-block-image size-large\"><img loading=\"lazy\" decoding=\"async\" width=\"720\" height=\"360\" src=\"https:\/\/storage.googleapis.com\/smartphoto-express-production-wp-blogs-com\/11\/2020\/10\/Bild-4-1.jpg\" alt=\"Video - Fotokalender med egna bilder\" class=\"wp-image-8218\" srcset=\"https:\/\/storage.googleapis.com\/smartphoto-express-production-wp-blogs-com\/11\/2020\/10\/Bild-4-1.jpg 720w, https:\/\/storage.googleapis.com\/smartphoto-express-production-wp-blogs-com\/11\/2020\/10\/Bild-4-1-300x150.jpg 300w\" sizes=\"auto, (max-width: 720px) 100vw, 720px\" \/><\/figure>\n\n\n\n<p>I n\u00e4sta steg ska du limma fast den mindre tr\u00e4skivan i underkant p\u00e5 den st\u00f6rre s\u00e5 att den bildar foten eller basen till din fotokalender. Anv\u00e4nd dig g\u00e4rna av en limpistol f\u00f6r att det verkligen ska h\u00e5lla. Tryck till skivan ordentligt och h\u00e5ll fast den i st\u00e5ende position tills limmet helt har stelnat.<\/p>\n\n\n\n<h3 class=\"wp-block-heading\">4. G\u00f6r ett h\u00e5l i bilderna<\/h3>\n\n\n\n<div class=\"wp-block-media-text alignwide is-stacked-on-mobile\"><figure class=\"wp-block-media-text__media\"><img loading=\"lazy\" decoding=\"async\" width=\"360\" height=\"360\" src=\"https:\/\/storage.googleapis.com\/smartphoto-express-production-wp-blogs-com\/11\/2020\/10\/Bild-8-small-2.jpg\" alt=\"Video - Fotokalender med egna bilder\" class=\"wp-image-8221\" srcset=\"https:\/\/storage.googleapis.com\/smartphoto-express-production-wp-blogs-com\/11\/2020\/10\/Bild-8-small-2.jpg 360w, https:\/\/storage.googleapis.com\/smartphoto-express-production-wp-blogs-com\/11\/2020\/10\/Bild-8-small-2-300x300.jpg 300w, https:\/\/storage.googleapis.com\/smartphoto-express-production-wp-blogs-com\/11\/2020\/10\/Bild-8-small-2-150x150.jpg 150w\" sizes=\"auto, (max-width: 360px) 100vw, 360px\" \/><\/figure><div class=\"wp-block-media-text__content\">\n<p>Ta nu upp din h\u00e5lt\u00e5ng och g\u00f6r ett h\u00e5l i mitten av varje bilds \u00f6verkant (b\u00e5de f\u00f6r m\u00e5nads\u00f6versikt och f\u00f6r siffrorna). Tips \u00e4r att anv\u00e4nda en bild som mall s\u00e5 att h\u00e5let hamnar p\u00e5 samma plats p\u00e5 varje kort. Det kommer att g\u00f6ra s\u00e5 att bilderna h\u00e4nger rakt och snyggt p\u00e5 varandra n\u00e4r din fotokalender \u00e4r klar.<\/p>\n<\/div><\/div>\n\n\n\n<h3 class=\"wp-block-heading\">5. H\u00e4ng upp dina bilder<\/h3>\n\n\n\n<figure class=\"wp-block-image size-large\"><img loading=\"lazy\" decoding=\"async\" width=\"720\" height=\"360\" src=\"https:\/\/storage.googleapis.com\/smartphoto-express-production-wp-blogs-com\/11\/2020\/10\/Bild-3-1.jpg\" alt=\"Video - Fotokalender med egna bilder\" class=\"wp-image-8217\" srcset=\"https:\/\/storage.googleapis.com\/smartphoto-express-production-wp-blogs-com\/11\/2020\/10\/Bild-3-1.jpg 720w, https:\/\/storage.googleapis.com\/smartphoto-express-production-wp-blogs-com\/11\/2020\/10\/Bild-3-1-300x150.jpg 300w\" sizes=\"auto, (max-width: 720px) 100vw, 720px\" \/><\/figure>\n\n\n\n<p>Nu kommer vi till det roligaste steget i detta DIY, n\u00e4mligen att h\u00e4nga upp bilderna och se det f\u00e4rdiga resultatet av din fotokalender. H\u00e4ng dina m\u00e5nadsbilder l\u00e4ngst till v\u00e4nster. Sedan har du datumen till h\u00f6ger. Mittenbilderna \u00e4r tiotalet p\u00e5 datumen, s\u00e5 d\u00e4r h\u00e4nger du siffrorna 0-3 och allra l\u00e4ngst till h\u00f6ger \u00e4r entalen, och h\u00e4r beh\u00f6ver du siffrorna 0-9. D\u00e4rav finns siffrorna 0-3 dubbelt upp, n\u00e4r du laddar hem <a href=\"https:\/\/www.smartphoto-media.com\/nordics\/download\/siffror-kalendern.zip\">mallen<\/a> f\u00f6r dina siffror. S\u00e5 t\u00e4nk p\u00e5 att framkalla samtliga siffror i mappen du laddar hem som <a href=\"https:\/\/www.smartphoto.se\/bilder-fotoforstoring-fotohaften\/bilder-pa-lyxpapper\">bilder p\u00e5 lyxpapper<\/a> f\u00f6r att din fotokalender ska bli komplett.<\/p>\n\n\n\n<p>Nu \u00e4r din fotokalender f\u00e4rdig att njutas av. Det b\u00e4sta \u00e4r att denna fotokalender kan du anv\u00e4nda \u00e5r efter \u00e5r!  Det enda du beh\u00f6ver byta ut \u00e4r <a href=\"https:\/\/www.smartphoto.se\/fotokalendrar-agendor\/bordskalender\">m\u00e5nadsbilderna<\/a>. Visst blev den fin? Passar perfekt i hemmakontoret.<\/p>\n\n\n\n<figure class=\"wp-block-image size-large\"><img loading=\"lazy\" decoding=\"async\" width=\"720\" height=\"360\" src=\"https:\/\/storage.googleapis.com\/smartphoto-express-production-wp-blogs-com\/11\/2020\/10\/Bild-5-2.jpg\" alt=\"\" class=\"wp-image-8227\" srcset=\"https:\/\/storage.googleapis.com\/smartphoto-express-production-wp-blogs-com\/11\/2020\/10\/Bild-5-2.jpg 720w, https:\/\/storage.googleapis.com\/smartphoto-express-production-wp-blogs-com\/11\/2020\/10\/Bild-5-2-300x150.jpg 300w\" sizes=\"auto, (max-width: 720px) 100vw, 720px\" \/><\/figure>\n\n\n\n<h2 class=\"wp-block-heading\">Andra s\u00e4tt att skapa en fotokalender!<\/h2>\n\n\n\n<p>Avslutningsvis, till dig som \u00e4lskar fotokalendrar och vill ha flera varianter! Eller om du helt enkelt inte har tid att g\u00f6ra denna snygga DIY-fotokalendern. Inga problem, det finns massor av f\u00e4rdigdesignade fotokalendrar p\u00e5 Smartphoto.se, bara f\u00f6r dig att ladda upp dina bilder och s\u00e4tta ig\u00e5ng att skapa direkt online. H\u00e4r \u00e4r v\u00e5ra b\u00e4sta tips:<\/p>\n\n\n\n<div class=\"wp-block-media-text alignwide is-stacked-on-mobile\"><figure class=\"wp-block-media-text__media\"><img loading=\"lazy\" decoding=\"async\" width=\"360\" height=\"360\" src=\"https:\/\/storage.googleapis.com\/smartphoto-express-production-wp-blogs-com\/11\/2020\/10\/Artboard-4.jpg\" alt=\"Video - Fotokalender med egna bilder\" class=\"wp-image-8213\" srcset=\"https:\/\/storage.googleapis.com\/smartphoto-express-production-wp-blogs-com\/11\/2020\/10\/Artboard-4.jpg 360w, https:\/\/storage.googleapis.com\/smartphoto-express-production-wp-blogs-com\/11\/2020\/10\/Artboard-4-300x300.jpg 300w, https:\/\/storage.googleapis.com\/smartphoto-express-production-wp-blogs-com\/11\/2020\/10\/Artboard-4-150x150.jpg 150w\" sizes=\"auto, (max-width: 360px) 100vw, 360px\" \/><\/figure><div class=\"wp-block-media-text__content\">\n<h3 class=\"wp-block-heading\">V\u00e4ggkalender<\/h3>\n\n\n\n<p>V\u00e5rt f\u00f6rsta tips \u00e4r en riktig julklappsfavorit &#8211; v\u00e5r v\u00e4ggkalender med foto. Den finns i flera olika format och storlekar. Den vi visar p\u00e5 bilden \u00e4r stors\u00e4ljaren v\u00e4ggkalender A4. H\u00e4r hittar du alla <a href=\"https:\/\/www.smartphoto.se\/fotokalendrar-agendor\/vaggkalender\">v\u00e4ggkalendrar<\/a>.<\/p>\n<\/div><\/div>\n\n\n\n<div class=\"wp-block-media-text alignwide has-media-on-the-right is-stacked-on-mobile\"><figure class=\"wp-block-media-text__media\"><img loading=\"lazy\" decoding=\"async\" width=\"360\" height=\"360\" src=\"https:\/\/storage.googleapis.com\/smartphoto-express-production-wp-blogs-com\/11\/2020\/10\/Artboard-3.jpg\" alt=\"Video - Fotokalender med egna bilder\" class=\"wp-image-8212\" srcset=\"https:\/\/storage.googleapis.com\/smartphoto-express-production-wp-blogs-com\/11\/2020\/10\/Artboard-3.jpg 360w, https:\/\/storage.googleapis.com\/smartphoto-express-production-wp-blogs-com\/11\/2020\/10\/Artboard-3-300x300.jpg 300w, https:\/\/storage.googleapis.com\/smartphoto-express-production-wp-blogs-com\/11\/2020\/10\/Artboard-3-150x150.jpg 150w\" sizes=\"auto, (max-width: 360px) 100vw, 360px\" \/><\/figure><div class=\"wp-block-media-text__content\">\n<h3 class=\"wp-block-heading\">Familjekalender<\/h3>\n\n\n\n<p>D\u00e4refter har vi <a href=\"https:\/\/www.smartphoto.se\/fotokalendrar-agendor\/familjekalender\">Familjekalendern<\/a>, den b\u00e4sta fotokalendern n\u00e4r det kommer till att h\u00e5lla ordning p\u00e5 alla familjemedlemmars aktiviteter. Du skapar en kolumn per familjemedlem (v\u00e4lj mellan 3-5 kolumner) och sedan skriver du enkelt in det som g\u00e4ller respektive dag f\u00f6r respektive familjemedlem.<\/p>\n<\/div><\/div>\n\n\n\n<div class=\"wp-block-media-text alignwide is-stacked-on-mobile\"><figure class=\"wp-block-media-text__media\"><img loading=\"lazy\" decoding=\"async\" width=\"360\" height=\"360\" src=\"https:\/\/storage.googleapis.com\/smartphoto-express-production-wp-blogs-com\/11\/2020\/10\/Artboard-5.jpg\" alt=\"Video - Fotokalender med egna bilder\" class=\"wp-image-8214\" srcset=\"https:\/\/storage.googleapis.com\/smartphoto-express-production-wp-blogs-com\/11\/2020\/10\/Artboard-5.jpg 360w, https:\/\/storage.googleapis.com\/smartphoto-express-production-wp-blogs-com\/11\/2020\/10\/Artboard-5-300x300.jpg 300w, https:\/\/storage.googleapis.com\/smartphoto-express-production-wp-blogs-com\/11\/2020\/10\/Artboard-5-150x150.jpg 150w\" sizes=\"auto, (max-width: 360px) 100vw, 360px\" \/><\/figure><div class=\"wp-block-media-text__content\">\n<h3 class=\"wp-block-heading\">Bordkalender<\/h3>\n\n\n\n<p>Avslutningsvis vill vi tipsa om denna snygga fotokalender. Vill du ha en kalender som kan st\u00e5 p\u00e5 en byr\u00e5, skrivbord eller en hylla? D\u00e5 \u00e4r en bordskalender med spiral det du s\u00f6ker. Denna fotokalender finns i tv\u00e5 storlekar och du hittar dem <a href=\"https:\/\/www.smartphoto.se\/fotokalendrar-agendor\/bordskalender\">h\u00e4r<\/a>. <\/p>\n<\/div><\/div>\n\n\n\n<p>Vill du se hela Smartphotos stora utbud av fotokalendrar \u00e4r det bara att titta in p\u00e5 <a href=\"https:\/\/www.smartphoto.se\/fotokalendrar-agendor\">denna sida<\/a>. H\u00e4r har vi samlat alla fotokalendrar och agendor som du kan skapa med hj\u00e4lp av dina bilder.<\/p>\n\n\n\n<p>Lycka till med din DIY-kalender och gl\u00f6m inte att fota av din fotokalender och tagga <a href=\"https:\/\/www.instagram.com\/smartphotose\/\">@smartphotose<\/a> och anv\u00e4nd g\u00e4rna <a href=\"https:\/\/www.instagram.com\/explore\/tags\/mysmartphoto\/\">#mysmartphoto<\/a>. Vi \u00e4lskar att se det ni skapar med era foton!<\/p>\n","protected":false},"excerpt":{"rendered":"<p>Skapa enkelt en fotokalender av dina bilder. Detta DIY-tips \u00e4r perfekt f\u00f6r dig som vill piffa upp hemmakontoret, hallen eller kanske k\u00f6ket! Denna moderna och stilrena skrivbordskalender \u00e4r b\u00e5de snygg och enkel att g\u00f6ra. Siffrorna kan du dessutom \u00e5teranv\u00e4nda fr\u00e5n \u00e5r till \u00e5r. L\u00e4s v\u00e5r enkla steg-f\u00f6r-steg-guide eller se DIY-videon f\u00f6r att veta hur du g\u00f6r. \ud83e\udd17 Detta beh\u00f6ver du f\u00f6r att skapa din fotokalender: Kalender\/m\u00e5nadsbilder &#8211; produkt fotokalender i tr\u00e4block &#8211; V\u00e4lj produkten &#8221;fler bilder till tr\u00e4h\u00e5llaren&#8221; Datum\/siffror &#8211; produkt Bilder p\u00e5 lyxpapper format st\u00e5ende&#8211; Gratis mall f\u00f6r siffrorna f\u00f6r dig att ladda ner Tr\u00e4skivor (i tunn plywood, 2<\/p>\n","protected":false},"author":1,"featured_media":8215,"comment_status":"open","ping_status":"open","sticky":false,"template":"","format":"standard","meta":{"om_disable_all_campaigns":false,"_monsterinsights_skip_tracking":false,"_monsterinsights_sitenote_active":false,"_monsterinsights_sitenote_note":"","_monsterinsights_sitenote_category":0,"footnotes":""},"categories":[6],"tags":[32,120,50,119,29],"class_list":["post-8208","post","type-post","status-publish","format-standard","has-post-thumbnail","hentry","category-pyssel-och-knap","tag-diy","tag-flip-fotokalender","tag-fotokalender","tag-personlig-kalender","tag-pysselminuten"],"yoast_head":"<!-- This site is optimized with the Yoast SEO plugin v23.8 - https:\/\/yoast.com\/wordpress\/plugins\/seo\/ -->\n<title>DIY VIDEO - S\u00e5 g\u00f6r du en modern fotokalender - Pysselminuten<\/title>\n<meta name=\"description\" content=\"Skapa en modern fotokalender med hj\u00e4lp av detta enkla DIY. Titta p\u00e5 videon eller f\u00f6lj v\u00e5r enkla steg-f\u00f6r-steg guide f\u00f6r att veta hur du g\u00f6r!\" \/>\n<meta name=\"robots\" content=\"index, follow, max-snippet:-1, max-image-preview:large, max-video-preview:-1\" \/>\n<link rel=\"canonical\" href=\"https:\/\/www.smartphoto.se\/blogg\/fotokalender-diy\" \/>\n<meta property=\"og:locale\" content=\"sv_SE\" \/>\n<meta property=\"og:type\" content=\"article\" \/>\n<meta property=\"og:title\" content=\"DIY VIDEO - S\u00e5 g\u00f6r du en modern fotokalender - Pysselminuten\" \/>\n<meta property=\"og:description\" content=\"Skapa en modern fotokalender med hj\u00e4lp av detta enkla DIY. Titta p\u00e5 videon eller f\u00f6lj v\u00e5r enkla steg-f\u00f6r-steg guide f\u00f6r att veta hur du g\u00f6r!\" \/>\n<meta property=\"og:url\" content=\"\/blogg\/fotokalender-diy\" \/>\n<meta property=\"og:site_name\" content=\"smartphotoblogg Inspiration \u2013 Fototips \u2013 DIY\" \/>\n<meta property=\"article:publisher\" content=\"https:\/\/www.facebook.com\/smartphotose\" \/>\n<meta property=\"article:published_time\" content=\"2020-11-12T07:55:17+00:00\" \/>\n<meta property=\"article:modified_time\" content=\"2020-11-12T07:55:20+00:00\" \/>\n<meta property=\"og:image\" content=\"https:\/\/storage.googleapis.com\/smartphoto-express-production-wp-blogs-com\/11\/2020\/10\/Bild-1-1.jpg\" \/>\n\t<meta property=\"og:image:width\" content=\"720\" \/>\n\t<meta property=\"og:image:height\" content=\"360\" \/>\n\t<meta property=\"og:image:type\" content=\"image\/jpeg\" \/>\n<meta name=\"author\" content=\"admin\" \/>\n<meta name=\"twitter:card\" content=\"summary_large_image\" \/>\n<meta name=\"twitter:label1\" content=\"Written by\" \/>\n\t<meta name=\"twitter:data1\" content=\"admin\" \/>\n\t<meta name=\"twitter:label2\" content=\"Est. reading time\" \/>\n\t<meta name=\"twitter:data2\" content=\"4 minutes\" \/>\n<script type=\"application\/ld+json\" class=\"yoast-schema-graph\">{\"@context\":\"https:\/\/schema.org\",\"@graph\":[{\"@type\":\"WebPage\",\"@id\":\"\/blogg\/fotokalender-diy\",\"url\":\"https:\/\/www.smartphoto.se\/blogg\/fotokalender-diy\",\"name\":\"DIY VIDEO - S\u00e5 g\u00f6r du en modern fotokalender - Pysselminuten\",\"isPartOf\":{\"@id\":\"https:\/\/www.smartphoto.se\/blogg\/#website\"},\"primaryImageOfPage\":{\"@id\":\"https:\/\/www.smartphoto.se\/blogg\/fotokalender-diy#primaryimage\"},\"image\":{\"@id\":\"https:\/\/www.smartphoto.se\/blogg\/fotokalender-diy#primaryimage\"},\"thumbnailUrl\":\"https:\/\/storage.googleapis.com\/smartphoto-express-production-wp-blogs-com\/11\/2020\/10\/Bild-1-1.jpg\",\"datePublished\":\"2020-11-12T07:55:17+00:00\",\"dateModified\":\"2020-11-12T07:55:20+00:00\",\"author\":{\"@id\":\"https:\/\/www.smartphoto.se\/blogg\/#\/schema\/person\/c256b3f50ae468ee69f4b486108c797b\"},\"description\":\"Skapa en modern fotokalender med hj\u00e4lp av detta enkla DIY. Titta p\u00e5 videon eller f\u00f6lj v\u00e5r enkla steg-f\u00f6r-steg guide f\u00f6r att veta hur du g\u00f6r!\",\"breadcrumb\":{\"@id\":\"https:\/\/www.smartphoto.se\/blogg\/fotokalender-diy#breadcrumb\"},\"inLanguage\":\"sv-SE\",\"potentialAction\":[{\"@type\":\"ReadAction\",\"target\":[\"https:\/\/www.smartphoto.se\/blogg\/fotokalender-diy\"]}]},{\"@type\":\"ImageObject\",\"inLanguage\":\"sv-SE\",\"@id\":\"https:\/\/www.smartphoto.se\/blogg\/fotokalender-diy#primaryimage\",\"url\":\"https:\/\/storage.googleapis.com\/smartphoto-express-production-wp-blogs-com\/11\/2020\/10\/Bild-1-1.jpg\",\"contentUrl\":\"https:\/\/storage.googleapis.com\/smartphoto-express-production-wp-blogs-com\/11\/2020\/10\/Bild-1-1.jpg\",\"width\":720,\"height\":360,\"caption\":\"Video - Fotokalender med egna bilder\"},{\"@type\":\"BreadcrumbList\",\"@id\":\"https:\/\/www.smartphoto.se\/blogg\/fotokalender-diy#breadcrumb\",\"itemListElement\":[{\"@type\":\"ListItem\",\"position\":1,\"name\":\"Home\",\"item\":\"\/blogg\/\"},{\"@type\":\"ListItem\",\"position\":2,\"name\":\"DIY VIDEO &#8211; S\u00e5 g\u00f6r du en modern fotokalender!\"}]},{\"@type\":\"WebSite\",\"@id\":\"https:\/\/www.smartphoto.se\/blogg\/#website\",\"url\":\"https:\/\/www.smartphoto.se\/blogg\/\",\"name\":\"smartphotoblogg Inspiration \u2013 Fototips \u2013 DIY\",\"description\":\"smartphotoblogg Inspiration \u2013 Fototips \u2013 DIY\",\"potentialAction\":[{\"@type\":\"SearchAction\",\"target\":{\"@type\":\"EntryPoint\",\"urlTemplate\":\"https:\/\/www.smartphoto.se\/blogg\/?s={search_term_string}\"},\"query-input\":{\"@type\":\"PropertyValueSpecification\",\"valueRequired\":true,\"valueName\":\"search_term_string\"}}],\"inLanguage\":\"sv-SE\"},{\"@type\":\"Person\",\"@id\":\"https:\/\/www.smartphoto.se\/blogg\/#\/schema\/person\/c256b3f50ae468ee69f4b486108c797b\",\"name\":\"admin\",\"image\":{\"@type\":\"ImageObject\",\"inLanguage\":\"sv-SE\",\"@id\":\"https:\/\/www.smartphoto.se\/blogg\/#\/schema\/person\/image\/\",\"url\":\"https:\/\/secure.gravatar.com\/avatar\/8f9488249a21b1f2cc85dc7982dc95c4?s=96&d=mm&r=g\",\"contentUrl\":\"https:\/\/secure.gravatar.com\/avatar\/8f9488249a21b1f2cc85dc7982dc95c4?s=96&d=mm&r=g\",\"caption\":\"admin\"},\"url\":\"https:\/\/www.smartphoto.se\/blogg\/author\/admin\"}]}<\/script>\n<!-- \/ Yoast SEO plugin. -->","yoast_head_json":{"title":"DIY VIDEO - S\u00e5 g\u00f6r du en modern fotokalender - Pysselminuten","description":"Skapa en modern fotokalender med hj\u00e4lp av detta enkla DIY. Titta p\u00e5 videon eller f\u00f6lj v\u00e5r enkla steg-f\u00f6r-steg guide f\u00f6r att veta hur du g\u00f6r!","robots":{"index":"index","follow":"follow","max-snippet":"max-snippet:-1","max-image-preview":"max-image-preview:large","max-video-preview":"max-video-preview:-1"},"canonical":"https:\/\/www.smartphoto.se\/blogg\/fotokalender-diy","og_locale":"sv_SE","og_type":"article","og_title":"DIY VIDEO - S\u00e5 g\u00f6r du en modern fotokalender - Pysselminuten","og_description":"Skapa en modern fotokalender med hj\u00e4lp av detta enkla DIY. Titta p\u00e5 videon eller f\u00f6lj v\u00e5r enkla steg-f\u00f6r-steg guide f\u00f6r att veta hur du g\u00f6r!","og_url":"\/blogg\/fotokalender-diy","og_site_name":"smartphotoblogg Inspiration \u2013 Fototips \u2013 DIY","article_publisher":"https:\/\/www.facebook.com\/smartphotose","article_published_time":"2020-11-12T07:55:17+00:00","article_modified_time":"2020-11-12T07:55:20+00:00","og_image":[{"width":720,"height":360,"url":"https:\/\/storage.googleapis.com\/smartphoto-express-production-wp-blogs-com\/11\/2020\/10\/Bild-1-1.jpg","type":"image\/jpeg"}],"author":"admin","twitter_card":"summary_large_image","twitter_misc":{"Written by":"admin","Est. reading time":"4 minutes"},"schema":{"@context":"https:\/\/schema.org","@graph":[{"@type":"WebPage","@id":"\/blogg\/fotokalender-diy","url":"https:\/\/www.smartphoto.se\/blogg\/fotokalender-diy","name":"DIY VIDEO - S\u00e5 g\u00f6r du en modern fotokalender - Pysselminuten","isPartOf":{"@id":"https:\/\/www.smartphoto.se\/blogg\/#website"},"primaryImageOfPage":{"@id":"https:\/\/www.smartphoto.se\/blogg\/fotokalender-diy#primaryimage"},"image":{"@id":"https:\/\/www.smartphoto.se\/blogg\/fotokalender-diy#primaryimage"},"thumbnailUrl":"https:\/\/storage.googleapis.com\/smartphoto-express-production-wp-blogs-com\/11\/2020\/10\/Bild-1-1.jpg","datePublished":"2020-11-12T07:55:17+00:00","dateModified":"2020-11-12T07:55:20+00:00","author":{"@id":"https:\/\/www.smartphoto.se\/blogg\/#\/schema\/person\/c256b3f50ae468ee69f4b486108c797b"},"description":"Skapa en modern fotokalender med hj\u00e4lp av detta enkla DIY. Titta p\u00e5 videon eller f\u00f6lj v\u00e5r enkla steg-f\u00f6r-steg guide f\u00f6r att veta hur du g\u00f6r!","breadcrumb":{"@id":"https:\/\/www.smartphoto.se\/blogg\/fotokalender-diy#breadcrumb"},"inLanguage":"sv-SE","potentialAction":[{"@type":"ReadAction","target":["https:\/\/www.smartphoto.se\/blogg\/fotokalender-diy"]}]},{"@type":"ImageObject","inLanguage":"sv-SE","@id":"https:\/\/www.smartphoto.se\/blogg\/fotokalender-diy#primaryimage","url":"https:\/\/storage.googleapis.com\/smartphoto-express-production-wp-blogs-com\/11\/2020\/10\/Bild-1-1.jpg","contentUrl":"https:\/\/storage.googleapis.com\/smartphoto-express-production-wp-blogs-com\/11\/2020\/10\/Bild-1-1.jpg","width":720,"height":360,"caption":"Video - Fotokalender med egna bilder"},{"@type":"BreadcrumbList","@id":"https:\/\/www.smartphoto.se\/blogg\/fotokalender-diy#breadcrumb","itemListElement":[{"@type":"ListItem","position":1,"name":"Home","item":"\/blogg\/"},{"@type":"ListItem","position":2,"name":"DIY VIDEO &#8211; S\u00e5 g\u00f6r du en modern fotokalender!"}]},{"@type":"WebSite","@id":"https:\/\/www.smartphoto.se\/blogg\/#website","url":"https:\/\/www.smartphoto.se\/blogg\/","name":"smartphotoblogg Inspiration \u2013 Fototips \u2013 DIY","description":"smartphotoblogg Inspiration \u2013 Fototips \u2013 DIY","potentialAction":[{"@type":"SearchAction","target":{"@type":"EntryPoint","urlTemplate":"https:\/\/www.smartphoto.se\/blogg\/?s={search_term_string}"},"query-input":{"@type":"PropertyValueSpecification","valueRequired":true,"valueName":"search_term_string"}}],"inLanguage":"sv-SE"},{"@type":"Person","@id":"https:\/\/www.smartphoto.se\/blogg\/#\/schema\/person\/c256b3f50ae468ee69f4b486108c797b","name":"admin","image":{"@type":"ImageObject","inLanguage":"sv-SE","@id":"https:\/\/www.smartphoto.se\/blogg\/#\/schema\/person\/image\/","url":"https:\/\/secure.gravatar.com\/avatar\/8f9488249a21b1f2cc85dc7982dc95c4?s=96&d=mm&r=g","contentUrl":"https:\/\/secure.gravatar.com\/avatar\/8f9488249a21b1f2cc85dc7982dc95c4?s=96&d=mm&r=g","caption":"admin"},"url":"https:\/\/www.smartphoto.se\/blogg\/author\/admin"}]}},"_links":{"self":[{"href":"https:\/\/www.smartphoto.se\/blogg\/wp-json\/wp\/v2\/posts\/8208","targetHints":{"allow":["GET"]}}],"collection":[{"href":"https:\/\/www.smartphoto.se\/blogg\/wp-json\/wp\/v2\/posts"}],"about":[{"href":"https:\/\/www.smartphoto.se\/blogg\/wp-json\/wp\/v2\/types\/post"}],"author":[{"embeddable":true,"href":"https:\/\/www.smartphoto.se\/blogg\/wp-json\/wp\/v2\/users\/1"}],"replies":[{"embeddable":true,"href":"https:\/\/www.smartphoto.se\/blogg\/wp-json\/wp\/v2\/comments?post=8208"}],"version-history":[{"count":16,"href":"https:\/\/www.smartphoto.se\/blogg\/wp-json\/wp\/v2\/posts\/8208\/revisions"}],"predecessor-version":[{"id":8387,"href":"https:\/\/www.smartphoto.se\/blogg\/wp-json\/wp\/v2\/posts\/8208\/revisions\/8387"}],"wp:featuredmedia":[{"embeddable":true,"href":"https:\/\/www.smartphoto.se\/blogg\/wp-json\/wp\/v2\/media\/8215"}],"wp:attachment":[{"href":"https:\/\/www.smartphoto.se\/blogg\/wp-json\/wp\/v2\/media?parent=8208"}],"wp:term":[{"taxonomy":"category","embeddable":true,"href":"https:\/\/www.smartphoto.se\/blogg\/wp-json\/wp\/v2\/categories?post=8208"},{"taxonomy":"post_tag","embeddable":true,"href":"https:\/\/www.smartphoto.se\/blogg\/wp-json\/wp\/v2\/tags?post=8208"}],"curies":[{"name":"wp","href":"https:\/\/api.w.org\/{rel}","templated":true}]}}