{"id":7796,"date":"2020-06-15T09:32:38","date_gmt":"2020-06-15T07:32:38","guid":{"rendered":"\/blogg\/?p=7796"},"modified":"2020-10-20T14:09:11","modified_gmt":"2020-10-20T12:09:11","slug":"sa-forgyller-du-sommarens-sma-fester","status":"publish","type":"post","link":"https:\/\/www.smartphoto.se\/blogg\/sa-forgyller-du-sommarens-sma-fester","title":{"rendered":"\ud83c\udf53 S\u00e5 f\u00f6rgyller du sommarens sm\u00e5 fester"},"content":{"rendered":"\n<p>Vill du pynta och duka extra fint till sommarens festligheter? Om du ska ha en liten bjudning eller middag med n\u00e4rmsta familjen eller v\u00e4nnerna kan du g\u00e5 all-in med festpynt och personliga bordsdekorationer!<\/p>\n\n\n\n<h3 class=\"wp-block-heading\">Inbjudningskort <\/h3>\n\n\n\n<div class=\"wp-block-media-text alignwide\"><figure class=\"wp-block-media-text__media\"><img loading=\"lazy\" decoding=\"async\" width=\"360\" height=\"360\" src=\"https:\/\/storage.googleapis.com\/smartphoto-express-production-wp-blogs-com\/11\/2020\/06\/v24_summer_cards_360x360.jpg\" alt=\"Inbjudningskort\" class=\"wp-image-7803\" srcset=\"https:\/\/storage.googleapis.com\/smartphoto-express-production-wp-blogs-com\/11\/2020\/06\/v24_summer_cards_360x360.jpg 360w, https:\/\/storage.googleapis.com\/smartphoto-express-production-wp-blogs-com\/11\/2020\/06\/v24_summer_cards_360x360-300x300.jpg 300w, https:\/\/storage.googleapis.com\/smartphoto-express-production-wp-blogs-com\/11\/2020\/06\/v24_summer_cards_360x360-150x150.jpg 150w\" sizes=\"auto, (max-width: 360px) 100vw, 360px\" \/><\/figure><div class=\"wp-block-media-text__content\">\n<p>Kom ih\u00e5g att skicka personliga <a href=\"https:\/\/www.smartphoto.se\/produkter\/designselection.aspx?pcg=cards.large&amp;purpose=invitation\">inbjudningskort<\/a> till g\u00e4sterna. <br><br>V\u00e4lj mellan en m\u00e4ngd olika format, storlekar och designs! <\/p>\n<\/div><\/div>\n\n\n\n<h3 class=\"wp-block-heading\"><br>Vimplar<\/h3>\n\n\n\n<div class=\"wp-block-media-text alignwide has-media-on-the-right\"><figure class=\"wp-block-media-text__media\"><img loading=\"lazy\" decoding=\"async\" width=\"360\" height=\"360\" src=\"https:\/\/storage.googleapis.com\/smartphoto-express-production-wp-blogs-com\/11\/2020\/06\/v24_summer_partyflags_360x360.jpg\" alt=\"Vimplar\" class=\"wp-image-7807\" srcset=\"https:\/\/storage.googleapis.com\/smartphoto-express-production-wp-blogs-com\/11\/2020\/06\/v24_summer_partyflags_360x360.jpg 360w, https:\/\/storage.googleapis.com\/smartphoto-express-production-wp-blogs-com\/11\/2020\/06\/v24_summer_partyflags_360x360-300x300.jpg 300w, https:\/\/storage.googleapis.com\/smartphoto-express-production-wp-blogs-com\/11\/2020\/06\/v24_summer_partyflags_360x360-150x150.jpg 150w\" sizes=\"auto, (max-width: 360px) 100vw, 360px\" \/><\/figure><div class=\"wp-block-media-text__content\">\n<p>H\u00e4ng <a href=\"https:\/\/www.smartphoto.se\/fotopresenter\/vimplar\">vimplar<\/a> med somriga motiv ovanf\u00f6r bordet &#8211; en sj\u00e4lvklar detalj till festen. <\/p>\n<\/div><\/div>\n\n\n\n<h3 class=\"wp-block-heading\"><br>Flasketiketter <\/h3>\n\n\n\n<div class=\"wp-block-media-text alignwide\"><figure class=\"wp-block-media-text__media\"><img loading=\"lazy\" decoding=\"async\" width=\"360\" height=\"360\" src=\"https:\/\/storage.googleapis.com\/smartphoto-express-production-wp-blogs-com\/11\/2020\/06\/v24_summer_bottle-lable360x360.jpg\" alt=\"Flasketiketter\" class=\"wp-image-7800\" srcset=\"https:\/\/storage.googleapis.com\/smartphoto-express-production-wp-blogs-com\/11\/2020\/06\/v24_summer_bottle-lable360x360.jpg 360w, https:\/\/storage.googleapis.com\/smartphoto-express-production-wp-blogs-com\/11\/2020\/06\/v24_summer_bottle-lable360x360-300x300.jpg 300w, https:\/\/storage.googleapis.com\/smartphoto-express-production-wp-blogs-com\/11\/2020\/06\/v24_summer_bottle-lable360x360-150x150.jpg 150w\" sizes=\"auto, (max-width: 360px) 100vw, 360px\" \/><\/figure><div class=\"wp-block-media-text__content\">\n<p>G\u00f6r en personlig sommardukning med egengjorda <a href=\"https:\/\/www.smartphoto.se\/fotopresenter\/flasketikett\">etiketter<\/a> p\u00e5 flaskorna. <\/p>\n<\/div><\/div>\n\n\n\n<h3 class=\"wp-block-heading\"><br>Servettringar <\/h3>\n\n\n\n<div class=\"wp-block-media-text alignwide has-media-on-the-right\"><figure class=\"wp-block-media-text__media\"><img loading=\"lazy\" decoding=\"async\" width=\"360\" height=\"360\" src=\"https:\/\/storage.googleapis.com\/smartphoto-express-production-wp-blogs-com\/11\/2020\/06\/v24_summer_servettring-360x360-1.jpg\" alt=\"Servettringar\" class=\"wp-image-7808\" srcset=\"https:\/\/storage.googleapis.com\/smartphoto-express-production-wp-blogs-com\/11\/2020\/06\/v24_summer_servettring-360x360-1.jpg 360w, https:\/\/storage.googleapis.com\/smartphoto-express-production-wp-blogs-com\/11\/2020\/06\/v24_summer_servettring-360x360-1-300x300.jpg 300w, https:\/\/storage.googleapis.com\/smartphoto-express-production-wp-blogs-com\/11\/2020\/06\/v24_summer_servettring-360x360-1-150x150.jpg 150w\" sizes=\"auto, (max-width: 360px) 100vw, 360px\" \/><\/figure><div class=\"wp-block-media-text__content\">\n<p>Dekorera fint p\u00e5 varje plats med <a href=\"https:\/\/www.smartphoto.se\/fotopresenter\/servettringar\">servettringar<\/a>. <br><br>F\u00e4st g\u00e4rna en liten blomma eller kvist i ringen. <\/p>\n<\/div><\/div>\n\n\n\n<h3 class=\"wp-block-heading\"><br>Glasunderl\u00e4gg i tr\u00e4 <\/h3>\n\n\n\n<div class=\"wp-block-media-text alignwide\"><figure class=\"wp-block-media-text__media\"><img loading=\"lazy\" decoding=\"async\" width=\"360\" height=\"360\" src=\"https:\/\/storage.googleapis.com\/smartphoto-express-production-wp-blogs-com\/11\/2020\/06\/v24_summer_coaster_360x360.jpg\" alt=\"Glasunderl\u00e4gg i tr\u00e4\" class=\"wp-image-7804\" srcset=\"https:\/\/storage.googleapis.com\/smartphoto-express-production-wp-blogs-com\/11\/2020\/06\/v24_summer_coaster_360x360.jpg 360w, https:\/\/storage.googleapis.com\/smartphoto-express-production-wp-blogs-com\/11\/2020\/06\/v24_summer_coaster_360x360-300x300.jpg 300w, https:\/\/storage.googleapis.com\/smartphoto-express-production-wp-blogs-com\/11\/2020\/06\/v24_summer_coaster_360x360-150x150.jpg 150w\" sizes=\"auto, (max-width: 360px) 100vw, 360px\" \/><\/figure><div class=\"wp-block-media-text__content\">\n<p>L\u00e5t varje g\u00e4st f\u00e5 ett eget <a href=\"https:\/\/www.smartphoto.se\/fotopresenter\/glasunderlagg-i-tra\">underl\u00e4gg<\/a> med sin bild eller sitt namn p\u00e5! <\/p>\n<\/div><\/div>\n\n\n\n<h3 class=\"wp-block-heading\"><br>Karaff med gravyr <\/h3>\n\n\n\n<div class=\"wp-block-media-text alignwide has-media-on-the-right\"><figure class=\"wp-block-media-text__media\"><img loading=\"lazy\" decoding=\"async\" width=\"360\" height=\"360\" src=\"https:\/\/storage.googleapis.com\/smartphoto-express-production-wp-blogs-com\/11\/2020\/06\/v24_summer_karaff_360x360.jpg\" alt=\"Karaff med gravyr\" class=\"wp-image-7806\" srcset=\"https:\/\/storage.googleapis.com\/smartphoto-express-production-wp-blogs-com\/11\/2020\/06\/v24_summer_karaff_360x360.jpg 360w, https:\/\/storage.googleapis.com\/smartphoto-express-production-wp-blogs-com\/11\/2020\/06\/v24_summer_karaff_360x360-300x300.jpg 300w, https:\/\/storage.googleapis.com\/smartphoto-express-production-wp-blogs-com\/11\/2020\/06\/v24_summer_karaff_360x360-150x150.jpg 150w\" sizes=\"auto, (max-width: 360px) 100vw, 360px\" \/><\/figure><div class=\"wp-block-media-text__content\">\n<p>Duka extra personligt med en snygg, <a href=\"https:\/\/www.smartphoto.se\/fotopresenter\/karaff-med-personlig-gravyr\">graverad karaff<\/a> p\u00e5 bordet.<\/p>\n<\/div><\/div>\n\n\n\n<h3 class=\"wp-block-heading\"><br>Godisp\u00e5se DIY <\/h3>\n\n\n\n<div class=\"wp-block-media-text alignwide\"><figure class=\"wp-block-media-text__media\"><img loading=\"lazy\" decoding=\"async\" width=\"360\" height=\"360\" src=\"https:\/\/storage.googleapis.com\/smartphoto-express-production-wp-blogs-com\/11\/2020\/06\/v24_summer_godispase_360x360.jpg\" alt=\"Godisp\u00e5se DIY\" class=\"wp-image-7805\" srcset=\"https:\/\/storage.googleapis.com\/smartphoto-express-production-wp-blogs-com\/11\/2020\/06\/v24_summer_godispase_360x360.jpg 360w, https:\/\/storage.googleapis.com\/smartphoto-express-production-wp-blogs-com\/11\/2020\/06\/v24_summer_godispase_360x360-300x300.jpg 300w, https:\/\/storage.googleapis.com\/smartphoto-express-production-wp-blogs-com\/11\/2020\/06\/v24_summer_godispase_360x360-150x150.jpg 150w\" sizes=\"auto, (max-width: 360px) 100vw, 360px\" \/><\/figure><div class=\"wp-block-media-text__content\">\n<p>Skapa sm\u00e5 <a href=\"https:\/\/www.smartphoto.se\/fotopresenter\/godispase-diy\">s\u00f6ta g\u00e5vor<\/a> till alla g\u00e4ster som tack f\u00f6r att de ville komma och f\u00f6rgylla festen. <\/p>\n<\/div><\/div>\n\n\n\n<h2 class=\"wp-block-heading\"><br>Spara era fina minnen! &lt;3<\/h2>\n\n\n\n<h3 class=\"wp-block-heading\">Fotob\u00f6cker <\/h3>\n\n\n\n<div class=\"wp-block-media-text alignwide\"><figure class=\"wp-block-media-text__media\"><img loading=\"lazy\" decoding=\"async\" width=\"360\" height=\"360\" src=\"https:\/\/storage.googleapis.com\/smartphoto-express-production-wp-blogs-com\/11\/2020\/06\/v24_summer_books_360x360.jpg\" alt=\"Fotob\u00f6cker\" class=\"wp-image-7799\" srcset=\"https:\/\/storage.googleapis.com\/smartphoto-express-production-wp-blogs-com\/11\/2020\/06\/v24_summer_books_360x360.jpg 360w, https:\/\/storage.googleapis.com\/smartphoto-express-production-wp-blogs-com\/11\/2020\/06\/v24_summer_books_360x360-300x300.jpg 300w, https:\/\/storage.googleapis.com\/smartphoto-express-production-wp-blogs-com\/11\/2020\/06\/v24_summer_books_360x360-150x150.jpg 150w\" sizes=\"auto, (max-width: 360px) 100vw, 360px\" \/><\/figure><div class=\"wp-block-media-text__content\">\n<p>Ta dig tiden att s\u00e4tta ihop en egen <a href=\"https:\/\/www.smartphoto.se\/fotobok\">fotobok<\/a> av alla h\u00e4rliga bilder fr\u00e5n festen. Det \u00e4r enklare \u00e4n du tror!  <br><br>Testa redan idag &#8211; du kommer inte att \u00e5ngra dig \ud83d\ude42 <\/p>\n<\/div><\/div>\n\n\n\n<h3 class=\"wp-block-heading\"><br>Canvastavlor <\/h3>\n\n\n\n<div class=\"wp-block-media-text alignwide has-media-on-the-right\"><figure class=\"wp-block-media-text__media\"><img loading=\"lazy\" decoding=\"async\" width=\"360\" height=\"360\" src=\"https:\/\/storage.googleapis.com\/smartphoto-express-production-wp-blogs-com\/11\/2020\/06\/v24_summer_canvas_360x360.jpg\" alt=\"Canvastavlor\" class=\"wp-image-7802\" srcset=\"https:\/\/storage.googleapis.com\/smartphoto-express-production-wp-blogs-com\/11\/2020\/06\/v24_summer_canvas_360x360.jpg 360w, https:\/\/storage.googleapis.com\/smartphoto-express-production-wp-blogs-com\/11\/2020\/06\/v24_summer_canvas_360x360-300x300.jpg 300w, https:\/\/storage.googleapis.com\/smartphoto-express-production-wp-blogs-com\/11\/2020\/06\/v24_summer_canvas_360x360-150x150.jpg 150w\" sizes=\"auto, (max-width: 360px) 100vw, 360px\" \/><\/figure><div class=\"wp-block-media-text__content\">\n<p>\u00c4ven mindre bjudningar kan skapa fantastiska minnen. <br><br>F\u00f6reviga de roligaste stunderna med familj och v\u00e4nner och <a href=\"https:\/\/www.smartphoto.se\/canvas-vaggdekoration\/foto-pa-canvas\">njut av minnena<\/a> under en l\u00e5ng tid fram\u00f6ver! <\/p>\n<\/div><\/div>\n","protected":false},"excerpt":{"rendered":"<p>Vill du pynta och duka extra fint till sommarens festligheter? Om du ska ha en liten bjudning eller middag med n\u00e4rmsta familjen eller v\u00e4nnerna kan du g\u00e5 all-in med festpynt och personliga bordsdekorationer! Inbjudningskort Kom ih\u00e5g att skicka personliga inbjudningskort till g\u00e4sterna. V\u00e4lj mellan en m\u00e4ngd olika format, storlekar och designs! Vimplar H\u00e4ng vimplar med somriga motiv ovanf\u00f6r bordet &#8211; en sj\u00e4lvklar detalj till festen. Flasketiketter G\u00f6r en personlig sommardukning med egengjorda etiketter p\u00e5 flaskorna. Servettringar Dekorera fint p\u00e5 varje plats med servettringar. F\u00e4st g\u00e4rna en liten blomma eller kvist i ringen. Glasunderl\u00e4gg i tr\u00e4 L\u00e5t varje g\u00e4st f\u00e5 ett<\/p>\n","protected":false},"author":1,"featured_media":7798,"comment_status":"open","ping_status":"open","sticky":false,"template":"","format":"standard","meta":{"om_disable_all_campaigns":false,"_monsterinsights_skip_tracking":false,"_monsterinsights_sitenote_active":false,"_monsterinsights_sitenote_note":"","_monsterinsights_sitenote_category":0,"footnotes":""},"categories":[4,5],"tags":[76,63],"class_list":["post-7796","post","type-post","status-publish","format-standard","has-post-thumbnail","hentry","category-inredning-dekoration","category-insperation","tag-dekoration","tag-fest"],"yoast_head":"<!-- This site is optimized with the Yoast SEO plugin v23.8 - https:\/\/yoast.com\/wordpress\/plugins\/seo\/ -->\n<title>S\u00e5 f\u00f6rgyller du sommarens sm\u00e5 fester | Smartphoto<\/title>\n<meta name=\"description\" content=\"Vill du pynta och duka extra fint till sommarens festligheter? Om du ska ha en liten bjudning eller middag med n\u00e4rmsta familjen eller v\u00e4nnerna kan du g\u00e5 all-in med festpynt och personliga bordsdekorationer!\" \/>\n<meta name=\"robots\" content=\"index, follow, max-snippet:-1, max-image-preview:large, max-video-preview:-1\" \/>\n<link rel=\"canonical\" href=\"https:\/\/www.smartphoto.se\/blogg\/sa-forgyller-du-sommarens-sma-fester\" \/>\n<meta property=\"og:locale\" content=\"sv_SE\" \/>\n<meta property=\"og:type\" content=\"article\" \/>\n<meta property=\"og:title\" content=\"S\u00e5 f\u00f6rgyller du sommarens sm\u00e5 fester | Smartphoto\" \/>\n<meta property=\"og:description\" content=\"Vill du pynta och duka extra fint till sommarens festligheter? Om du ska ha en liten bjudning eller middag med n\u00e4rmsta familjen eller v\u00e4nnerna kan du g\u00e5 all-in med festpynt och personliga bordsdekorationer!\" \/>\n<meta property=\"og:url\" content=\"\/blogg\/sa-forgyller-du-sommarens-sma-fester\" \/>\n<meta property=\"og:site_name\" content=\"smartphotoblogg Inspiration \u2013 Fototips \u2013 DIY\" \/>\n<meta property=\"article:publisher\" content=\"https:\/\/www.facebook.com\/smartphotose\" \/>\n<meta property=\"article:published_time\" content=\"2020-06-15T07:32:38+00:00\" \/>\n<meta property=\"article:modified_time\" content=\"2020-10-20T12:09:11+00:00\" \/>\n<meta property=\"og:image\" content=\"https:\/\/storage.googleapis.com\/smartphoto-express-production-wp-blogs-com\/11\/2020\/06\/v24_summer_720x360.jpg\" \/>\n\t<meta property=\"og:image:width\" content=\"720\" \/>\n\t<meta property=\"og:image:height\" content=\"360\" \/>\n\t<meta property=\"og:image:type\" content=\"image\/jpeg\" \/>\n<meta name=\"author\" content=\"admin\" \/>\n<meta name=\"twitter:card\" content=\"summary_large_image\" \/>\n<meta name=\"twitter:label1\" content=\"Written by\" \/>\n\t<meta name=\"twitter:data1\" content=\"admin\" \/>\n\t<meta name=\"twitter:label2\" content=\"Est. reading time\" \/>\n\t<meta name=\"twitter:data2\" content=\"1 minute\" \/>\n<script type=\"application\/ld+json\" class=\"yoast-schema-graph\">{\"@context\":\"https:\/\/schema.org\",\"@graph\":[{\"@type\":\"WebPage\",\"@id\":\"\/blogg\/sa-forgyller-du-sommarens-sma-fester\",\"url\":\"https:\/\/www.smartphoto.se\/blogg\/sa-forgyller-du-sommarens-sma-fester\",\"name\":\"S\u00e5 f\u00f6rgyller du sommarens sm\u00e5 fester | Smartphoto\",\"isPartOf\":{\"@id\":\"https:\/\/www.smartphoto.se\/blogg\/#website\"},\"primaryImageOfPage\":{\"@id\":\"https:\/\/www.smartphoto.se\/blogg\/sa-forgyller-du-sommarens-sma-fester#primaryimage\"},\"image\":{\"@id\":\"https:\/\/www.smartphoto.se\/blogg\/sa-forgyller-du-sommarens-sma-fester#primaryimage\"},\"thumbnailUrl\":\"https:\/\/storage.googleapis.com\/smartphoto-express-production-wp-blogs-com\/11\/2020\/06\/v24_summer_720x360.jpg\",\"datePublished\":\"2020-06-15T07:32:38+00:00\",\"dateModified\":\"2020-10-20T12:09:11+00:00\",\"author\":{\"@id\":\"https:\/\/www.smartphoto.se\/blogg\/#\/schema\/person\/c256b3f50ae468ee69f4b486108c797b\"},\"description\":\"Vill du pynta och duka extra fint till sommarens festligheter? Om du ska ha en liten bjudning eller middag med n\u00e4rmsta familjen eller v\u00e4nnerna kan du g\u00e5 all-in med festpynt och personliga bordsdekorationer!\",\"breadcrumb\":{\"@id\":\"https:\/\/www.smartphoto.se\/blogg\/sa-forgyller-du-sommarens-sma-fester#breadcrumb\"},\"inLanguage\":\"sv-SE\",\"potentialAction\":[{\"@type\":\"ReadAction\",\"target\":[\"https:\/\/www.smartphoto.se\/blogg\/sa-forgyller-du-sommarens-sma-fester\"]}]},{\"@type\":\"ImageObject\",\"inLanguage\":\"sv-SE\",\"@id\":\"https:\/\/www.smartphoto.se\/blogg\/sa-forgyller-du-sommarens-sma-fester#primaryimage\",\"url\":\"https:\/\/storage.googleapis.com\/smartphoto-express-production-wp-blogs-com\/11\/2020\/06\/v24_summer_720x360.jpg\",\"contentUrl\":\"https:\/\/storage.googleapis.com\/smartphoto-express-production-wp-blogs-com\/11\/2020\/06\/v24_summer_720x360.jpg\",\"width\":720,\"height\":360,\"caption\":\"F\u00f6rgyll sommarens sm\u00e5 fester\"},{\"@type\":\"BreadcrumbList\",\"@id\":\"https:\/\/www.smartphoto.se\/blogg\/sa-forgyller-du-sommarens-sma-fester#breadcrumb\",\"itemListElement\":[{\"@type\":\"ListItem\",\"position\":1,\"name\":\"Home\",\"item\":\"\/blogg\/\"},{\"@type\":\"ListItem\",\"position\":2,\"name\":\"\ud83c\udf53 S\u00e5 f\u00f6rgyller du sommarens sm\u00e5 fester\"}]},{\"@type\":\"WebSite\",\"@id\":\"https:\/\/www.smartphoto.se\/blogg\/#website\",\"url\":\"https:\/\/www.smartphoto.se\/blogg\/\",\"name\":\"smartphotoblogg Inspiration \u2013 Fototips \u2013 DIY\",\"description\":\"smartphotoblogg Inspiration \u2013 Fototips \u2013 DIY\",\"potentialAction\":[{\"@type\":\"SearchAction\",\"target\":{\"@type\":\"EntryPoint\",\"urlTemplate\":\"https:\/\/www.smartphoto.se\/blogg\/?s={search_term_string}\"},\"query-input\":{\"@type\":\"PropertyValueSpecification\",\"valueRequired\":true,\"valueName\":\"search_term_string\"}}],\"inLanguage\":\"sv-SE\"},{\"@type\":\"Person\",\"@id\":\"https:\/\/www.smartphoto.se\/blogg\/#\/schema\/person\/c256b3f50ae468ee69f4b486108c797b\",\"name\":\"admin\",\"image\":{\"@type\":\"ImageObject\",\"inLanguage\":\"sv-SE\",\"@id\":\"https:\/\/www.smartphoto.se\/blogg\/#\/schema\/person\/image\/\",\"url\":\"https:\/\/secure.gravatar.com\/avatar\/8f9488249a21b1f2cc85dc7982dc95c4?s=96&d=mm&r=g\",\"contentUrl\":\"https:\/\/secure.gravatar.com\/avatar\/8f9488249a21b1f2cc85dc7982dc95c4?s=96&d=mm&r=g\",\"caption\":\"admin\"},\"url\":\"https:\/\/www.smartphoto.se\/blogg\/author\/admin\"}]}<\/script>\n<!-- \/ Yoast SEO plugin. -->","yoast_head_json":{"title":"S\u00e5 f\u00f6rgyller du sommarens sm\u00e5 fester | Smartphoto","description":"Vill du pynta och duka extra fint till sommarens festligheter? Om du ska ha en liten bjudning eller middag med n\u00e4rmsta familjen eller v\u00e4nnerna kan du g\u00e5 all-in med festpynt och personliga bordsdekorationer!","robots":{"index":"index","follow":"follow","max-snippet":"max-snippet:-1","max-image-preview":"max-image-preview:large","max-video-preview":"max-video-preview:-1"},"canonical":"https:\/\/www.smartphoto.se\/blogg\/sa-forgyller-du-sommarens-sma-fester","og_locale":"sv_SE","og_type":"article","og_title":"S\u00e5 f\u00f6rgyller du sommarens sm\u00e5 fester | Smartphoto","og_description":"Vill du pynta och duka extra fint till sommarens festligheter? Om du ska ha en liten bjudning eller middag med n\u00e4rmsta familjen eller v\u00e4nnerna kan du g\u00e5 all-in med festpynt och personliga bordsdekorationer!","og_url":"\/blogg\/sa-forgyller-du-sommarens-sma-fester","og_site_name":"smartphotoblogg Inspiration \u2013 Fototips \u2013 DIY","article_publisher":"https:\/\/www.facebook.com\/smartphotose","article_published_time":"2020-06-15T07:32:38+00:00","article_modified_time":"2020-10-20T12:09:11+00:00","og_image":[{"width":720,"height":360,"url":"https:\/\/storage.googleapis.com\/smartphoto-express-production-wp-blogs-com\/11\/2020\/06\/v24_summer_720x360.jpg","type":"image\/jpeg"}],"author":"admin","twitter_card":"summary_large_image","twitter_misc":{"Written by":"admin","Est. reading time":"1 minute"},"schema":{"@context":"https:\/\/schema.org","@graph":[{"@type":"WebPage","@id":"\/blogg\/sa-forgyller-du-sommarens-sma-fester","url":"https:\/\/www.smartphoto.se\/blogg\/sa-forgyller-du-sommarens-sma-fester","name":"S\u00e5 f\u00f6rgyller du sommarens sm\u00e5 fester | Smartphoto","isPartOf":{"@id":"https:\/\/www.smartphoto.se\/blogg\/#website"},"primaryImageOfPage":{"@id":"https:\/\/www.smartphoto.se\/blogg\/sa-forgyller-du-sommarens-sma-fester#primaryimage"},"image":{"@id":"https:\/\/www.smartphoto.se\/blogg\/sa-forgyller-du-sommarens-sma-fester#primaryimage"},"thumbnailUrl":"https:\/\/storage.googleapis.com\/smartphoto-express-production-wp-blogs-com\/11\/2020\/06\/v24_summer_720x360.jpg","datePublished":"2020-06-15T07:32:38+00:00","dateModified":"2020-10-20T12:09:11+00:00","author":{"@id":"https:\/\/www.smartphoto.se\/blogg\/#\/schema\/person\/c256b3f50ae468ee69f4b486108c797b"},"description":"Vill du pynta och duka extra fint till sommarens festligheter? Om du ska ha en liten bjudning eller middag med n\u00e4rmsta familjen eller v\u00e4nnerna kan du g\u00e5 all-in med festpynt och personliga bordsdekorationer!","breadcrumb":{"@id":"https:\/\/www.smartphoto.se\/blogg\/sa-forgyller-du-sommarens-sma-fester#breadcrumb"},"inLanguage":"sv-SE","potentialAction":[{"@type":"ReadAction","target":["https:\/\/www.smartphoto.se\/blogg\/sa-forgyller-du-sommarens-sma-fester"]}]},{"@type":"ImageObject","inLanguage":"sv-SE","@id":"https:\/\/www.smartphoto.se\/blogg\/sa-forgyller-du-sommarens-sma-fester#primaryimage","url":"https:\/\/storage.googleapis.com\/smartphoto-express-production-wp-blogs-com\/11\/2020\/06\/v24_summer_720x360.jpg","contentUrl":"https:\/\/storage.googleapis.com\/smartphoto-express-production-wp-blogs-com\/11\/2020\/06\/v24_summer_720x360.jpg","width":720,"height":360,"caption":"F\u00f6rgyll sommarens sm\u00e5 fester"},{"@type":"BreadcrumbList","@id":"https:\/\/www.smartphoto.se\/blogg\/sa-forgyller-du-sommarens-sma-fester#breadcrumb","itemListElement":[{"@type":"ListItem","position":1,"name":"Home","item":"\/blogg\/"},{"@type":"ListItem","position":2,"name":"\ud83c\udf53 S\u00e5 f\u00f6rgyller du sommarens sm\u00e5 fester"}]},{"@type":"WebSite","@id":"https:\/\/www.smartphoto.se\/blogg\/#website","url":"https:\/\/www.smartphoto.se\/blogg\/","name":"smartphotoblogg Inspiration \u2013 Fototips \u2013 DIY","description":"smartphotoblogg Inspiration \u2013 Fototips \u2013 DIY","potentialAction":[{"@type":"SearchAction","target":{"@type":"EntryPoint","urlTemplate":"https:\/\/www.smartphoto.se\/blogg\/?s={search_term_string}"},"query-input":{"@type":"PropertyValueSpecification","valueRequired":true,"valueName":"search_term_string"}}],"inLanguage":"sv-SE"},{"@type":"Person","@id":"https:\/\/www.smartphoto.se\/blogg\/#\/schema\/person\/c256b3f50ae468ee69f4b486108c797b","name":"admin","image":{"@type":"ImageObject","inLanguage":"sv-SE","@id":"https:\/\/www.smartphoto.se\/blogg\/#\/schema\/person\/image\/","url":"https:\/\/secure.gravatar.com\/avatar\/8f9488249a21b1f2cc85dc7982dc95c4?s=96&d=mm&r=g","contentUrl":"https:\/\/secure.gravatar.com\/avatar\/8f9488249a21b1f2cc85dc7982dc95c4?s=96&d=mm&r=g","caption":"admin"},"url":"https:\/\/www.smartphoto.se\/blogg\/author\/admin"}]}},"_links":{"self":[{"href":"https:\/\/www.smartphoto.se\/blogg\/wp-json\/wp\/v2\/posts\/7796","targetHints":{"allow":["GET"]}}],"collection":[{"href":"https:\/\/www.smartphoto.se\/blogg\/wp-json\/wp\/v2\/posts"}],"about":[{"href":"https:\/\/www.smartphoto.se\/blogg\/wp-json\/wp\/v2\/types\/post"}],"author":[{"embeddable":true,"href":"https:\/\/www.smartphoto.se\/blogg\/wp-json\/wp\/v2\/users\/1"}],"replies":[{"embeddable":true,"href":"https:\/\/www.smartphoto.se\/blogg\/wp-json\/wp\/v2\/comments?post=7796"}],"version-history":[{"count":5,"href":"https:\/\/www.smartphoto.se\/blogg\/wp-json\/wp\/v2\/posts\/7796\/revisions"}],"predecessor-version":[{"id":8314,"href":"https:\/\/www.smartphoto.se\/blogg\/wp-json\/wp\/v2\/posts\/7796\/revisions\/8314"}],"wp:featuredmedia":[{"embeddable":true,"href":"https:\/\/www.smartphoto.se\/blogg\/wp-json\/wp\/v2\/media\/7798"}],"wp:attachment":[{"href":"https:\/\/www.smartphoto.se\/blogg\/wp-json\/wp\/v2\/media?parent=7796"}],"wp:term":[{"taxonomy":"category","embeddable":true,"href":"https:\/\/www.smartphoto.se\/blogg\/wp-json\/wp\/v2\/categories?post=7796"},{"taxonomy":"post_tag","embeddable":true,"href":"https:\/\/www.smartphoto.se\/blogg\/wp-json\/wp\/v2\/tags?post=7796"}],"curies":[{"name":"wp","href":"https:\/\/api.w.org\/{rel}","templated":true}]}}