{"id":7351,"date":"2020-03-02T09:14:31","date_gmt":"2020-03-02T08:14:31","guid":{"rendered":"\/blogg\/?p=7351"},"modified":"2020-10-20T11:58:57","modified_gmt":"2020-10-20T09:58:57","slug":"gor_en_fotovagg","status":"publish","type":"post","link":"https:\/\/www.smartphoto.se\/blogg\/gor_en_fotovagg","title":{"rendered":"G\u00f6r en fotov\u00e4gg i ett nafs!"},"content":{"rendered":"\n<p>K\u00e4nns det lite kalt och trist efter att du st\u00e4dade ut julpyntet? F\u00f6rnya hemmet med sm\u00e5 enkla medel &#8211; utan kr\u00e5ngel. Genom att inreda med dina egna bilder f\u00e5r du direkt en personlig och mysig k\u00e4nsla i ditt hem! <br><\/p>\n\n\n\n<h3 class=\"wp-block-heading\"><br>Canvastavlor<\/h3>\n\n\n\n<div class=\"wp-block-media-text alignwide\"><figure class=\"wp-block-media-text__media\"><img loading=\"lazy\" decoding=\"async\" width=\"360\" height=\"360\" src=\"https:\/\/storage.googleapis.com\/smartphoto-express-production-wp-blogs-com\/11\/2020\/01\/v9_winter_canvas.jpg\" alt=\"Canvastavlor\" class=\"wp-image-7325\" srcset=\"https:\/\/storage.googleapis.com\/smartphoto-express-production-wp-blogs-com\/11\/2020\/01\/v9_winter_canvas.jpg 360w, https:\/\/storage.googleapis.com\/smartphoto-express-production-wp-blogs-com\/11\/2020\/01\/v9_winter_canvas-150x150.jpg 150w, https:\/\/storage.googleapis.com\/smartphoto-express-production-wp-blogs-com\/11\/2020\/01\/v9_winter_canvas-300x300.jpg 300w\" sizes=\"auto, (max-width: 360px) 100vw, 360px\" \/><\/figure><div class=\"wp-block-media-text__content\">\n<p>Piffar upp ditt hem p\u00e5 nolltid!<\/p>\n\n\n\n<p>Klassiska <a href=\"https:\/\/www.smartphoto.se\/canvas-vaggdekoration\/canvastavlor\">canvastavlor<\/a> som finns i en m\u00e4ngd olika storlekar och format &#8211; passar alla hem och de flesta pl\u00e5nb\u00f6cker. <\/p>\n<\/div><\/div>\n\n\n\n<h3 class=\"wp-block-heading\"><br>Canvas Deluxe<\/h3>\n\n\n\n<div class=\"wp-block-media-text alignwide has-media-on-the-right\"><figure class=\"wp-block-media-text__media\"><img loading=\"lazy\" decoding=\"async\" width=\"360\" height=\"360\" src=\"https:\/\/storage.googleapis.com\/smartphoto-express-production-wp-blogs-com\/11\/2020\/01\/v9_winter_canvas-deluxe.jpg\" alt=\"Canvas Deluxe\" class=\"wp-image-7327\" srcset=\"https:\/\/storage.googleapis.com\/smartphoto-express-production-wp-blogs-com\/11\/2020\/01\/v9_winter_canvas-deluxe.jpg 360w, https:\/\/storage.googleapis.com\/smartphoto-express-production-wp-blogs-com\/11\/2020\/01\/v9_winter_canvas-deluxe-150x150.jpg 150w, https:\/\/storage.googleapis.com\/smartphoto-express-production-wp-blogs-com\/11\/2020\/01\/v9_winter_canvas-deluxe-300x300.jpg 300w\" sizes=\"auto, (max-width: 360px) 100vw, 360px\" \/><\/figure><div class=\"wp-block-media-text__content\">\n<p><a href=\"https:\/\/www.smartphoto.se\/canvas-vaggdekoration\/canvas-deluxe\">Canvastavlor<\/a> med dubbelt s\u00e5 bred ram som den klassiska varianten. <br><br>Ett tips \u00e4r att blanda Canvas och Canvas Deluxe f\u00f6r att f\u00e5 ett mer levande och sp\u00e4nnande uttryck p\u00e5 din v\u00e4gg. <\/p>\n<\/div><\/div>\n\n\n\n<h3 class=\"wp-block-heading\"><br>Delad canvastavla <\/h3>\n\n\n\n<div class=\"wp-block-media-text alignwide\"><figure class=\"wp-block-media-text__media\"><img loading=\"lazy\" decoding=\"async\" width=\"360\" height=\"360\" src=\"https:\/\/storage.googleapis.com\/smartphoto-express-production-wp-blogs-com\/11\/2020\/01\/v9_winter_canvas-delad.jpg\" alt=\"Delad canvastavla\" class=\"wp-image-7326\" srcset=\"https:\/\/storage.googleapis.com\/smartphoto-express-production-wp-blogs-com\/11\/2020\/01\/v9_winter_canvas-delad.jpg 360w, https:\/\/storage.googleapis.com\/smartphoto-express-production-wp-blogs-com\/11\/2020\/01\/v9_winter_canvas-delad-150x150.jpg 150w, https:\/\/storage.googleapis.com\/smartphoto-express-production-wp-blogs-com\/11\/2020\/01\/v9_winter_canvas-delad-300x300.jpg 300w\" sizes=\"auto, (max-width: 360px) 100vw, 360px\" \/><\/figure><div class=\"wp-block-media-text__content\">\n<p>S\u00e5h\u00e4r fixar du en <a href=\"https:\/\/www.smartphoto.se\/canvas-vaggdekoration\/canvas-gallieri-delad\">fotov\u00e4gg<\/a> p\u00e5 ett kick! Du beh\u00f6ver bara en enda bild f\u00f6r att enkelt och snabbt f\u00f6rnya ditt hem. <br><br>Nu har du ingen urs\u00e4kt l\u00e4ngre! Fyll den d\u00e4r tomma v\u00e4ggen som skriker efter nya snygga tavlor! <\/p>\n<\/div><\/div>\n\n\n\n<h3 class=\"wp-block-heading\"><br>Canvas Galleri <\/h3>\n\n\n\n<div class=\"wp-block-media-text alignwide has-media-on-the-right\"><figure class=\"wp-block-media-text__media\"><img loading=\"lazy\" decoding=\"async\" width=\"360\" height=\"360\" src=\"https:\/\/storage.googleapis.com\/smartphoto-express-production-wp-blogs-com\/11\/2020\/01\/v9_winter_canvas-galleri.jpg\" alt=\"Canvas Galleri\" class=\"wp-image-7328\" srcset=\"https:\/\/storage.googleapis.com\/smartphoto-express-production-wp-blogs-com\/11\/2020\/01\/v9_winter_canvas-galleri.jpg 360w, https:\/\/storage.googleapis.com\/smartphoto-express-production-wp-blogs-com\/11\/2020\/01\/v9_winter_canvas-galleri-150x150.jpg 150w, https:\/\/storage.googleapis.com\/smartphoto-express-production-wp-blogs-com\/11\/2020\/01\/v9_winter_canvas-galleri-300x300.jpg 300w\" sizes=\"auto, (max-width: 360px) 100vw, 360px\" \/><\/figure><div class=\"wp-block-media-text__content\">\n<p><a href=\"https:\/\/www.smartphoto.se\/canvas-vaggdekoration\/canvas-galleri\">Canvas galleri<\/a> \u00e4r det perfekta formatet om du inte vill v\u00e4lja bara en bild, utan vill ha med flera foton i samma kollage. <br><br>V\u00e4lj ut olika bilder p\u00e5 barnen och visa upp det allra finste du har! <\/p>\n<\/div><\/div>\n\n\n\n<h3 class=\"wp-block-heading\"><br>Fotokalender tr\u00e4 <\/h3>\n\n\n\n<div class=\"wp-block-media-text alignwide\"><figure class=\"wp-block-media-text__media\"><img loading=\"lazy\" decoding=\"async\" width=\"360\" height=\"360\" src=\"https:\/\/storage.googleapis.com\/smartphoto-express-production-wp-blogs-com\/11\/2020\/01\/v9_winter_calendar.jpg\" alt=\"Fotokalender tr\u00e4\" class=\"wp-image-7324\" srcset=\"https:\/\/storage.googleapis.com\/smartphoto-express-production-wp-blogs-com\/11\/2020\/01\/v9_winter_calendar.jpg 360w, https:\/\/storage.googleapis.com\/smartphoto-express-production-wp-blogs-com\/11\/2020\/01\/v9_winter_calendar-150x150.jpg 150w, https:\/\/storage.googleapis.com\/smartphoto-express-production-wp-blogs-com\/11\/2020\/01\/v9_winter_calendar-300x300.jpg 300w\" sizes=\"auto, (max-width: 360px) 100vw, 360px\" \/><\/figure><div class=\"wp-block-media-text__content\">\n<p>Dekorera med din <a href=\"https:\/\/www.smartphoto.se\/fotokalendrar-agendor\/bordskalender\">kalender<\/a> och g\u00f6r den till en del av inredningen. <br><br>N\u00e4r \u00e5ret \u00e4r slut kan du dessutom \u00e5teranv\u00e4nda tr\u00e4blocket som en fotoh\u00e5llare till andra bilder! <\/p>\n<\/div><\/div>\n\n\n\n<h3 class=\"wp-block-heading\"><br>Fotob\u00f6cker <\/h3>\n\n\n\n<div class=\"wp-block-media-text alignwide has-media-on-the-right\"><figure class=\"wp-block-media-text__media\"><img loading=\"lazy\" decoding=\"async\" width=\"360\" height=\"360\" src=\"https:\/\/storage.googleapis.com\/smartphoto-express-production-wp-blogs-com\/11\/2020\/01\/v9_winter_books.jpg\" alt=\"Fotob\u00f6cker\" class=\"wp-image-7322\" srcset=\"https:\/\/storage.googleapis.com\/smartphoto-express-production-wp-blogs-com\/11\/2020\/01\/v9_winter_books.jpg 360w, https:\/\/storage.googleapis.com\/smartphoto-express-production-wp-blogs-com\/11\/2020\/01\/v9_winter_books-150x150.jpg 150w, https:\/\/storage.googleapis.com\/smartphoto-express-production-wp-blogs-com\/11\/2020\/01\/v9_winter_books-300x300.jpg 300w\" sizes=\"auto, (max-width: 360px) 100vw, 360px\" \/><\/figure><div class=\"wp-block-media-text__content\">\n<p>G\u00f6r din egen coffee table book! <br><br>L\u00e5t din <a href=\"https:\/\/www.smartphoto.se\/fotobok\">fotobok<\/a> fungera som en inredningsdetalj. Snygga fotob\u00f6cker f\u00e5r g\u00e4rna ligga framme p\u00e5 soffbordet, hyllan eller byr\u00e5n. Sl\u00e4kt och v\u00e4nner som kommer p\u00e5 bes\u00f6k kan nu enkelt ta del av dina fantastiska minnen! <\/p>\n<\/div><\/div>\n\n\n\n<h3 class=\"wp-block-heading\"> <br>Fler tips att f\u00f6rnya hemmet! <\/h3>\n\n\n\n<figure class=\"wp-block-image\"><img loading=\"lazy\" decoding=\"async\" width=\"720\" height=\"360\" src=\"https:\/\/storage.googleapis.com\/smartphoto-express-production-wp-blogs-com\/11\/2020\/01\/v9_winter_C2.jpg\" alt=\"Fler tips att f\u00f6rnya hemmet!\" class=\"wp-image-7323\" srcset=\"https:\/\/storage.googleapis.com\/smartphoto-express-production-wp-blogs-com\/11\/2020\/01\/v9_winter_C2.jpg 720w, https:\/\/storage.googleapis.com\/smartphoto-express-production-wp-blogs-com\/11\/2020\/01\/v9_winter_C2-300x150.jpg 300w\" sizes=\"auto, (max-width: 720px) 100vw, 720px\" \/><\/figure>\n\n\n\n<h3 class=\"wp-block-heading\"><br>Kuddar med foto <\/h3>\n\n\n\n<div class=\"wp-block-media-text alignwide\"><figure class=\"wp-block-media-text__media\"><img loading=\"lazy\" decoding=\"async\" width=\"360\" height=\"360\" src=\"https:\/\/storage.googleapis.com\/smartphoto-express-production-wp-blogs-com\/11\/2020\/01\/v9_winter_kudde.jpg\" alt=\"Kuddar med foto\" class=\"wp-image-7331\" srcset=\"https:\/\/storage.googleapis.com\/smartphoto-express-production-wp-blogs-com\/11\/2020\/01\/v9_winter_kudde.jpg 360w, https:\/\/storage.googleapis.com\/smartphoto-express-production-wp-blogs-com\/11\/2020\/01\/v9_winter_kudde-150x150.jpg 150w, https:\/\/storage.googleapis.com\/smartphoto-express-production-wp-blogs-com\/11\/2020\/01\/v9_winter_kudde-300x300.jpg 300w\" sizes=\"auto, (max-width: 360px) 100vw, 360px\" \/><\/figure><div class=\"wp-block-media-text__content\">\n<p>Ett enkelt och prisv\u00e4rt s\u00e4tt att f\u00e5 en helt <a href=\"https:\/\/www.smartphoto.se\/fotopresenter\/textil\/kudde-med-foto\">ny k\u00e4nsla i rummet<\/a>! <\/p>\n<\/div><\/div>\n\n\n\n<h3 class=\"wp-block-heading\"><br>Badrumsset <\/h3>\n\n\n\n<div class=\"wp-block-media-text alignwide has-media-on-the-right\"><figure class=\"wp-block-media-text__media\"><img loading=\"lazy\" decoding=\"async\" width=\"360\" height=\"360\" src=\"https:\/\/storage.googleapis.com\/smartphoto-express-production-wp-blogs-com\/11\/2020\/01\/v9_winter_badrumsset.jpg\" alt=\"Badrumsset\" class=\"wp-image-7321\" srcset=\"https:\/\/storage.googleapis.com\/smartphoto-express-production-wp-blogs-com\/11\/2020\/01\/v9_winter_badrumsset.jpg 360w, https:\/\/storage.googleapis.com\/smartphoto-express-production-wp-blogs-com\/11\/2020\/01\/v9_winter_badrumsset-150x150.jpg 150w, https:\/\/storage.googleapis.com\/smartphoto-express-production-wp-blogs-com\/11\/2020\/01\/v9_winter_badrumsset-300x300.jpg 300w\" sizes=\"auto, (max-width: 360px) 100vw, 360px\" \/><\/figure><div class=\"wp-block-media-text__content\">\n<p><a href=\"https:\/\/www.smartphoto.se\/fotopresenter\/badrumsset\">Set med tv\u00e5lpump och tandborstmugg<\/a> med plats f\u00f6r hela familjens tandborstar. <\/p>\n<\/div><\/div>\n\n\n\n<h3 class=\"wp-block-heading\"><br>Nyhet! &#8211; Poster med posterh\u00e4ngare <\/h3>\n\n\n\n<div class=\"wp-block-media-text alignwide\"><figure class=\"wp-block-media-text__media\"><img loading=\"lazy\" decoding=\"async\" width=\"360\" height=\"360\" src=\"https:\/\/storage.googleapis.com\/smartphoto-express-production-wp-blogs-com\/11\/2020\/01\/v9_winter_poster.jpg\" alt=\"Poster med posterh\u00e4ngare\" class=\"wp-image-7333\" srcset=\"https:\/\/storage.googleapis.com\/smartphoto-express-production-wp-blogs-com\/11\/2020\/01\/v9_winter_poster.jpg 360w, https:\/\/storage.googleapis.com\/smartphoto-express-production-wp-blogs-com\/11\/2020\/01\/v9_winter_poster-150x150.jpg 150w, https:\/\/storage.googleapis.com\/smartphoto-express-production-wp-blogs-com\/11\/2020\/01\/v9_winter_poster-300x300.jpg 300w\" sizes=\"auto, (max-width: 360px) 100vw, 360px\" \/><\/figure><div class=\"wp-block-media-text__content\">\n<p>G\u00f6r postern komplett med en <a href=\"https:\/\/www.smartphoto.se\/canvas-vaggdekoration\/poster-med-posterhangare\">trendig posterh\u00e4ngare<\/a> &#8211; f\u00e4rdig att h\u00e4ngas upp! <\/p>\n<\/div><\/div>\n\n\n\n<h3 class=\"wp-block-heading\"><br>V\u00e4ggklocka akrylglas <\/h3>\n\n\n\n<div class=\"wp-block-media-text alignwide has-media-on-the-right\"><figure class=\"wp-block-media-text__media\"><img loading=\"lazy\" decoding=\"async\" width=\"360\" height=\"360\" src=\"https:\/\/storage.googleapis.com\/smartphoto-express-production-wp-blogs-com\/11\/2020\/01\/v9_winter_klocka.jpg\" alt=\"V\u00e4ggklocka akrylglas\" class=\"wp-image-7329\" srcset=\"https:\/\/storage.googleapis.com\/smartphoto-express-production-wp-blogs-com\/11\/2020\/01\/v9_winter_klocka.jpg 360w, https:\/\/storage.googleapis.com\/smartphoto-express-production-wp-blogs-com\/11\/2020\/01\/v9_winter_klocka-150x150.jpg 150w, https:\/\/storage.googleapis.com\/smartphoto-express-production-wp-blogs-com\/11\/2020\/01\/v9_winter_klocka-300x300.jpg 300w\" sizes=\"auto, (max-width: 360px) 100vw, 360px\" \/><\/figure><div class=\"wp-block-media-text__content\">\n<p>Kolla in v\u00e5ra s\u00f6ta designs p\u00e5 <a href=\"https:\/\/www.smartphoto.se\/fotopresenter\/vaggklocka-akrylglas\">v\u00e4ggklockor<\/a>! <br><br>Perfekt f\u00f6r barnrummet! <\/p>\n<\/div><\/div>\n\n\n\n<h3 class=\"wp-block-heading\"><br>Musmatta <\/h3>\n\n\n\n<div class=\"wp-block-media-text alignwide\"><figure class=\"wp-block-media-text__media\"><img loading=\"lazy\" decoding=\"async\" width=\"360\" height=\"360\" src=\"https:\/\/storage.googleapis.com\/smartphoto-express-production-wp-blogs-com\/11\/2020\/01\/v9_winter_musmatta.jpg\" alt=\"Musmatta\" class=\"wp-image-7332\" srcset=\"https:\/\/storage.googleapis.com\/smartphoto-express-production-wp-blogs-com\/11\/2020\/01\/v9_winter_musmatta.jpg 360w, https:\/\/storage.googleapis.com\/smartphoto-express-production-wp-blogs-com\/11\/2020\/01\/v9_winter_musmatta-150x150.jpg 150w, https:\/\/storage.googleapis.com\/smartphoto-express-production-wp-blogs-com\/11\/2020\/01\/v9_winter_musmatta-300x300.jpg 300w\" sizes=\"auto, (max-width: 360px) 100vw, 360px\" \/><\/figure><div class=\"wp-block-media-text__content\">\n<p>Skapa en <a href=\"https:\/\/www.smartphoto.se\/fotopresenter\/musmatta\">mysig st\u00e4mning vid hemmadatorn<\/a>! <\/p>\n<\/div><\/div>\n\n\n\n<h3 class=\"wp-block-heading\"><br>Blomkruka <\/h3>\n\n\n\n<div class=\"wp-block-media-text alignwide has-media-on-the-right\"><figure class=\"wp-block-media-text__media\"><img loading=\"lazy\" decoding=\"async\" width=\"360\" height=\"360\" src=\"https:\/\/storage.googleapis.com\/smartphoto-express-production-wp-blogs-com\/11\/2020\/01\/v9_winter_kruka.jpg\" alt=\"Blomkruka\" class=\"wp-image-7330\" srcset=\"https:\/\/storage.googleapis.com\/smartphoto-express-production-wp-blogs-com\/11\/2020\/01\/v9_winter_kruka.jpg 360w, https:\/\/storage.googleapis.com\/smartphoto-express-production-wp-blogs-com\/11\/2020\/01\/v9_winter_kruka-150x150.jpg 150w, https:\/\/storage.googleapis.com\/smartphoto-express-production-wp-blogs-com\/11\/2020\/01\/v9_winter_kruka-300x300.jpg 300w\" sizes=\"auto, (max-width: 360px) 100vw, 360px\" \/><\/figure><div class=\"wp-block-media-text__content\">\n<p><a href=\"https:\/\/www.smartphoto.se\/fotopresenter\/blomkruka\">Inred med dina bilder<\/a> p\u00e5 ett roligt och annorlunda s\u00e4tt! <\/p>\n<\/div><\/div>\n","protected":false},"excerpt":{"rendered":"<p>K\u00e4nns det lite kalt och trist efter att du st\u00e4dade ut julpyntet? F\u00f6rnya hemmet med sm\u00e5 enkla medel &#8211; utan kr\u00e5ngel. Genom att inreda med dina egna bilder f\u00e5r du direkt en personlig och mysig k\u00e4nsla i ditt hem! Canvastavlor Piffar upp ditt hem p\u00e5 nolltid! Klassiska canvastavlor som finns i en m\u00e4ngd olika storlekar och format &#8211; passar alla hem och de flesta pl\u00e5nb\u00f6cker. Canvas Deluxe Canvastavlor med dubbelt s\u00e5 bred ram som den klassiska varianten. Ett tips \u00e4r att blanda Canvas och Canvas Deluxe f\u00f6r att f\u00e5 ett mer levande och sp\u00e4nnande uttryck p\u00e5 din v\u00e4gg. Delad canvastavla<\/p>\n","protected":false},"author":1,"featured_media":7334,"comment_status":"open","ping_status":"open","sticky":false,"template":"","format":"standard","meta":{"om_disable_all_campaigns":false,"_monsterinsights_skip_tracking":false,"_monsterinsights_sitenote_active":false,"_monsterinsights_sitenote_note":"","_monsterinsights_sitenote_category":0,"footnotes":""},"categories":[4,5],"tags":[51,55,49,50,52,54,53],"class_list":["post-7351","post","type-post","status-publish","format-standard","has-post-thumbnail","hentry","category-inredning-dekoration","category-insperation","tag-canvastavla","tag-fotobocker","tag-fotobok","tag-fotokalender","tag-fotovagg","tag-tavelkollage","tag-tavelvagg"],"yoast_head":"<!-- This site is optimized with the Yoast SEO plugin v23.8 - https:\/\/yoast.com\/wordpress\/plugins\/seo\/ -->\n<title>G\u00f6r en fotov\u00e4gg i ett nafs! | Smartphoto<\/title>\n<meta name=\"description\" content=\"F\u00f6rnya hemmet med sm\u00e5 enkla medel - utan kr\u00e5ngel. Genom att inreda med dina egna bilder f\u00e5r du direkt en personlig och mysig k\u00e4nsla i ditt hem!\" \/>\n<meta name=\"robots\" content=\"index, follow, max-snippet:-1, max-image-preview:large, max-video-preview:-1\" \/>\n<link rel=\"canonical\" href=\"https:\/\/www.smartphoto.se\/blogg\/gor_en_fotovagg\" \/>\n<meta property=\"og:locale\" content=\"sv_SE\" \/>\n<meta property=\"og:type\" content=\"article\" \/>\n<meta property=\"og:title\" content=\"G\u00f6r en fotov\u00e4gg i ett nafs! | Smartphoto\" \/>\n<meta property=\"og:description\" content=\"F\u00f6rnya hemmet med sm\u00e5 enkla medel - utan kr\u00e5ngel. Genom att inreda med dina egna bilder f\u00e5r du direkt en personlig och mysig k\u00e4nsla i ditt hem!\" \/>\n<meta property=\"og:url\" content=\"\/blogg\/gor_en_fotovagg\" \/>\n<meta property=\"og:site_name\" content=\"smartphotoblogg Inspiration \u2013 Fototips \u2013 DIY\" \/>\n<meta property=\"article:publisher\" content=\"https:\/\/www.facebook.com\/smartphotose\" \/>\n<meta property=\"article:published_time\" content=\"2020-03-02T08:14:31+00:00\" \/>\n<meta property=\"article:modified_time\" content=\"2020-10-20T09:58:57+00:00\" \/>\n<meta property=\"og:image\" content=\"https:\/\/storage.googleapis.com\/smartphoto-express-production-wp-blogs-com\/11\/2020\/01\/v9_winter_toppbild.jpg\" \/>\n\t<meta property=\"og:image:width\" content=\"720\" \/>\n\t<meta property=\"og:image:height\" content=\"360\" \/>\n\t<meta property=\"og:image:type\" content=\"image\/jpeg\" \/>\n<meta name=\"author\" content=\"admin\" \/>\n<meta name=\"twitter:card\" content=\"summary_large_image\" \/>\n<meta name=\"twitter:label1\" content=\"Written by\" \/>\n\t<meta name=\"twitter:data1\" content=\"admin\" \/>\n\t<meta name=\"twitter:label2\" content=\"Est. reading time\" \/>\n\t<meta name=\"twitter:data2\" content=\"2 minutes\" \/>\n<script type=\"application\/ld+json\" class=\"yoast-schema-graph\">{\"@context\":\"https:\/\/schema.org\",\"@graph\":[{\"@type\":\"WebPage\",\"@id\":\"\/blogg\/gor_en_fotovagg\",\"url\":\"https:\/\/www.smartphoto.se\/blogg\/gor_en_fotovagg\",\"name\":\"G\u00f6r en fotov\u00e4gg i ett nafs! | Smartphoto\",\"isPartOf\":{\"@id\":\"https:\/\/www.smartphoto.se\/blogg\/#website\"},\"primaryImageOfPage\":{\"@id\":\"https:\/\/www.smartphoto.se\/blogg\/gor_en_fotovagg#primaryimage\"},\"image\":{\"@id\":\"https:\/\/www.smartphoto.se\/blogg\/gor_en_fotovagg#primaryimage\"},\"thumbnailUrl\":\"https:\/\/storage.googleapis.com\/smartphoto-express-production-wp-blogs-com\/11\/2020\/01\/v9_winter_toppbild.jpg\",\"datePublished\":\"2020-03-02T08:14:31+00:00\",\"dateModified\":\"2020-10-20T09:58:57+00:00\",\"author\":{\"@id\":\"https:\/\/www.smartphoto.se\/blogg\/#\/schema\/person\/c256b3f50ae468ee69f4b486108c797b\"},\"description\":\"F\u00f6rnya hemmet med sm\u00e5 enkla medel - utan kr\u00e5ngel. Genom att inreda med dina egna bilder f\u00e5r du direkt en personlig och mysig k\u00e4nsla i ditt hem!\",\"breadcrumb\":{\"@id\":\"https:\/\/www.smartphoto.se\/blogg\/gor_en_fotovagg#breadcrumb\"},\"inLanguage\":\"sv-SE\",\"potentialAction\":[{\"@type\":\"ReadAction\",\"target\":[\"https:\/\/www.smartphoto.se\/blogg\/gor_en_fotovagg\"]}]},{\"@type\":\"ImageObject\",\"inLanguage\":\"sv-SE\",\"@id\":\"https:\/\/www.smartphoto.se\/blogg\/gor_en_fotovagg#primaryimage\",\"url\":\"https:\/\/storage.googleapis.com\/smartphoto-express-production-wp-blogs-com\/11\/2020\/01\/v9_winter_toppbild.jpg\",\"contentUrl\":\"https:\/\/storage.googleapis.com\/smartphoto-express-production-wp-blogs-com\/11\/2020\/01\/v9_winter_toppbild.jpg\",\"width\":720,\"height\":360,\"caption\":\"G\u00f6r en egen personlig fotov\u00e4gg\"},{\"@type\":\"BreadcrumbList\",\"@id\":\"https:\/\/www.smartphoto.se\/blogg\/gor_en_fotovagg#breadcrumb\",\"itemListElement\":[{\"@type\":\"ListItem\",\"position\":1,\"name\":\"Home\",\"item\":\"\/blogg\/\"},{\"@type\":\"ListItem\",\"position\":2,\"name\":\"G\u00f6r en fotov\u00e4gg i ett nafs!\"}]},{\"@type\":\"WebSite\",\"@id\":\"https:\/\/www.smartphoto.se\/blogg\/#website\",\"url\":\"https:\/\/www.smartphoto.se\/blogg\/\",\"name\":\"smartphotoblogg Inspiration \u2013 Fototips \u2013 DIY\",\"description\":\"smartphotoblogg Inspiration \u2013 Fototips \u2013 DIY\",\"potentialAction\":[{\"@type\":\"SearchAction\",\"target\":{\"@type\":\"EntryPoint\",\"urlTemplate\":\"https:\/\/www.smartphoto.se\/blogg\/?s={search_term_string}\"},\"query-input\":{\"@type\":\"PropertyValueSpecification\",\"valueRequired\":true,\"valueName\":\"search_term_string\"}}],\"inLanguage\":\"sv-SE\"},{\"@type\":\"Person\",\"@id\":\"https:\/\/www.smartphoto.se\/blogg\/#\/schema\/person\/c256b3f50ae468ee69f4b486108c797b\",\"name\":\"admin\",\"image\":{\"@type\":\"ImageObject\",\"inLanguage\":\"sv-SE\",\"@id\":\"https:\/\/www.smartphoto.se\/blogg\/#\/schema\/person\/image\/\",\"url\":\"https:\/\/secure.gravatar.com\/avatar\/8f9488249a21b1f2cc85dc7982dc95c4?s=96&d=mm&r=g\",\"contentUrl\":\"https:\/\/secure.gravatar.com\/avatar\/8f9488249a21b1f2cc85dc7982dc95c4?s=96&d=mm&r=g\",\"caption\":\"admin\"},\"url\":\"https:\/\/www.smartphoto.se\/blogg\/author\/admin\"}]}<\/script>\n<!-- \/ Yoast SEO plugin. -->","yoast_head_json":{"title":"G\u00f6r en fotov\u00e4gg i ett nafs! | Smartphoto","description":"F\u00f6rnya hemmet med sm\u00e5 enkla medel - utan kr\u00e5ngel. Genom att inreda med dina egna bilder f\u00e5r du direkt en personlig och mysig k\u00e4nsla i ditt hem!","robots":{"index":"index","follow":"follow","max-snippet":"max-snippet:-1","max-image-preview":"max-image-preview:large","max-video-preview":"max-video-preview:-1"},"canonical":"https:\/\/www.smartphoto.se\/blogg\/gor_en_fotovagg","og_locale":"sv_SE","og_type":"article","og_title":"G\u00f6r en fotov\u00e4gg i ett nafs! | Smartphoto","og_description":"F\u00f6rnya hemmet med sm\u00e5 enkla medel - utan kr\u00e5ngel. Genom att inreda med dina egna bilder f\u00e5r du direkt en personlig och mysig k\u00e4nsla i ditt hem!","og_url":"\/blogg\/gor_en_fotovagg","og_site_name":"smartphotoblogg Inspiration \u2013 Fototips \u2013 DIY","article_publisher":"https:\/\/www.facebook.com\/smartphotose","article_published_time":"2020-03-02T08:14:31+00:00","article_modified_time":"2020-10-20T09:58:57+00:00","og_image":[{"width":720,"height":360,"url":"https:\/\/storage.googleapis.com\/smartphoto-express-production-wp-blogs-com\/11\/2020\/01\/v9_winter_toppbild.jpg","type":"image\/jpeg"}],"author":"admin","twitter_card":"summary_large_image","twitter_misc":{"Written by":"admin","Est. reading time":"2 minutes"},"schema":{"@context":"https:\/\/schema.org","@graph":[{"@type":"WebPage","@id":"\/blogg\/gor_en_fotovagg","url":"https:\/\/www.smartphoto.se\/blogg\/gor_en_fotovagg","name":"G\u00f6r en fotov\u00e4gg i ett nafs! | Smartphoto","isPartOf":{"@id":"https:\/\/www.smartphoto.se\/blogg\/#website"},"primaryImageOfPage":{"@id":"https:\/\/www.smartphoto.se\/blogg\/gor_en_fotovagg#primaryimage"},"image":{"@id":"https:\/\/www.smartphoto.se\/blogg\/gor_en_fotovagg#primaryimage"},"thumbnailUrl":"https:\/\/storage.googleapis.com\/smartphoto-express-production-wp-blogs-com\/11\/2020\/01\/v9_winter_toppbild.jpg","datePublished":"2020-03-02T08:14:31+00:00","dateModified":"2020-10-20T09:58:57+00:00","author":{"@id":"https:\/\/www.smartphoto.se\/blogg\/#\/schema\/person\/c256b3f50ae468ee69f4b486108c797b"},"description":"F\u00f6rnya hemmet med sm\u00e5 enkla medel - utan kr\u00e5ngel. Genom att inreda med dina egna bilder f\u00e5r du direkt en personlig och mysig k\u00e4nsla i ditt hem!","breadcrumb":{"@id":"https:\/\/www.smartphoto.se\/blogg\/gor_en_fotovagg#breadcrumb"},"inLanguage":"sv-SE","potentialAction":[{"@type":"ReadAction","target":["https:\/\/www.smartphoto.se\/blogg\/gor_en_fotovagg"]}]},{"@type":"ImageObject","inLanguage":"sv-SE","@id":"https:\/\/www.smartphoto.se\/blogg\/gor_en_fotovagg#primaryimage","url":"https:\/\/storage.googleapis.com\/smartphoto-express-production-wp-blogs-com\/11\/2020\/01\/v9_winter_toppbild.jpg","contentUrl":"https:\/\/storage.googleapis.com\/smartphoto-express-production-wp-blogs-com\/11\/2020\/01\/v9_winter_toppbild.jpg","width":720,"height":360,"caption":"G\u00f6r en egen personlig fotov\u00e4gg"},{"@type":"BreadcrumbList","@id":"https:\/\/www.smartphoto.se\/blogg\/gor_en_fotovagg#breadcrumb","itemListElement":[{"@type":"ListItem","position":1,"name":"Home","item":"\/blogg\/"},{"@type":"ListItem","position":2,"name":"G\u00f6r en fotov\u00e4gg i ett nafs!"}]},{"@type":"WebSite","@id":"https:\/\/www.smartphoto.se\/blogg\/#website","url":"https:\/\/www.smartphoto.se\/blogg\/","name":"smartphotoblogg Inspiration \u2013 Fototips \u2013 DIY","description":"smartphotoblogg Inspiration \u2013 Fototips \u2013 DIY","potentialAction":[{"@type":"SearchAction","target":{"@type":"EntryPoint","urlTemplate":"https:\/\/www.smartphoto.se\/blogg\/?s={search_term_string}"},"query-input":{"@type":"PropertyValueSpecification","valueRequired":true,"valueName":"search_term_string"}}],"inLanguage":"sv-SE"},{"@type":"Person","@id":"https:\/\/www.smartphoto.se\/blogg\/#\/schema\/person\/c256b3f50ae468ee69f4b486108c797b","name":"admin","image":{"@type":"ImageObject","inLanguage":"sv-SE","@id":"https:\/\/www.smartphoto.se\/blogg\/#\/schema\/person\/image\/","url":"https:\/\/secure.gravatar.com\/avatar\/8f9488249a21b1f2cc85dc7982dc95c4?s=96&d=mm&r=g","contentUrl":"https:\/\/secure.gravatar.com\/avatar\/8f9488249a21b1f2cc85dc7982dc95c4?s=96&d=mm&r=g","caption":"admin"},"url":"https:\/\/www.smartphoto.se\/blogg\/author\/admin"}]}},"_links":{"self":[{"href":"https:\/\/www.smartphoto.se\/blogg\/wp-json\/wp\/v2\/posts\/7351","targetHints":{"allow":["GET"]}}],"collection":[{"href":"https:\/\/www.smartphoto.se\/blogg\/wp-json\/wp\/v2\/posts"}],"about":[{"href":"https:\/\/www.smartphoto.se\/blogg\/wp-json\/wp\/v2\/types\/post"}],"author":[{"embeddable":true,"href":"https:\/\/www.smartphoto.se\/blogg\/wp-json\/wp\/v2\/users\/1"}],"replies":[{"embeddable":true,"href":"https:\/\/www.smartphoto.se\/blogg\/wp-json\/wp\/v2\/comments?post=7351"}],"version-history":[{"count":14,"href":"https:\/\/www.smartphoto.se\/blogg\/wp-json\/wp\/v2\/posts\/7351\/revisions"}],"predecessor-version":[{"id":8278,"href":"https:\/\/www.smartphoto.se\/blogg\/wp-json\/wp\/v2\/posts\/7351\/revisions\/8278"}],"wp:featuredmedia":[{"embeddable":true,"href":"https:\/\/www.smartphoto.se\/blogg\/wp-json\/wp\/v2\/media\/7334"}],"wp:attachment":[{"href":"https:\/\/www.smartphoto.se\/blogg\/wp-json\/wp\/v2\/media?parent=7351"}],"wp:term":[{"taxonomy":"category","embeddable":true,"href":"https:\/\/www.smartphoto.se\/blogg\/wp-json\/wp\/v2\/categories?post=7351"},{"taxonomy":"post_tag","embeddable":true,"href":"https:\/\/www.smartphoto.se\/blogg\/wp-json\/wp\/v2\/tags?post=7351"}],"curies":[{"name":"wp","href":"https:\/\/api.w.org\/{rel}","templated":true}]}}