{"id":7197,"date":"2019-11-21T09:12:56","date_gmt":"2019-11-21T08:12:56","guid":{"rendered":"\/blogg\/?p=7197"},"modified":"2020-10-20T13:33:56","modified_gmt":"2020-10-20T11:33:56","slug":"kreativa-satt-att-sla-in-dina-julklappar","status":"publish","type":"post","link":"https:\/\/www.smartphoto.se\/blogg\/kreativa-satt-att-sla-in-dina-julklappar","title":{"rendered":"3 kreativa s\u00e4tt att sl\u00e5 in dina julklappar &#8211; VIDEO DIY"},"content":{"rendered":"\n<p>Sl\u00e5 in \u00e5rets julklappar p\u00e5 ett personligt och unikt s\u00e4tt genom att dekorera dem med foton och personliga klisterm\u00e4rken! <br>Vi ger dig tre superenkla DIY-tips p\u00e5 hur du kan sl\u00e5 in de vackraste julklapparna med hj\u00e4lp av dina Smartphoto-bilder och fotoprodukter!  <\/p>\n\n\n\n<p>Se filmen nedan och l\u00e4s v\u00e5r enkla steg-f\u00f6r-steg-guide f\u00f6r att f\u00e5 reda p\u00e5 hur du g\u00f6r.<\/p>\n\n\n\n<figure class=\"wp-block-embed-youtube wp-block-embed is-type-video is-provider-youtube wp-embed-aspect-4-3 wp-has-aspect-ratio\"><div class=\"wp-block-embed__wrapper\">\n<iframe loading=\"lazy\" title=\"3 kreativa s\u00e4tt att sl\u00e5 in dina julklappar - Smartphoto - Pysselminuten\" width=\"680\" height=\"510\" src=\"https:\/\/www.youtube.com\/embed\/sey_BFsiTdo?feature=oembed\" frameborder=\"0\" allow=\"accelerometer; autoplay; encrypted-media; gyroscope; picture-in-picture\" allowfullscreen><\/iframe>\n<\/div><\/figure>\n\n\n\n<h2 class=\"wp-block-heading\">Tips 1: Stilrent med svartvita bilder<\/h2>\n\n\n\n<figure class=\"wp-block-image\"><img loading=\"lazy\" decoding=\"async\" width=\"720\" height=\"360\" src=\"https:\/\/storage.googleapis.com\/smartphoto-express-production-wp-blogs-com\/11\/2019\/11\/julklapp2-1.jpg\" alt=\"\" class=\"wp-image-7209\" srcset=\"https:\/\/storage.googleapis.com\/smartphoto-express-production-wp-blogs-com\/11\/2019\/11\/julklapp2-1.jpg 720w, https:\/\/storage.googleapis.com\/smartphoto-express-production-wp-blogs-com\/11\/2019\/11\/julklapp2-1-300x150.jpg 300w\" sizes=\"auto, (max-width: 720px) 100vw, 720px\" \/><\/figure>\n\n\n\n<h2 class=\"wp-block-heading\">Detta beh\u00f6ver du:<\/h2>\n\n\n\n<ul class=\"wp-block-list\"><li>Foto i svartvitt  &#8211; framkalla dina bilder <a href=\"https:\/\/www.smartphoto.se\/bilder-fotoforstoring-fotohaften\/supreme-flex-bilder?optiongroup=printscoloureffect\">h\u00e4r<\/a><\/li><li>Svart presentpapper <\/li><li>Vitt tygband <\/li><\/ul>\n\n\n\n<p>Visste du att det stilrena och det enkla ibland kan bli det allra vackraste? Som detta exempel n\u00e4r vi f\u00f6rvandlar en vanlig julklapp till n\u00e5got magiskt genom att l\u00e4gga till en vacker svartvit bild! <\/p>\n\n\n\n<h2 class=\"wp-block-heading\">S\u00e5 h\u00e4r g\u00f6r du:<\/h2>\n\n\n\n<figure class=\"wp-block-image\"><img loading=\"lazy\" decoding=\"async\" width=\"720\" height=\"360\" src=\"https:\/\/storage.googleapis.com\/smartphoto-express-production-wp-blogs-com\/11\/2019\/11\/julklapp5.jpg\" alt=\"Kreativa julklappsinslagningar\" class=\"wp-image-7205\" srcset=\"https:\/\/storage.googleapis.com\/smartphoto-express-production-wp-blogs-com\/11\/2019\/11\/julklapp5.jpg 720w, https:\/\/storage.googleapis.com\/smartphoto-express-production-wp-blogs-com\/11\/2019\/11\/julklapp5-300x150.jpg 300w\" sizes=\"auto, (max-width: 720px) 100vw, 720px\" \/><figcaption>Ge bort en personlig julklapp &#8211; som en vacker<a href=\"https:\/\/www.smartphoto.se\/fotobok\"> fotobok<\/a><\/figcaption><\/figure>\n\n\n\n<p>B\u00f6rja med att sl\u00e5 in din julklapp i ett neutralt presentpapper. Vi valde ett matt, svart papper som verkligen g\u00f6r att fotot, som vi sedan l\u00e4gger till, f\u00e5r ta den plats det f\u00f6rtj\u00e4nar. <\/p>\n\n\n\n<div class=\"wp-block-media-text alignwide\"><figure class=\"wp-block-media-text__media\"><img loading=\"lazy\" decoding=\"async\" width=\"360\" height=\"360\" src=\"https:\/\/storage.googleapis.com\/smartphoto-express-production-wp-blogs-com\/11\/2019\/11\/julklapp_small.jpg\" alt=\"Julklapp\" class=\"wp-image-7200\" srcset=\"https:\/\/storage.googleapis.com\/smartphoto-express-production-wp-blogs-com\/11\/2019\/11\/julklapp_small.jpg 360w, https:\/\/storage.googleapis.com\/smartphoto-express-production-wp-blogs-com\/11\/2019\/11\/julklapp_small-150x150.jpg 150w, https:\/\/storage.googleapis.com\/smartphoto-express-production-wp-blogs-com\/11\/2019\/11\/julklapp_small-300x300.jpg 300w\" sizes=\"auto, (max-width: 360px) 100vw, 360px\" \/><\/figure><div class=\"wp-block-media-text__content\">\n<p>Ta sedan ditt tygband och vira det runt paketet. Avsluta med att f\u00e4sta tygbandet med lim. Vill du s\u00e4kra upp s\u00e5 g\u00e5r det givetvis att limma under hela bandet. Se d\u00e5 till att ha ett transparent lim s\u00e5 att det inte syns igenom det tunna tygbandet. Avsluta md att limma fast din svartvit bild mitt p\u00e5 bandet.<\/p>\n<\/div><\/div>\n\n\n\n<h2 class=\"wp-block-heading\"> Tips 2:  Personliga klisterm\u00e4rken  <\/h2>\n\n\n\n<figure class=\"wp-block-image\"><img loading=\"lazy\" decoding=\"async\" width=\"720\" height=\"360\" src=\"https:\/\/storage.googleapis.com\/smartphoto-express-production-wp-blogs-com\/11\/2019\/11\/julklapp3.jpg\" alt=\"Julklapp\" class=\"wp-image-7203\" srcset=\"https:\/\/storage.googleapis.com\/smartphoto-express-production-wp-blogs-com\/11\/2019\/11\/julklapp3.jpg 720w, https:\/\/storage.googleapis.com\/smartphoto-express-production-wp-blogs-com\/11\/2019\/11\/julklapp3-300x150.jpg 300w\" sizes=\"auto, (max-width: 720px) 100vw, 720px\" \/><\/figure>\n\n\n\n<h2 class=\"wp-block-heading\">Detta beh\u00f6ver du:<\/h2>\n\n\n\n<ul class=\"wp-block-list\"><li> Personliga klisterm\u00e4rken (tex <a href=\"https:\/\/www.smartphoto.se\/fotopresenter\/presentetiketter\">presentetiketter<\/a>) <\/li><li> R\u00f6tt presentpapper <\/li><li> Hampasn\u00f6re <\/li><li> Sm\u00e5 thujakvistar <\/li><\/ul>\n\n\n\n<div class=\"wp-block-media-text alignwide\"><figure class=\"wp-block-media-text__media\"><img loading=\"lazy\" decoding=\"async\" width=\"360\" height=\"360\" src=\"https:\/\/storage.googleapis.com\/smartphoto-express-production-wp-blogs-com\/11\/2019\/11\/julklapp8-small.jpg\" alt=\"Julklapp\" class=\"wp-image-7207\" srcset=\"https:\/\/storage.googleapis.com\/smartphoto-express-production-wp-blogs-com\/11\/2019\/11\/julklapp8-small.jpg 360w, https:\/\/storage.googleapis.com\/smartphoto-express-production-wp-blogs-com\/11\/2019\/11\/julklapp8-small-150x150.jpg 150w, https:\/\/storage.googleapis.com\/smartphoto-express-production-wp-blogs-com\/11\/2019\/11\/julklapp8-small-300x300.jpg 300w\" sizes=\"auto, (max-width: 360px) 100vw, 360px\" \/><\/figure><div class=\"wp-block-media-text__content\">\n<p class=\"has-large-font-size\">S\u00e5 h\u00e4r g\u00f6r du:<\/p>\n\n\n\n<p>Sl\u00e5 in ditt paket i matt, r\u00f6tt presentpapper och knyt ett hampasn\u00f6re runt. Klipp sedan sm\u00e5 skott fr\u00e5n thuja och l\u00e4gg dem som en stj\u00e4rna. Anv\u00e4nd g\u00e4rna en limpistol f\u00f6r att se till att stj\u00e4rnan h\u00e5ller ihop.<\/p>\n<\/div><\/div>\n\n\n\n<p>F\u00f6r att etiketten ska f\u00e4sta p\u00e5 ett bra s\u00e4tt klipper du en lika stor rund bit av ditt presentpapper, samma som storleken p\u00e5 ditt klisterm\u00e4rke. Limma fast biten direkt p\u00e5 thujakvisten. Anv\u00e4nd g\u00e4rna en limpistol f\u00f6r att vara s\u00e4ker p\u00e5 att det h\u00e5ller.<\/p>\n\n\n\n<figure class=\"wp-block-image\"><img loading=\"lazy\" decoding=\"async\" width=\"720\" height=\"360\" src=\"https:\/\/storage.googleapis.com\/smartphoto-express-production-wp-blogs-com\/11\/2019\/11\/julklapp6.jpg\" alt=\"Julklapp\" class=\"wp-image-7206\" srcset=\"https:\/\/storage.googleapis.com\/smartphoto-express-production-wp-blogs-com\/11\/2019\/11\/julklapp6.jpg 720w, https:\/\/storage.googleapis.com\/smartphoto-express-production-wp-blogs-com\/11\/2019\/11\/julklapp6-300x150.jpg 300w\" sizes=\"auto, (max-width: 720px) 100vw, 720px\" \/><\/figure>\n\n\n\n<p>F\u00e4st sedan ditt klisterm\u00e4rke p\u00e5 paketet. Du har nu en vacker julklapp att ge bort till n\u00e5gon som du h\u00e5ller k\u00e4r.<\/p>\n\n\n\n<h2 class=\"wp-block-heading\">  Tips 3:   Dekorera med julkort   <\/h2>\n\n\n\n<figure class=\"wp-block-image\"><img loading=\"lazy\" decoding=\"async\" width=\"720\" height=\"360\" src=\"https:\/\/storage.googleapis.com\/smartphoto-express-production-wp-blogs-com\/11\/2019\/11\/julklapp4.jpg\" alt=\"Julklapp\" class=\"wp-image-7204\" srcset=\"https:\/\/storage.googleapis.com\/smartphoto-express-production-wp-blogs-com\/11\/2019\/11\/julklapp4.jpg 720w, https:\/\/storage.googleapis.com\/smartphoto-express-production-wp-blogs-com\/11\/2019\/11\/julklapp4-300x150.jpg 300w\" sizes=\"auto, (max-width: 720px) 100vw, 720px\" \/><figcaption>Anv\u00e4nd julkort f\u00f6r att dekorera dina julklappar<\/figcaption><\/figure>\n\n\n\n<h2 class=\"wp-block-heading\">Detta beh\u00f6ver du:<\/h2>\n\n\n\n<ul class=\"wp-block-list\"><li>Julkort med foto &#8211; hitta din favorit <a href=\"https:\/\/www.smartphoto.se\/fotokort\">h\u00e4r<\/a><\/li><li>Naturf\u00e4rgat presentpapper <\/li><li>Hampasn\u00f6re r\u00f6tt<\/li><li>Thujakvist <\/li><\/ul>\n\n\n\n<div class=\"wp-block-media-text alignwide\"><figure class=\"wp-block-media-text__media\"><img loading=\"lazy\" decoding=\"async\" width=\"360\" height=\"360\" src=\"https:\/\/storage.googleapis.com\/smartphoto-express-production-wp-blogs-com\/11\/2019\/11\/julklapp9-small.jpg\" alt=\"Julklapp\" class=\"wp-image-7208\" srcset=\"https:\/\/storage.googleapis.com\/smartphoto-express-production-wp-blogs-com\/11\/2019\/11\/julklapp9-small.jpg 360w, https:\/\/storage.googleapis.com\/smartphoto-express-production-wp-blogs-com\/11\/2019\/11\/julklapp9-small-150x150.jpg 150w, https:\/\/storage.googleapis.com\/smartphoto-express-production-wp-blogs-com\/11\/2019\/11\/julklapp9-small-300x300.jpg 300w\" sizes=\"auto, (max-width: 360px) 100vw, 360px\" \/><\/figure><div class=\"wp-block-media-text__content\">\n<h2 class=\"wp-block-heading\">S\u00e5 h\u00e4r g\u00f6r du:<\/h2>\n\n\n\n<p>B\u00f6rja med att sl\u00e5 in din julklapp i naturf\u00e4rgat presentpapper. Knyt sedan ett r\u00f6tt hampasn\u00f6re runt paketet. Placera en liten kvist fr\u00e5n thuja under sn\u00f6ret och l\u00e4gg sedan dit ett vackert och personligt julkort.<\/p>\n<\/div><\/div>\n\n\n\n<p>Vi hoppas att du gillar v\u00e5ra tips. <br>Dela g\u00e4rna dina egna julklappsinslagningar med oss p\u00e5 Instagram  <a href=\"https:\/\/www.instagram.com\/smartphotose\/\">@smartphotose<\/a> och <a href=\"https:\/\/www.instagram.com\/explore\/tags\/mysmartphoto\/\">#mysmartphoto<\/a>. <\/p>\n\n\n\n<figure class=\"wp-block-image\"><img loading=\"lazy\" decoding=\"async\" width=\"720\" height=\"360\" src=\"https:\/\/storage.googleapis.com\/smartphoto-express-production-wp-blogs-com\/11\/2019\/11\/julklapp1.jpg\" alt=\"Sl\u00e5 in julklappar\" class=\"wp-image-7201\" srcset=\"https:\/\/storage.googleapis.com\/smartphoto-express-production-wp-blogs-com\/11\/2019\/11\/julklapp1.jpg 720w, https:\/\/storage.googleapis.com\/smartphoto-express-production-wp-blogs-com\/11\/2019\/11\/julklapp1-300x150.jpg 300w\" sizes=\"auto, (max-width: 720px) 100vw, 720px\" \/><\/figure>\n\n\n\n<p>Lycka till med julf\u00f6rberedelserna! <br><\/p>\n\n\n\n<p>Vill du ha fler tips? Skriv g\u00e4rna i kommentaren nedan vad du skulle vilja se mer av.<\/p>\n","protected":false},"excerpt":{"rendered":"<p>Sl\u00e5 in \u00e5rets julklappar p\u00e5 ett personligt och unikt s\u00e4tt genom att dekorera dem med foton och personliga klisterm\u00e4rken! Vi ger dig tre superenkla DIY-tips p\u00e5 hur du kan sl\u00e5 in de vackraste julklapparna med hj\u00e4lp av dina Smartphoto-bilder och fotoprodukter! Se filmen nedan och l\u00e4s v\u00e5r enkla steg-f\u00f6r-steg-guide f\u00f6r att f\u00e5 reda p\u00e5 hur du g\u00f6r. Tips 1: Stilrent med svartvita bilder Detta beh\u00f6ver du: Foto i svartvitt &#8211; framkalla dina bilder h\u00e4r Svart presentpapper Vitt tygband Visste du att det stilrena och det enkla ibland kan bli det allra vackraste? Som detta exempel n\u00e4r vi f\u00f6rvandlar en vanlig<\/p>\n","protected":false},"author":1,"featured_media":7201,"comment_status":"open","ping_status":"open","sticky":false,"template":"","format":"standard","meta":{"om_disable_all_campaigns":false,"_monsterinsights_skip_tracking":false,"_monsterinsights_sitenote_active":false,"_monsterinsights_sitenote_note":"","_monsterinsights_sitenote_category":0,"footnotes":""},"categories":[5],"tags":[43,42],"class_list":["post-7197","post","type-post","status-publish","format-standard","has-post-thumbnail","hentry","category-insperation","tag-kreativa-satt-att-sla-in-julklappar","tag-sla-in-julklappar"],"yoast_head":"<!-- This site is optimized with the Yoast SEO plugin v23.8 - https:\/\/yoast.com\/wordpress\/plugins\/seo\/ -->\n<title>3 kreativa s\u00e4tt att sl\u00e5 in dina julklappar I Smartphoto<\/title>\n<meta name=\"description\" content=\"Sl\u00e5 in julklappar! Vi ger dig tre DIY tips p\u00e5 hur du kan sl\u00e5 in de vackraste julklapparna med hj\u00e4lp av dina Smartphoto-bilder och fotoprodukter! Se VIDEO!\" \/>\n<meta name=\"robots\" content=\"index, follow, max-snippet:-1, max-image-preview:large, max-video-preview:-1\" \/>\n<link rel=\"canonical\" href=\"https:\/\/www.smartphoto.se\/blogg\/kreativa-satt-att-sla-in-dina-julklappar\" \/>\n<meta property=\"og:locale\" content=\"sv_SE\" \/>\n<meta property=\"og:type\" content=\"article\" \/>\n<meta property=\"og:title\" content=\"3 kreativa s\u00e4tt att sl\u00e5 in dina julklappar I Smartphoto\" \/>\n<meta property=\"og:description\" content=\"Sl\u00e5 in julklappar! Vi ger dig tre DIY tips p\u00e5 hur du kan sl\u00e5 in de vackraste julklapparna med hj\u00e4lp av dina Smartphoto-bilder och fotoprodukter! Se VIDEO!\" \/>\n<meta property=\"og:url\" content=\"\/blogg\/kreativa-satt-att-sla-in-dina-julklappar\" \/>\n<meta property=\"og:site_name\" content=\"smartphotoblogg Inspiration \u2013 Fototips \u2013 DIY\" \/>\n<meta property=\"article:publisher\" content=\"https:\/\/www.facebook.com\/smartphotose\" \/>\n<meta property=\"article:published_time\" content=\"2019-11-21T08:12:56+00:00\" \/>\n<meta property=\"article:modified_time\" content=\"2020-10-20T11:33:56+00:00\" \/>\n<meta property=\"og:image\" content=\"https:\/\/storage.googleapis.com\/smartphoto-express-production-wp-blogs-com\/11\/2019\/11\/julklapp1.jpg\" \/>\n\t<meta property=\"og:image:width\" content=\"720\" \/>\n\t<meta property=\"og:image:height\" content=\"360\" \/>\n\t<meta property=\"og:image:type\" content=\"image\/jpeg\" \/>\n<meta name=\"author\" content=\"admin\" \/>\n<meta name=\"twitter:card\" content=\"summary_large_image\" \/>\n<meta name=\"twitter:label1\" content=\"Written by\" \/>\n\t<meta name=\"twitter:data1\" content=\"admin\" \/>\n\t<meta name=\"twitter:label2\" content=\"Est. reading time\" \/>\n\t<meta name=\"twitter:data2\" content=\"3 minutes\" \/>\n<script type=\"application\/ld+json\" class=\"yoast-schema-graph\">{\"@context\":\"https:\/\/schema.org\",\"@graph\":[{\"@type\":\"WebPage\",\"@id\":\"\/blogg\/kreativa-satt-att-sla-in-dina-julklappar\",\"url\":\"https:\/\/www.smartphoto.se\/blogg\/kreativa-satt-att-sla-in-dina-julklappar\",\"name\":\"3 kreativa s\u00e4tt att sl\u00e5 in dina julklappar I Smartphoto\",\"isPartOf\":{\"@id\":\"https:\/\/www.smartphoto.se\/blogg\/#website\"},\"primaryImageOfPage\":{\"@id\":\"https:\/\/www.smartphoto.se\/blogg\/kreativa-satt-att-sla-in-dina-julklappar#primaryimage\"},\"image\":{\"@id\":\"https:\/\/www.smartphoto.se\/blogg\/kreativa-satt-att-sla-in-dina-julklappar#primaryimage\"},\"thumbnailUrl\":\"https:\/\/storage.googleapis.com\/smartphoto-express-production-wp-blogs-com\/11\/2019\/11\/julklapp1.jpg\",\"datePublished\":\"2019-11-21T08:12:56+00:00\",\"dateModified\":\"2020-10-20T11:33:56+00:00\",\"author\":{\"@id\":\"https:\/\/www.smartphoto.se\/blogg\/#\/schema\/person\/c256b3f50ae468ee69f4b486108c797b\"},\"description\":\"Sl\u00e5 in julklappar! Vi ger dig tre DIY tips p\u00e5 hur du kan sl\u00e5 in de vackraste julklapparna med hj\u00e4lp av dina Smartphoto-bilder och fotoprodukter! Se VIDEO!\",\"breadcrumb\":{\"@id\":\"https:\/\/www.smartphoto.se\/blogg\/kreativa-satt-att-sla-in-dina-julklappar#breadcrumb\"},\"inLanguage\":\"sv-SE\",\"potentialAction\":[{\"@type\":\"ReadAction\",\"target\":[\"https:\/\/www.smartphoto.se\/blogg\/kreativa-satt-att-sla-in-dina-julklappar\"]}]},{\"@type\":\"ImageObject\",\"inLanguage\":\"sv-SE\",\"@id\":\"https:\/\/www.smartphoto.se\/blogg\/kreativa-satt-att-sla-in-dina-julklappar#primaryimage\",\"url\":\"https:\/\/storage.googleapis.com\/smartphoto-express-production-wp-blogs-com\/11\/2019\/11\/julklapp1.jpg\",\"contentUrl\":\"https:\/\/storage.googleapis.com\/smartphoto-express-production-wp-blogs-com\/11\/2019\/11\/julklapp1.jpg\",\"width\":720,\"height\":360,\"caption\":\"Sl\u00e5 in julklappar\"},{\"@type\":\"BreadcrumbList\",\"@id\":\"https:\/\/www.smartphoto.se\/blogg\/kreativa-satt-att-sla-in-dina-julklappar#breadcrumb\",\"itemListElement\":[{\"@type\":\"ListItem\",\"position\":1,\"name\":\"Home\",\"item\":\"\/blogg\/\"},{\"@type\":\"ListItem\",\"position\":2,\"name\":\"3 kreativa s\u00e4tt att sl\u00e5 in dina julklappar &#8211; VIDEO DIY\"}]},{\"@type\":\"WebSite\",\"@id\":\"https:\/\/www.smartphoto.se\/blogg\/#website\",\"url\":\"https:\/\/www.smartphoto.se\/blogg\/\",\"name\":\"smartphotoblogg Inspiration \u2013 Fototips \u2013 DIY\",\"description\":\"smartphotoblogg Inspiration \u2013 Fototips \u2013 DIY\",\"potentialAction\":[{\"@type\":\"SearchAction\",\"target\":{\"@type\":\"EntryPoint\",\"urlTemplate\":\"https:\/\/www.smartphoto.se\/blogg\/?s={search_term_string}\"},\"query-input\":{\"@type\":\"PropertyValueSpecification\",\"valueRequired\":true,\"valueName\":\"search_term_string\"}}],\"inLanguage\":\"sv-SE\"},{\"@type\":\"Person\",\"@id\":\"https:\/\/www.smartphoto.se\/blogg\/#\/schema\/person\/c256b3f50ae468ee69f4b486108c797b\",\"name\":\"admin\",\"image\":{\"@type\":\"ImageObject\",\"inLanguage\":\"sv-SE\",\"@id\":\"https:\/\/www.smartphoto.se\/blogg\/#\/schema\/person\/image\/\",\"url\":\"https:\/\/secure.gravatar.com\/avatar\/8f9488249a21b1f2cc85dc7982dc95c4?s=96&d=mm&r=g\",\"contentUrl\":\"https:\/\/secure.gravatar.com\/avatar\/8f9488249a21b1f2cc85dc7982dc95c4?s=96&d=mm&r=g\",\"caption\":\"admin\"},\"url\":\"https:\/\/www.smartphoto.se\/blogg\/author\/admin\"}]}<\/script>\n<!-- \/ Yoast SEO plugin. -->","yoast_head_json":{"title":"3 kreativa s\u00e4tt att sl\u00e5 in dina julklappar I Smartphoto","description":"Sl\u00e5 in julklappar! Vi ger dig tre DIY tips p\u00e5 hur du kan sl\u00e5 in de vackraste julklapparna med hj\u00e4lp av dina Smartphoto-bilder och fotoprodukter! Se VIDEO!","robots":{"index":"index","follow":"follow","max-snippet":"max-snippet:-1","max-image-preview":"max-image-preview:large","max-video-preview":"max-video-preview:-1"},"canonical":"https:\/\/www.smartphoto.se\/blogg\/kreativa-satt-att-sla-in-dina-julklappar","og_locale":"sv_SE","og_type":"article","og_title":"3 kreativa s\u00e4tt att sl\u00e5 in dina julklappar I Smartphoto","og_description":"Sl\u00e5 in julklappar! Vi ger dig tre DIY tips p\u00e5 hur du kan sl\u00e5 in de vackraste julklapparna med hj\u00e4lp av dina Smartphoto-bilder och fotoprodukter! Se VIDEO!","og_url":"\/blogg\/kreativa-satt-att-sla-in-dina-julklappar","og_site_name":"smartphotoblogg Inspiration \u2013 Fototips \u2013 DIY","article_publisher":"https:\/\/www.facebook.com\/smartphotose","article_published_time":"2019-11-21T08:12:56+00:00","article_modified_time":"2020-10-20T11:33:56+00:00","og_image":[{"width":720,"height":360,"url":"https:\/\/storage.googleapis.com\/smartphoto-express-production-wp-blogs-com\/11\/2019\/11\/julklapp1.jpg","type":"image\/jpeg"}],"author":"admin","twitter_card":"summary_large_image","twitter_misc":{"Written by":"admin","Est. reading time":"3 minutes"},"schema":{"@context":"https:\/\/schema.org","@graph":[{"@type":"WebPage","@id":"\/blogg\/kreativa-satt-att-sla-in-dina-julklappar","url":"https:\/\/www.smartphoto.se\/blogg\/kreativa-satt-att-sla-in-dina-julklappar","name":"3 kreativa s\u00e4tt att sl\u00e5 in dina julklappar I Smartphoto","isPartOf":{"@id":"https:\/\/www.smartphoto.se\/blogg\/#website"},"primaryImageOfPage":{"@id":"https:\/\/www.smartphoto.se\/blogg\/kreativa-satt-att-sla-in-dina-julklappar#primaryimage"},"image":{"@id":"https:\/\/www.smartphoto.se\/blogg\/kreativa-satt-att-sla-in-dina-julklappar#primaryimage"},"thumbnailUrl":"https:\/\/storage.googleapis.com\/smartphoto-express-production-wp-blogs-com\/11\/2019\/11\/julklapp1.jpg","datePublished":"2019-11-21T08:12:56+00:00","dateModified":"2020-10-20T11:33:56+00:00","author":{"@id":"https:\/\/www.smartphoto.se\/blogg\/#\/schema\/person\/c256b3f50ae468ee69f4b486108c797b"},"description":"Sl\u00e5 in julklappar! Vi ger dig tre DIY tips p\u00e5 hur du kan sl\u00e5 in de vackraste julklapparna med hj\u00e4lp av dina Smartphoto-bilder och fotoprodukter! Se VIDEO!","breadcrumb":{"@id":"https:\/\/www.smartphoto.se\/blogg\/kreativa-satt-att-sla-in-dina-julklappar#breadcrumb"},"inLanguage":"sv-SE","potentialAction":[{"@type":"ReadAction","target":["https:\/\/www.smartphoto.se\/blogg\/kreativa-satt-att-sla-in-dina-julklappar"]}]},{"@type":"ImageObject","inLanguage":"sv-SE","@id":"https:\/\/www.smartphoto.se\/blogg\/kreativa-satt-att-sla-in-dina-julklappar#primaryimage","url":"https:\/\/storage.googleapis.com\/smartphoto-express-production-wp-blogs-com\/11\/2019\/11\/julklapp1.jpg","contentUrl":"https:\/\/storage.googleapis.com\/smartphoto-express-production-wp-blogs-com\/11\/2019\/11\/julklapp1.jpg","width":720,"height":360,"caption":"Sl\u00e5 in julklappar"},{"@type":"BreadcrumbList","@id":"https:\/\/www.smartphoto.se\/blogg\/kreativa-satt-att-sla-in-dina-julklappar#breadcrumb","itemListElement":[{"@type":"ListItem","position":1,"name":"Home","item":"\/blogg\/"},{"@type":"ListItem","position":2,"name":"3 kreativa s\u00e4tt att sl\u00e5 in dina julklappar &#8211; VIDEO DIY"}]},{"@type":"WebSite","@id":"https:\/\/www.smartphoto.se\/blogg\/#website","url":"https:\/\/www.smartphoto.se\/blogg\/","name":"smartphotoblogg Inspiration \u2013 Fototips \u2013 DIY","description":"smartphotoblogg Inspiration \u2013 Fototips \u2013 DIY","potentialAction":[{"@type":"SearchAction","target":{"@type":"EntryPoint","urlTemplate":"https:\/\/www.smartphoto.se\/blogg\/?s={search_term_string}"},"query-input":{"@type":"PropertyValueSpecification","valueRequired":true,"valueName":"search_term_string"}}],"inLanguage":"sv-SE"},{"@type":"Person","@id":"https:\/\/www.smartphoto.se\/blogg\/#\/schema\/person\/c256b3f50ae468ee69f4b486108c797b","name":"admin","image":{"@type":"ImageObject","inLanguage":"sv-SE","@id":"https:\/\/www.smartphoto.se\/blogg\/#\/schema\/person\/image\/","url":"https:\/\/secure.gravatar.com\/avatar\/8f9488249a21b1f2cc85dc7982dc95c4?s=96&d=mm&r=g","contentUrl":"https:\/\/secure.gravatar.com\/avatar\/8f9488249a21b1f2cc85dc7982dc95c4?s=96&d=mm&r=g","caption":"admin"},"url":"https:\/\/www.smartphoto.se\/blogg\/author\/admin"}]}},"_links":{"self":[{"href":"https:\/\/www.smartphoto.se\/blogg\/wp-json\/wp\/v2\/posts\/7197","targetHints":{"allow":["GET"]}}],"collection":[{"href":"https:\/\/www.smartphoto.se\/blogg\/wp-json\/wp\/v2\/posts"}],"about":[{"href":"https:\/\/www.smartphoto.se\/blogg\/wp-json\/wp\/v2\/types\/post"}],"author":[{"embeddable":true,"href":"https:\/\/www.smartphoto.se\/blogg\/wp-json\/wp\/v2\/users\/1"}],"replies":[{"embeddable":true,"href":"https:\/\/www.smartphoto.se\/blogg\/wp-json\/wp\/v2\/comments?post=7197"}],"version-history":[{"count":24,"href":"https:\/\/www.smartphoto.se\/blogg\/wp-json\/wp\/v2\/posts\/7197\/revisions"}],"predecessor-version":[{"id":8296,"href":"https:\/\/www.smartphoto.se\/blogg\/wp-json\/wp\/v2\/posts\/7197\/revisions\/8296"}],"wp:featuredmedia":[{"embeddable":true,"href":"https:\/\/www.smartphoto.se\/blogg\/wp-json\/wp\/v2\/media\/7201"}],"wp:attachment":[{"href":"https:\/\/www.smartphoto.se\/blogg\/wp-json\/wp\/v2\/media?parent=7197"}],"wp:term":[{"taxonomy":"category","embeddable":true,"href":"https:\/\/www.smartphoto.se\/blogg\/wp-json\/wp\/v2\/categories?post=7197"},{"taxonomy":"post_tag","embeddable":true,"href":"https:\/\/www.smartphoto.se\/blogg\/wp-json\/wp\/v2\/tags?post=7197"}],"curies":[{"name":"wp","href":"https:\/\/api.w.org\/{rel}","templated":true}]}}