{"id":7149,"date":"2019-11-08T07:54:16","date_gmt":"2019-11-08T06:54:16","guid":{"rendered":"\/blogg\/?p=7149"},"modified":"2019-12-06T13:30:36","modified_gmt":"2019-12-06T12:30:36","slug":"adventskalender-med-dina-foton","status":"publish","type":"post","link":"https:\/\/www.smartphoto.se\/blogg\/adventskalender-med-dina-foton","title":{"rendered":"VIDEO DIY &#8211; S\u00e5 g\u00f6r du en unik adventskalender med dina foton!"},"content":{"rendered":"\n<p>G\u00f6r din egen adventskalender med dina foton! Ett superenkelt DIY p\u00e5 hur du kan skapa och pyssla med dina Smartphoto-bilder och fotoprodukter!  <br>R\u00e4kna ner till julafton genom att v\u00e4nda ett foto per dag! Bakom varje foto finner du ett fint minne blandat med h\u00e4rliga familjeuppdrag och upplyftande ord. Sj\u00e4lvklart best\u00e4mmer du inneh\u00e5llet i dina &#8221;luckor&#8221; helt sj\u00e4lv! Vad v\u00e4ntar under din lucka 24?  <br>Se filmen nedan och l\u00e4s v\u00e5r enkla steg-f\u00f6r-steg-guide f\u00f6r att skapa din unika adventskalender med foto!<\/p>\n\n\n\n<figure class=\"wp-block-embed-youtube wp-block-embed is-type-video is-provider-youtube wp-embed-aspect-4-3 wp-has-aspect-ratio\"><div class=\"wp-block-embed__wrapper\">\n<iframe loading=\"lazy\" title=\"DIY - S\u00e5 g\u00f6r du en unik adventskalender med dina foton!\" width=\"680\" height=\"510\" src=\"https:\/\/www.youtube.com\/embed\/FK7bILfABiE?feature=oembed\" frameborder=\"0\" allow=\"accelerometer; autoplay; encrypted-media; gyroscope; picture-in-picture\" allowfullscreen><\/iframe>\n<\/div><\/figure>\n\n\n\n<h2 class=\"wp-block-heading\">Detta beh\u00f6ver du:<\/h2>\n\n\n\n<ul class=\"wp-block-list\"><li>Bilder i box &#8211; retrobilder med text  &#8211; <a href=\"https:\/\/www.smartphoto.se\/bilder-fotoforstoring-fotohaften\/bilder-i-box\">Best\u00e4ll h\u00e4r<\/a><\/li><li><a href=\"https:\/\/www.smartphoto.se\/fotopresenter\/etiketter-burk\">24 klisterm\u00e4rken<\/a> &#8211; ladda hem v\u00e5r juliga design med siffror gratis <a href=\"https:\/\/www.smartphoto-media.com\/nordics\/blog\/stickers.zip\">h\u00e4r<\/a><\/li><li>En gammal ram (fynda g\u00e4rna p\u00e5 en loppisbutik)<\/li><li>Hampasn\u00f6re<\/li><li>24 sm\u00e5 kl\u00e4dnypor <\/li><li>H\u00e4ftstift<\/li><\/ul>\n\n\n\n<figure class=\"wp-block-image\"><img loading=\"lazy\" decoding=\"async\" width=\"720\" height=\"360\" src=\"https:\/\/storage.googleapis.com\/smartphoto-express-production-wp-blogs-com\/11\/2019\/10\/Bild-3-1.jpg\" alt=\"\" class=\"wp-image-7156\" srcset=\"https:\/\/storage.googleapis.com\/smartphoto-express-production-wp-blogs-com\/11\/2019\/10\/Bild-3-1.jpg 720w, https:\/\/storage.googleapis.com\/smartphoto-express-production-wp-blogs-com\/11\/2019\/10\/Bild-3-1-300x150.jpg 300w\" sizes=\"auto, (max-width: 720px) 100vw, 720px\" \/><\/figure>\n\n\n\n<h2 class=\"wp-block-heading\">S\u00e5 h\u00e4r g\u00f6r du: <\/h2>\n\n\n\n<h3 class=\"wp-block-heading\">1. Prova hur m\u00e5nga bilder du f\u00e5r plats med p\u00e5 bredden i din ram<\/h3>\n\n\n\n<figure class=\"wp-block-image\"><img loading=\"lazy\" decoding=\"async\" width=\"720\" height=\"360\" src=\"https:\/\/storage.googleapis.com\/smartphoto-express-production-wp-blogs-com\/11\/2019\/10\/Bild-4-2.jpg\" alt=\"\" class=\"wp-image-7158\" srcset=\"https:\/\/storage.googleapis.com\/smartphoto-express-production-wp-blogs-com\/11\/2019\/10\/Bild-4-2.jpg 720w, https:\/\/storage.googleapis.com\/smartphoto-express-production-wp-blogs-com\/11\/2019\/10\/Bild-4-2-300x150.jpg 300w\" sizes=\"auto, (max-width: 720px) 100vw, 720px\" \/><\/figure>\n\n\n\n<p>Beroende p\u00e5 storleken p\u00e5 din ram s\u00e5 \u00e4r f\u00f6rsta steget att r\u00e4kna p\u00e5 hur m\u00e5nga bilder som du ska ha per rad. Bilder i box-bilderna har storleken  10,2 cm x 11,9 cm. Ramen vi anv\u00e4nder i detta tips har innerm\u00e5tten 67 cm x 88 cm, vilket gjorde att vi fick plats med 4 bilder p\u00e5 varje rad med totalt 6 rader.<br> <br><em><strong>Tips:<\/strong> Den fina ramen i guld hittade vi p\u00e5 n\u00e4rmaste loppisbutik. Ger en rustik k\u00e4nsla f\u00f6r en billig peng!<\/em><\/p>\n\n\n\n<h3 class=\"wp-block-heading\">2. F\u00e4st s\u00e5 m\u00e5nga rader som du beh\u00f6ver med hampasn\u00f6re <\/h3>\n\n\n\n<figure class=\"wp-block-image\"><img loading=\"lazy\" decoding=\"async\" width=\"720\" height=\"360\" src=\"https:\/\/storage.googleapis.com\/smartphoto-express-production-wp-blogs-com\/11\/2019\/10\/Bild-6-1.jpg\" alt=\"\" class=\"wp-image-7162\" srcset=\"https:\/\/storage.googleapis.com\/smartphoto-express-production-wp-blogs-com\/11\/2019\/10\/Bild-6-1.jpg 720w, https:\/\/storage.googleapis.com\/smartphoto-express-production-wp-blogs-com\/11\/2019\/10\/Bild-6-1-300x150.jpg 300w\" sizes=\"auto, (max-width: 720px) 100vw, 720px\" \/><\/figure>\n\n\n\n<p>F\u00f6r att f\u00e5 till fina rader av &#8221;luckor&#8221; till din adventskalender v\u00e4nder du p\u00e5 din ram. Sedan m\u00e4ter du med en linjal eller ett m\u00e5ttband f\u00f6r att markera hur l\u00e5ngt du ska ha mellan varje sn\u00f6re. F\u00e4st sedan hampasn\u00f6ret med ett h\u00e4ftstift.<\/p>\n\n\n\n<h3 class=\"wp-block-heading\">3. L\u00e4gg ut bilderna i den ordning du \u00f6nskar<\/h3>\n\n\n\n<figure class=\"wp-block-image\"><img loading=\"lazy\" decoding=\"async\" width=\"720\" height=\"360\" src=\"https:\/\/storage.googleapis.com\/smartphoto-express-production-wp-blogs-com\/11\/2019\/11\/bilder.jpg\" alt=\"\" class=\"wp-image-7191\" srcset=\"https:\/\/storage.googleapis.com\/smartphoto-express-production-wp-blogs-com\/11\/2019\/11\/bilder.jpg 720w, https:\/\/storage.googleapis.com\/smartphoto-express-production-wp-blogs-com\/11\/2019\/11\/bilder-300x150.jpg 300w\" sizes=\"auto, (max-width: 720px) 100vw, 720px\" \/><\/figure>\n\n\n\n<p>Det \u00e4r bra om du redan innan du f\u00e4ster dina bilder i din adventskalender har best\u00e4mt dig f\u00f6r i vilken ordning dina &#8221;uppdrag&#8221; ska hamna. Detta g\u00f6r du enklast genom att placera ut dina bilder p\u00e5 ett bord. Testa dig sedan fram tills du har en ordning som k\u00e4nns logisk och d\u00e4r helheten ser bra ut n\u00e4r alla &#8221;luckor&#8221; \u00e4r v\u00e4nda med fotot fram\u00e5t den 24 december.<\/p>\n\n\n\n<h3 class=\"wp-block-heading\"> 3. V\u00e4nd p\u00e5 bilderna och s\u00e4tt fast dina klisterm\u00e4rken <\/h3>\n\n\n\n<div class=\"wp-block-media-text alignwide\"><figure class=\"wp-block-media-text__media\"><img loading=\"lazy\" decoding=\"async\" width=\"360\" height=\"360\" src=\"https:\/\/storage.googleapis.com\/smartphoto-express-production-wp-blogs-com\/11\/2019\/11\/Klistermarken.jpg\" alt=\"\" class=\"wp-image-7175\" srcset=\"https:\/\/storage.googleapis.com\/smartphoto-express-production-wp-blogs-com\/11\/2019\/11\/Klistermarken.jpg 360w, https:\/\/storage.googleapis.com\/smartphoto-express-production-wp-blogs-com\/11\/2019\/11\/Klistermarken-150x150.jpg 150w, https:\/\/storage.googleapis.com\/smartphoto-express-production-wp-blogs-com\/11\/2019\/11\/Klistermarken-300x300.jpg 300w\" sizes=\"auto, (max-width: 360px) 100vw, 360px\" \/><\/figure><div class=\"wp-block-media-text__content\">\n<p>N\u00e4r du best\u00e4mt ordningen p\u00e5 bilderna v\u00e4nder du p\u00e5 dem och f\u00e4ster dina klisterm\u00e4rken med siffrorna  1-24 p\u00e5 dina bilder. Vi anv\u00e4nde <a href=\"https:\/\/www.smartphoto.se\/fotopresenter\/etiketter-burk\">runda klisterm\u00e4rken<\/a> i storlek 9 x 9 cm.<br><br><em><strong>Tips.<\/strong> Ladda hem v\u00e5r fina juldesign f\u00f6r siffror helt gratis <a href=\"https:\/\/www.smartphoto-media.com\/nordics\/blog\/stickers.zip\">h\u00e4r<\/a>. Anv\u00e4nd sedan denna n\u00e4r du best\u00e4ller dina <a href=\"https:\/\/www.smartphoto.se\/fotopresenter\/etiketter-burk\">klisterm\u00e4rken<\/a><\/em>.<\/p>\n<\/div><\/div>\n\n\n\n<h2 class=\"wp-block-heading\"> 4. H\u00e4ng upp din ram p\u00e5  v\u00e4ggen <\/h2>\n\n\n\n<div class=\"wp-block-media-text alignwide\"><figure class=\"wp-block-media-text__media\"><img loading=\"lazy\" decoding=\"async\" width=\"360\" height=\"360\" src=\"https:\/\/storage.googleapis.com\/smartphoto-express-production-wp-blogs-com\/11\/2019\/11\/ram.jpg\" alt=\"\" class=\"wp-image-7176\" srcset=\"https:\/\/storage.googleapis.com\/smartphoto-express-production-wp-blogs-com\/11\/2019\/11\/ram.jpg 360w, https:\/\/storage.googleapis.com\/smartphoto-express-production-wp-blogs-com\/11\/2019\/11\/ram-150x150.jpg 150w, https:\/\/storage.googleapis.com\/smartphoto-express-production-wp-blogs-com\/11\/2019\/11\/ram-300x300.jpg 300w\" sizes=\"auto, (max-width: 360px) 100vw, 360px\" \/><\/figure><div class=\"wp-block-media-text__content\">\n<p>H\u00e4ng du upp din ram p\u00e5 v\u00e4ggen eller st\u00e4ll den p\u00e5 en b\u00e4nk lutad mot en v\u00e4gg. <br><br>Genom att ha ramen p\u00e5 plats blir det mycket enklare att forts\u00e4tta ditt skapande av din adventskalender med foto.<\/p>\n<\/div><\/div>\n\n\n\n<h3 class=\"wp-block-heading\"> 5. F\u00e4st dina foton med kl\u00e4dnypor <\/h3>\n\n\n\n<figure class=\"wp-block-image\"><img loading=\"lazy\" decoding=\"async\" width=\"720\" height=\"360\" src=\"https:\/\/storage.googleapis.com\/smartphoto-express-production-wp-blogs-com\/11\/2019\/11\/Bild-9-small.jpg\" alt=\"\" class=\"wp-image-7178\" srcset=\"https:\/\/storage.googleapis.com\/smartphoto-express-production-wp-blogs-com\/11\/2019\/11\/Bild-9-small.jpg 720w, https:\/\/storage.googleapis.com\/smartphoto-express-production-wp-blogs-com\/11\/2019\/11\/Bild-9-small-300x150.jpg 300w\" sizes=\"auto, (max-width: 720px) 100vw, 720px\" \/><\/figure>\n\n\n\n<p>Med ramen st\u00e5ende kan du nu enkelt f\u00e4sta alla dina 24 foton med baksidan med de vackra klisterm\u00e4rkena v\u00e4nd mot dig. <\/p>\n\n\n\n<h3 class=\"wp-block-heading\"> 6. V\u00e4nd p\u00e5 en bild per dag fram till jul! <\/h3>\n\n\n\n<div class=\"wp-block-media-text alignwide\"><figure class=\"wp-block-media-text__media\"><img loading=\"lazy\" decoding=\"async\" width=\"360\" height=\"360\" src=\"https:\/\/storage.googleapis.com\/smartphoto-express-production-wp-blogs-com\/11\/2019\/11\/adventskalender.jpg\" alt=\"\" class=\"wp-image-7184\" srcset=\"https:\/\/storage.googleapis.com\/smartphoto-express-production-wp-blogs-com\/11\/2019\/11\/adventskalender.jpg 360w, https:\/\/storage.googleapis.com\/smartphoto-express-production-wp-blogs-com\/11\/2019\/11\/adventskalender-150x150.jpg 150w, https:\/\/storage.googleapis.com\/smartphoto-express-production-wp-blogs-com\/11\/2019\/11\/adventskalender-300x300.jpg 300w\" sizes=\"auto, (max-width: 360px) 100vw, 360px\" \/><\/figure><div class=\"wp-block-media-text__content\">\n<p>Nu \u00e5terst\u00e5r bara det roligaste.  N\u00e4mligen att v\u00e4nda en lucka per dag \u00e4nda fram till jul! <br><br><em><strong>Tips: <\/strong>Vill du veta mer om hur vi skapade produkterna till v\u00e5r adventskalender med foto finner du en mer utf\u00f6rlig f\u00f6rklaring h\u00e4r nedan om hur du g\u00e5r tillv\u00e4ga. <\/em><\/p>\n<\/div><\/div>\n\n\n\n<h3 class=\"wp-block-heading\">Produkterna vi anv\u00e4nde &#8211; s\u00e5 h\u00e4r best\u00e4ller du<\/h3>\n\n\n\n<h3 class=\"wp-block-heading\">Retrobilder<\/h3>\n\n\n\n<div class=\"wp-block-media-text alignwide\"><figure class=\"wp-block-media-text__media\"><img loading=\"lazy\" decoding=\"async\" width=\"360\" height=\"360\" src=\"https:\/\/storage.googleapis.com\/smartphoto-express-production-wp-blogs-com\/11\/2019\/11\/Bild-8-small.jpg\" alt=\"\" class=\"wp-image-7181\" srcset=\"https:\/\/storage.googleapis.com\/smartphoto-express-production-wp-blogs-com\/11\/2019\/11\/Bild-8-small.jpg 360w, https:\/\/storage.googleapis.com\/smartphoto-express-production-wp-blogs-com\/11\/2019\/11\/Bild-8-small-150x150.jpg 150w, https:\/\/storage.googleapis.com\/smartphoto-express-production-wp-blogs-com\/11\/2019\/11\/Bild-8-small-300x300.jpg 300w\" sizes=\"auto, (max-width: 360px) 100vw, 360px\" \/><\/figure><div class=\"wp-block-media-text__content\">\n<p>\n\nB\u00f6rja med att <a href=\"https:\/\/www.smartphoto.se\/bilder-fotoforstoring-fotohaften\/bilder-i-box\">best\u00e4lla dina bilder<\/a>. Vi har valt produkten &#8221;bilder i box&#8221;. N\u00e4r du skapar bilder i box s\u00e5 kan du \u00e4ven l\u00e4gga till en unik bildtext f\u00f6r varje bild. Det \u00e4r h\u00e4r du skriver in de olika uppdragen och upplyftande orden till den som ska f\u00e5 din adventskalender med foto. <a href=\"https:\/\/www.smartphoto.se\/bilder-fotoforstoring-fotohaften\/bilder-i-box\">Bilder i box<\/a> inneh\u00e5ller 36 bilder och kostar 199 kr. \n\n<\/p>\n<\/div><\/div>\n\n\n\n<h3 class=\"wp-block-heading\">S\u00e5 h\u00e4r skapar du dina bilder och klisterm\u00e4rken<\/h3>\n\n\n\n<div class=\"wp-block-media-text alignwide\"><figure class=\"wp-block-media-text__media\"><img loading=\"lazy\" decoding=\"async\" width=\"360\" height=\"360\" src=\"https:\/\/storage.googleapis.com\/smartphoto-express-production-wp-blogs-com\/11\/2019\/11\/Bild-7-small.jpg\" alt=\"\" class=\"wp-image-7182\" srcset=\"https:\/\/storage.googleapis.com\/smartphoto-express-production-wp-blogs-com\/11\/2019\/11\/Bild-7-small.jpg 360w, https:\/\/storage.googleapis.com\/smartphoto-express-production-wp-blogs-com\/11\/2019\/11\/Bild-7-small-150x150.jpg 150w, https:\/\/storage.googleapis.com\/smartphoto-express-production-wp-blogs-com\/11\/2019\/11\/Bild-7-small-300x300.jpg 300w\" sizes=\"auto, (max-width: 360px) 100vw, 360px\" \/><\/figure><div class=\"wp-block-media-text__content\">\n<p>P\u00e5 baksidan av varje foto s\u00e4tter vi fast stilrena klisterm\u00e4rken med siffrorna 1-24. Vill du anv\u00e4nda samma design p\u00e5 siffrorna som vi? Ladda d\u00e5 helt gratis hem dessa <a href=\"https:\/\/www.smartphoto-media.com\/nordics\/blog\/stickers.zip\">h\u00e4r<\/a>. Det \u00e4r v\u00e5r grafiker Lisa som har tagit fram denna design specifikt f\u00f6r att kunna skapa adventskalender med foto. F\u00f6r att f\u00e5 siffrorna som stilrena klisterm\u00e4rken anv\u00e4nder du dig av produkten <a href=\"https:\/\/www.smartphoto.se\/fotopresenter\/etiketter-burk\">etiketter f\u00f6r burkar<\/a>. Runda etiketter i storlek 9 x 9 cm. Etiketter i burkar kommer i paket om 8 etiketter s\u00e5 du beh\u00f6ver totalt 3 paket. <\/p>\n<\/div><\/div>\n\n\n\n<p>Lycka till med skapandet av din adventskalender med foto!<\/p>\n","protected":false},"excerpt":{"rendered":"<p>G\u00f6r din egen adventskalender med dina foton! Ett superenkelt DIY p\u00e5 hur du kan skapa och pyssla med dina Smartphoto-bilder och fotoprodukter! R\u00e4kna ner till julafton genom att v\u00e4nda ett foto per dag! Bakom varje foto finner du ett fint minne blandat med h\u00e4rliga familjeuppdrag och upplyftande ord. Sj\u00e4lvklart best\u00e4mmer du inneh\u00e5llet i dina &#8221;luckor&#8221; helt sj\u00e4lv! Vad v\u00e4ntar under din lucka 24? Se filmen nedan och l\u00e4s v\u00e5r enkla steg-f\u00f6r-steg-guide f\u00f6r att skapa din unika adventskalender med foto! Detta beh\u00f6ver du: Bilder i box &#8211; retrobilder med text &#8211; Best\u00e4ll h\u00e4r 24 klisterm\u00e4rken &#8211; ladda hem v\u00e5r juliga design<\/p>\n","protected":false},"author":1,"featured_media":7154,"comment_status":"open","ping_status":"open","sticky":false,"template":"","format":"standard","meta":{"om_disable_all_campaigns":false,"_monsterinsights_skip_tracking":false,"_monsterinsights_sitenote_active":false,"_monsterinsights_sitenote_note":"","_monsterinsights_sitenote_category":0,"footnotes":""},"categories":[5],"tags":[38,39,40],"class_list":["post-7149","post","type-post","status-publish","format-standard","has-post-thumbnail","hentry","category-insperation","tag-adventskalender","tag-adventskalender-med-foto","tag-diy-adventskalender"],"yoast_head":"<!-- This site is optimized with the Yoast SEO plugin v23.8 - https:\/\/yoast.com\/wordpress\/plugins\/seo\/ -->\n<title>Adventskalender med dina foton | DIY | Pysseminuten | VIDEO<\/title>\n<meta name=\"description\" content=\"Adventskalender med dina foton - skapa en unik adventskalender av dina bilder. Sj\u00e4lvklart best\u00e4mmer du inneh\u00e5llet i dina &quot;luckor&quot; helt sj\u00e4lv! Se DIY VIDEO!\" \/>\n<meta name=\"robots\" content=\"index, follow, max-snippet:-1, max-image-preview:large, max-video-preview:-1\" \/>\n<link rel=\"canonical\" href=\"https:\/\/www.smartphoto.se\/blogg\/adventskalender-med-dina-foton\" \/>\n<meta property=\"og:locale\" content=\"sv_SE\" \/>\n<meta property=\"og:type\" content=\"article\" \/>\n<meta property=\"og:title\" content=\"Adventskalender med dina foton | DIY | Pysseminuten | VIDEO\" \/>\n<meta property=\"og:description\" content=\"Adventskalender med dina foton - skapa en unik adventskalender av dina bilder. Sj\u00e4lvklart best\u00e4mmer du inneh\u00e5llet i dina &quot;luckor&quot; helt sj\u00e4lv! Se DIY VIDEO!\" \/>\n<meta property=\"og:url\" content=\"\/blogg\/adventskalender-med-dina-foton\" \/>\n<meta property=\"og:site_name\" content=\"smartphotoblogg Inspiration \u2013 Fototips \u2013 DIY\" \/>\n<meta property=\"article:publisher\" content=\"https:\/\/www.facebook.com\/smartphotose\" \/>\n<meta property=\"article:published_time\" content=\"2019-11-08T06:54:16+00:00\" \/>\n<meta property=\"article:modified_time\" content=\"2019-12-06T12:30:36+00:00\" \/>\n<meta property=\"og:image\" content=\"https:\/\/storage.googleapis.com\/smartphoto-express-production-wp-blogs-com\/11\/2019\/10\/Bild-9-small-1.jpg\" \/>\n\t<meta property=\"og:image:width\" content=\"720\" \/>\n\t<meta property=\"og:image:height\" content=\"360\" \/>\n\t<meta property=\"og:image:type\" content=\"image\/jpeg\" \/>\n<meta name=\"author\" content=\"admin\" \/>\n<meta name=\"twitter:card\" content=\"summary_large_image\" \/>\n<meta name=\"twitter:label1\" content=\"Written by\" \/>\n\t<meta name=\"twitter:data1\" content=\"admin\" \/>\n\t<meta name=\"twitter:label2\" content=\"Est. reading time\" \/>\n\t<meta name=\"twitter:data2\" content=\"4 minutes\" \/>\n<script type=\"application\/ld+json\" class=\"yoast-schema-graph\">{\"@context\":\"https:\/\/schema.org\",\"@graph\":[{\"@type\":\"WebPage\",\"@id\":\"\/blogg\/adventskalender-med-dina-foton\",\"url\":\"https:\/\/www.smartphoto.se\/blogg\/adventskalender-med-dina-foton\",\"name\":\"Adventskalender med dina foton | DIY | Pysseminuten | VIDEO\",\"isPartOf\":{\"@id\":\"https:\/\/www.smartphoto.se\/blogg\/#website\"},\"primaryImageOfPage\":{\"@id\":\"https:\/\/www.smartphoto.se\/blogg\/adventskalender-med-dina-foton#primaryimage\"},\"image\":{\"@id\":\"https:\/\/www.smartphoto.se\/blogg\/adventskalender-med-dina-foton#primaryimage\"},\"thumbnailUrl\":\"https:\/\/storage.googleapis.com\/smartphoto-express-production-wp-blogs-com\/11\/2019\/10\/Bild-9-small-1.jpg\",\"datePublished\":\"2019-11-08T06:54:16+00:00\",\"dateModified\":\"2019-12-06T12:30:36+00:00\",\"author\":{\"@id\":\"https:\/\/www.smartphoto.se\/blogg\/#\/schema\/person\/c256b3f50ae468ee69f4b486108c797b\"},\"description\":\"Adventskalender med dina foton - skapa en unik adventskalender av dina bilder. Sj\u00e4lvklart best\u00e4mmer du inneh\u00e5llet i dina \\\"luckor\\\" helt sj\u00e4lv! Se DIY VIDEO!\",\"breadcrumb\":{\"@id\":\"https:\/\/www.smartphoto.se\/blogg\/adventskalender-med-dina-foton#breadcrumb\"},\"inLanguage\":\"sv-SE\",\"potentialAction\":[{\"@type\":\"ReadAction\",\"target\":[\"https:\/\/www.smartphoto.se\/blogg\/adventskalender-med-dina-foton\"]}]},{\"@type\":\"ImageObject\",\"inLanguage\":\"sv-SE\",\"@id\":\"https:\/\/www.smartphoto.se\/blogg\/adventskalender-med-dina-foton#primaryimage\",\"url\":\"https:\/\/storage.googleapis.com\/smartphoto-express-production-wp-blogs-com\/11\/2019\/10\/Bild-9-small-1.jpg\",\"contentUrl\":\"https:\/\/storage.googleapis.com\/smartphoto-express-production-wp-blogs-com\/11\/2019\/10\/Bild-9-small-1.jpg\",\"width\":720,\"height\":360,\"caption\":\"Adventskalender med foto\"},{\"@type\":\"BreadcrumbList\",\"@id\":\"https:\/\/www.smartphoto.se\/blogg\/adventskalender-med-dina-foton#breadcrumb\",\"itemListElement\":[{\"@type\":\"ListItem\",\"position\":1,\"name\":\"Home\",\"item\":\"\/blogg\/\"},{\"@type\":\"ListItem\",\"position\":2,\"name\":\"VIDEO DIY &#8211; S\u00e5 g\u00f6r du en unik adventskalender med dina foton!\"}]},{\"@type\":\"WebSite\",\"@id\":\"https:\/\/www.smartphoto.se\/blogg\/#website\",\"url\":\"https:\/\/www.smartphoto.se\/blogg\/\",\"name\":\"smartphotoblogg Inspiration \u2013 Fototips \u2013 DIY\",\"description\":\"smartphotoblogg Inspiration \u2013 Fototips \u2013 DIY\",\"potentialAction\":[{\"@type\":\"SearchAction\",\"target\":{\"@type\":\"EntryPoint\",\"urlTemplate\":\"https:\/\/www.smartphoto.se\/blogg\/?s={search_term_string}\"},\"query-input\":{\"@type\":\"PropertyValueSpecification\",\"valueRequired\":true,\"valueName\":\"search_term_string\"}}],\"inLanguage\":\"sv-SE\"},{\"@type\":\"Person\",\"@id\":\"https:\/\/www.smartphoto.se\/blogg\/#\/schema\/person\/c256b3f50ae468ee69f4b486108c797b\",\"name\":\"admin\",\"image\":{\"@type\":\"ImageObject\",\"inLanguage\":\"sv-SE\",\"@id\":\"https:\/\/www.smartphoto.se\/blogg\/#\/schema\/person\/image\/\",\"url\":\"https:\/\/secure.gravatar.com\/avatar\/8f9488249a21b1f2cc85dc7982dc95c4?s=96&d=mm&r=g\",\"contentUrl\":\"https:\/\/secure.gravatar.com\/avatar\/8f9488249a21b1f2cc85dc7982dc95c4?s=96&d=mm&r=g\",\"caption\":\"admin\"},\"url\":\"https:\/\/www.smartphoto.se\/blogg\/author\/admin\"}]}<\/script>\n<!-- \/ Yoast SEO plugin. -->","yoast_head_json":{"title":"Adventskalender med dina foton | DIY | Pysseminuten | VIDEO","description":"Adventskalender med dina foton - skapa en unik adventskalender av dina bilder. Sj\u00e4lvklart best\u00e4mmer du inneh\u00e5llet i dina \"luckor\" helt sj\u00e4lv! Se DIY VIDEO!","robots":{"index":"index","follow":"follow","max-snippet":"max-snippet:-1","max-image-preview":"max-image-preview:large","max-video-preview":"max-video-preview:-1"},"canonical":"https:\/\/www.smartphoto.se\/blogg\/adventskalender-med-dina-foton","og_locale":"sv_SE","og_type":"article","og_title":"Adventskalender med dina foton | DIY | Pysseminuten | VIDEO","og_description":"Adventskalender med dina foton - skapa en unik adventskalender av dina bilder. Sj\u00e4lvklart best\u00e4mmer du inneh\u00e5llet i dina \"luckor\" helt sj\u00e4lv! Se DIY VIDEO!","og_url":"\/blogg\/adventskalender-med-dina-foton","og_site_name":"smartphotoblogg Inspiration \u2013 Fototips \u2013 DIY","article_publisher":"https:\/\/www.facebook.com\/smartphotose","article_published_time":"2019-11-08T06:54:16+00:00","article_modified_time":"2019-12-06T12:30:36+00:00","og_image":[{"width":720,"height":360,"url":"https:\/\/storage.googleapis.com\/smartphoto-express-production-wp-blogs-com\/11\/2019\/10\/Bild-9-small-1.jpg","type":"image\/jpeg"}],"author":"admin","twitter_card":"summary_large_image","twitter_misc":{"Written by":"admin","Est. reading time":"4 minutes"},"schema":{"@context":"https:\/\/schema.org","@graph":[{"@type":"WebPage","@id":"\/blogg\/adventskalender-med-dina-foton","url":"https:\/\/www.smartphoto.se\/blogg\/adventskalender-med-dina-foton","name":"Adventskalender med dina foton | DIY | Pysseminuten | VIDEO","isPartOf":{"@id":"https:\/\/www.smartphoto.se\/blogg\/#website"},"primaryImageOfPage":{"@id":"https:\/\/www.smartphoto.se\/blogg\/adventskalender-med-dina-foton#primaryimage"},"image":{"@id":"https:\/\/www.smartphoto.se\/blogg\/adventskalender-med-dina-foton#primaryimage"},"thumbnailUrl":"https:\/\/storage.googleapis.com\/smartphoto-express-production-wp-blogs-com\/11\/2019\/10\/Bild-9-small-1.jpg","datePublished":"2019-11-08T06:54:16+00:00","dateModified":"2019-12-06T12:30:36+00:00","author":{"@id":"https:\/\/www.smartphoto.se\/blogg\/#\/schema\/person\/c256b3f50ae468ee69f4b486108c797b"},"description":"Adventskalender med dina foton - skapa en unik adventskalender av dina bilder. Sj\u00e4lvklart best\u00e4mmer du inneh\u00e5llet i dina \"luckor\" helt sj\u00e4lv! Se DIY VIDEO!","breadcrumb":{"@id":"https:\/\/www.smartphoto.se\/blogg\/adventskalender-med-dina-foton#breadcrumb"},"inLanguage":"sv-SE","potentialAction":[{"@type":"ReadAction","target":["https:\/\/www.smartphoto.se\/blogg\/adventskalender-med-dina-foton"]}]},{"@type":"ImageObject","inLanguage":"sv-SE","@id":"https:\/\/www.smartphoto.se\/blogg\/adventskalender-med-dina-foton#primaryimage","url":"https:\/\/storage.googleapis.com\/smartphoto-express-production-wp-blogs-com\/11\/2019\/10\/Bild-9-small-1.jpg","contentUrl":"https:\/\/storage.googleapis.com\/smartphoto-express-production-wp-blogs-com\/11\/2019\/10\/Bild-9-small-1.jpg","width":720,"height":360,"caption":"Adventskalender med foto"},{"@type":"BreadcrumbList","@id":"https:\/\/www.smartphoto.se\/blogg\/adventskalender-med-dina-foton#breadcrumb","itemListElement":[{"@type":"ListItem","position":1,"name":"Home","item":"\/blogg\/"},{"@type":"ListItem","position":2,"name":"VIDEO DIY &#8211; S\u00e5 g\u00f6r du en unik adventskalender med dina foton!"}]},{"@type":"WebSite","@id":"https:\/\/www.smartphoto.se\/blogg\/#website","url":"https:\/\/www.smartphoto.se\/blogg\/","name":"smartphotoblogg Inspiration \u2013 Fototips \u2013 DIY","description":"smartphotoblogg Inspiration \u2013 Fototips \u2013 DIY","potentialAction":[{"@type":"SearchAction","target":{"@type":"EntryPoint","urlTemplate":"https:\/\/www.smartphoto.se\/blogg\/?s={search_term_string}"},"query-input":{"@type":"PropertyValueSpecification","valueRequired":true,"valueName":"search_term_string"}}],"inLanguage":"sv-SE"},{"@type":"Person","@id":"https:\/\/www.smartphoto.se\/blogg\/#\/schema\/person\/c256b3f50ae468ee69f4b486108c797b","name":"admin","image":{"@type":"ImageObject","inLanguage":"sv-SE","@id":"https:\/\/www.smartphoto.se\/blogg\/#\/schema\/person\/image\/","url":"https:\/\/secure.gravatar.com\/avatar\/8f9488249a21b1f2cc85dc7982dc95c4?s=96&d=mm&r=g","contentUrl":"https:\/\/secure.gravatar.com\/avatar\/8f9488249a21b1f2cc85dc7982dc95c4?s=96&d=mm&r=g","caption":"admin"},"url":"https:\/\/www.smartphoto.se\/blogg\/author\/admin"}]}},"_links":{"self":[{"href":"https:\/\/www.smartphoto.se\/blogg\/wp-json\/wp\/v2\/posts\/7149","targetHints":{"allow":["GET"]}}],"collection":[{"href":"https:\/\/www.smartphoto.se\/blogg\/wp-json\/wp\/v2\/posts"}],"about":[{"href":"https:\/\/www.smartphoto.se\/blogg\/wp-json\/wp\/v2\/types\/post"}],"author":[{"embeddable":true,"href":"https:\/\/www.smartphoto.se\/blogg\/wp-json\/wp\/v2\/users\/1"}],"replies":[{"embeddable":true,"href":"https:\/\/www.smartphoto.se\/blogg\/wp-json\/wp\/v2\/comments?post=7149"}],"version-history":[{"count":32,"href":"https:\/\/www.smartphoto.se\/blogg\/wp-json\/wp\/v2\/posts\/7149\/revisions"}],"predecessor-version":[{"id":7305,"href":"https:\/\/www.smartphoto.se\/blogg\/wp-json\/wp\/v2\/posts\/7149\/revisions\/7305"}],"wp:featuredmedia":[{"embeddable":true,"href":"https:\/\/www.smartphoto.se\/blogg\/wp-json\/wp\/v2\/media\/7154"}],"wp:attachment":[{"href":"https:\/\/www.smartphoto.se\/blogg\/wp-json\/wp\/v2\/media?parent=7149"}],"wp:term":[{"taxonomy":"category","embeddable":true,"href":"https:\/\/www.smartphoto.se\/blogg\/wp-json\/wp\/v2\/categories?post=7149"},{"taxonomy":"post_tag","embeddable":true,"href":"https:\/\/www.smartphoto.se\/blogg\/wp-json\/wp\/v2\/tags?post=7149"}],"curies":[{"name":"wp","href":"https:\/\/api.w.org\/{rel}","templated":true}]}}