{"id":7102,"date":"2019-10-16T09:19:02","date_gmt":"2019-10-16T07:19:02","guid":{"rendered":"\/blogg\/?p=7102"},"modified":"2019-11-28T11:28:14","modified_gmt":"2019-11-28T10:28:14","slug":"fars-dag-present","status":"publish","type":"post","link":"https:\/\/www.smartphoto.se\/blogg\/fars-dag-present","title":{"rendered":"Fars dag-present &#8211; 9 tips p\u00e5 g\u00f6r-det-sj\u00e4lv-presenter till pappa!"},"content":{"rendered":"\n<p>Letar du efter inspiration till en <a href=\"https:\/\/www.smartphoto.se\/fars-dag\">fars dag-present?<\/a> L\u00e4s v\u00e5r guide nedan och hitta enkelt den perfekta och mest unika fars dag-presenten. En present som tydligt visar din pappa hur mycket han betyder f\u00f6r dig. M\u00f6jligen kommer han att s\u00e4ga dig att han inte \u00f6nskar sig n\u00e5got i \u00e5r. Detta faktum kommer bara att g\u00f6ra att han kommer att \u00e4lska att f\u00e5 en personlig g\u00e5va skapat med omtanke och k\u00e4rlek. Vad s\u00e4gs om en egengjord och unik fars dag-present att ha med till jobbet, hemmakontoret, garaget eller n\u00e4r pappa \u00e4r p\u00e5 spr\u00e5ng. Det finns m\u00e5nga fina och personliga g\u00e5vor som kan g\u00f6ra din pappa extra lycklig p\u00e5 sin speciella dag.<\/p>\n\n\n\n<h2 class=\"wp-block-heading\">Fars dag-present fr\u00e5n en dotter<\/h2>\n\n\n\n<h3 class=\"wp-block-heading\">En fars dag-fotobok med de b\u00e4sta bilderna p\u00e5 pappa och dotter<\/h3>\n\n\n\n<figure class=\"wp-block-image\"><img loading=\"lazy\" decoding=\"async\" width=\"720\" height=\"360\" src=\"https:\/\/storage.googleapis.com\/smartphoto-express-production-wp-blogs-com\/11\/2019\/10\/farsdag.jpg\" alt=\"fars dagpresent\" class=\"wp-image-7112\" srcset=\"https:\/\/storage.googleapis.com\/smartphoto-express-production-wp-blogs-com\/11\/2019\/10\/farsdag.jpg 720w, https:\/\/storage.googleapis.com\/smartphoto-express-production-wp-blogs-com\/11\/2019\/10\/farsdag-300x150.jpg 300w\" sizes=\"auto, (max-width: 720px) 100vw, 720px\" \/><\/figure>\n\n\n\n<p>En mycket popul\u00e4r fars dag-present \u00e4r en g\u00e5va full av pappa\/dotterminnen som han snabbt kan ta ner fr\u00e5n bokhyllan och bl\u00e4ddra i. Skapa en <a href=\"https:\/\/www.smartphoto.se\/fotobok\">fotobok<\/a> fylld med de b\u00e4sta bilderna av pappa och hans dotter. Det blir garanterat m\u00e5nga h\u00e4rliga stunder tillsammans d\u00e4r ni snabbt kan titta p\u00e5 \u00e4lskade minnen och bli lite nostalgiska.<\/p>\n\n\n\n<h3 class=\"wp-block-heading\">Mobilskal med foto<\/h3>\n\n\n\n<div class=\"wp-block-media-text alignwide\"><figure class=\"wp-block-media-text__media\"><img loading=\"lazy\" decoding=\"async\" width=\"360\" height=\"360\" src=\"https:\/\/storage.googleapis.com\/smartphoto-express-production-wp-blogs-com\/11\/2019\/10\/Bild-9-small.jpg\" alt=\"Fars dag - mobilskal\" class=\"wp-image-7111\" srcset=\"https:\/\/storage.googleapis.com\/smartphoto-express-production-wp-blogs-com\/11\/2019\/10\/Bild-9-small.jpg 360w, https:\/\/storage.googleapis.com\/smartphoto-express-production-wp-blogs-com\/11\/2019\/10\/Bild-9-small-150x150.jpg 150w, https:\/\/storage.googleapis.com\/smartphoto-express-production-wp-blogs-com\/11\/2019\/10\/Bild-9-small-300x300.jpg 300w\" sizes=\"auto, (max-width: 360px) 100vw, 360px\" \/><\/figure><div class=\"wp-block-media-text__content\">\n<p>Idag \u00e4r det st\u00f6rre chans att vi plockar fram v\u00e5ra mobiltelefoner \u00e4n v\u00e5ra pl\u00e5nb\u00f6cker. V\u00e4lj d\u00e4rf\u00f6r att ge ett unikt <a href=\"https:\/\/www.smartphoto.se\/search?searchTerm=skal+till+mobil+%26+surfplatta\">mobilskal<\/a>  som fars dagpresent. Skalet skyddar telefonen samtidigt som du kan trycka en bild p\u00e5 skalet som g\u00f6r pappa glad varje g\u00e5ng han tar upp sin telefon. V\u00e4lj t.ex. den b\u00e4sta bilden p\u00e5 pappa och dotter.<\/p>\n<\/div><\/div>\n\n\n\n<h2 class=\"wp-block-heading\">Ett personligt f\u00f6rkl\u00e4de<\/h2>\n\n\n\n<figure class=\"wp-block-image\"><img loading=\"lazy\" decoding=\"async\" width=\"720\" height=\"360\" src=\"https:\/\/storage.googleapis.com\/smartphoto-express-production-wp-blogs-com\/11\/2019\/10\/Bild-2.jpg\" alt=\"Fars dag present\" class=\"wp-image-7104\" srcset=\"https:\/\/storage.googleapis.com\/smartphoto-express-production-wp-blogs-com\/11\/2019\/10\/Bild-2.jpg 720w, https:\/\/storage.googleapis.com\/smartphoto-express-production-wp-blogs-com\/11\/2019\/10\/Bild-2-300x150.jpg 300w\" sizes=\"auto, (max-width: 720px) 100vw, 720px\" \/><\/figure>\n\n\n\n<p>Det kommer garanterat att bli mycket skratt och massor av kladd n\u00e4r pappa och dotter leker m\u00e4sterkockar i k\u00f6ket. Ge bort roliga stunder tillsammans i k\u00f6ket genom att skapa ett <a href=\"https:\/\/www.smartphoto.se\/fotopresenter\/forklade\">personligt f\u00f6rkl\u00e4de<\/a> till fars dag med bilder p\u00e5 pappa och dotter tryckt p\u00e5 f\u00f6rkl\u00e4det. F\u00f6rkl\u00e4det t\u00e5l maskintv\u00e4tt, \u00e4r av h\u00f6g kvalitet och t\u00e5l det faktum att pappa och dotter testar sig igenom flera kokb\u00f6cker och f\u00e5r massor av kvalitetstid tillsammans i k\u00f6ket.<br><br><em>Ps. F\u00f6rkl\u00e4det kan enkelt uppgraderas genom att komplettera med en <a href=\"https:\/\/www.smartphoto.se\/fotopresenter\/receptbok\">receptbok<\/a> med alla pappas favoritr\u00e4tter- D\u00e5 kanske \u00e4ven kommer att laga mat till er mer ofta. Win &#8211; win \ud83d\ude42 <\/em><\/p>\n\n\n\n<h2 class=\"wp-block-heading\">Fars dag present fr\u00e5n en son<\/h2>\n\n\n\n<h3 class=\"wp-block-heading\"> En personlig och unik kortlek<\/h3>\n\n\n\n<div class=\"wp-block-media-text alignwide\"><figure class=\"wp-block-media-text__media\"><img loading=\"lazy\" decoding=\"async\" width=\"360\" height=\"360\" src=\"https:\/\/storage.googleapis.com\/smartphoto-express-production-wp-blogs-com\/11\/2019\/10\/Bild-8-small-1.jpg\" alt=\"\" class=\"wp-image-7117\" srcset=\"https:\/\/storage.googleapis.com\/smartphoto-express-production-wp-blogs-com\/11\/2019\/10\/Bild-8-small-1.jpg 360w, https:\/\/storage.googleapis.com\/smartphoto-express-production-wp-blogs-com\/11\/2019\/10\/Bild-8-small-1-150x150.jpg 150w, https:\/\/storage.googleapis.com\/smartphoto-express-production-wp-blogs-com\/11\/2019\/10\/Bild-8-small-1-300x300.jpg 300w\" sizes=\"auto, (max-width: 360px) 100vw, 360px\" \/><\/figure><div class=\"wp-block-media-text__content\">\n<p>F\u00f6rvandla pappa till kung, mamma till drottning och sonen till knekt genom att skapa ett <a href=\"https:\/\/www.smartphoto.se\/fotopresenter\/spelkort\">personligt kortspel<\/a> med foto. Ta korten med dig p\u00e5 picknicken, resan eller ta fram under en mysig hemmakv\u00e4ll. Du v\u00e4ljer 7 av dina b\u00e4sta bilder (d\u00e4r du har m\u00f6jlighet att v\u00e4lja 1 bild f\u00f6r var och en av de 4 sviterna (ruter, hj\u00e4rter, spader och kl\u00f6ver), 1 f\u00f6r knektarna, 1 f\u00f6r damerna och 1 f\u00f6r kungarna). Ett kortspel \u00e4r perfekt f\u00f6r m\u00e5nga h\u00e4rliga timmar av kvalitetstid f\u00f6r Pappa och son.<\/p>\n<\/div><\/div>\n\n\n\n<h2 class=\"wp-block-heading\"> Fars dag bilder<\/h2>\n\n\n\n<figure class=\"wp-block-image\"><img loading=\"lazy\" decoding=\"async\" width=\"720\" height=\"360\" src=\"https:\/\/storage.googleapis.com\/smartphoto-express-production-wp-blogs-com\/11\/2019\/10\/Bild-4-1.jpg\" alt=\"\" class=\"wp-image-7119\" srcset=\"https:\/\/storage.googleapis.com\/smartphoto-express-production-wp-blogs-com\/11\/2019\/10\/Bild-4-1.jpg 720w, https:\/\/storage.googleapis.com\/smartphoto-express-production-wp-blogs-com\/11\/2019\/10\/Bild-4-1-300x150.jpg 300w\" sizes=\"auto, (max-width: 720px) 100vw, 720px\" \/><\/figure>\n\n\n\n<p>Vi lever i en digital tid d\u00e5 de flesta av v\u00e5ra foton endast tittas p\u00e5 genom en mobiltelefon, surfplatta eller laptop. \u00d6verraska pappa p\u00e5 fars dag genom att <a href=\"https:\/\/www.smartphoto.se\/bilder-fotoforstoring-fotohaften\">framkalla<\/a>  och ge bort n\u00e5gra av de finaste bilderna p\u00e5 pappa och barnen, eller hela familjen. Perfekt f\u00f6r att h\u00e4nga upp hemma eller ha med p\u00e5 kontoret. V\u00e4lj bland annat mellan <a href=\"https:\/\/www.smartphoto.se\/bilder-fotoforstoring-fotohaften\/panoramabilder\">panoramabilder<\/a>, <a href=\"https:\/\/www.smartphoto.se\/bilder-fotoforstoring-fotohaften\/supreme-flex-bilder?optiongroup=printscoloureffect\">svartvita bilder<\/a> och <a href=\"https:\/\/www.smartphoto.se\/bilder-fotoforstoring-fotohaften\/fotoforstoring\">f\u00f6rstoringar<\/a>. Hitta det format och storlek som passar er pappas stil och smak allra b\u00e4st.<\/p>\n\n\n\n<p><em>Tips. Fr\u00e5ga g\u00e4rna pappa och du kan f\u00e5 titta p\u00e5 bilderna som han har tagit med sin telefon. Oftast \u00e4r det s\u00e5 att bilderna vi har tagit sj\u00e4lva f\u00e5ngar de viktigaste \u00f6gonblicken f\u00f6r pappa.<\/em><\/p>\n\n\n\n<h3 class=\"wp-block-heading\">Fars dag t-shirt<\/h3>\n\n\n\n<figure class=\"wp-block-image\"><img loading=\"lazy\" decoding=\"async\" width=\"720\" height=\"360\" src=\"https:\/\/storage.googleapis.com\/smartphoto-express-production-wp-blogs-com\/11\/2019\/10\/Bild-3.jpg\" alt=\"fars dag presenter\" class=\"wp-image-7105\" srcset=\"https:\/\/storage.googleapis.com\/smartphoto-express-production-wp-blogs-com\/11\/2019\/10\/Bild-3.jpg 720w, https:\/\/storage.googleapis.com\/smartphoto-express-production-wp-blogs-com\/11\/2019\/10\/Bild-3-300x150.jpg 300w\" sizes=\"auto, (max-width: 720px) 100vw, 720px\" \/><\/figure>\n\n\n\n<p>Ge pappa en<a href=\"https:\/\/www.smartphoto.se\/fotopresenter\/t-shirt-med-foto\"> t-shirt<\/a> med en bild p\u00e5 sina barn. Du kan v\u00e4lja om du vill ha en stor bild eller ett kollage av de b\u00e4sta bilderna av pappa och barn. Du kan v\u00e4lja om du vill ha trycket p\u00e5 fram- eller baksidan av t-shirten. L\u00e4gg \u00e4ven enkelt till om du vill ha en text p\u00e5 din tr\u00f6ja. H\u00e4r kan du l\u00e4sa mer om hur du <a href=\"https:\/\/www.smartphoto.se\/blogg\/textiltryck\">skapar egen design p\u00e5 din t-shirt<\/a>.<\/p>\n\n\n\n<p>Vill du g\u00f6ra din egen Babyparkerings t-shirt som bilden ovan? <em>Klicka p\u00e5 f\u00f6ljande l\u00e4nkar i <a href=\"https:\/\/storage.googleapis.com\/smartphoto-express-production-wp-blogs-com\/11\/2017\/05\/Smartphoto_Blog_BabyParking_White_T-Shirt.png\"><strong>vit<\/strong><\/a> eller <a href=\"https:\/\/storage.googleapis.com\/smartphoto-express-production-wp-blogs-com\/11\/2017\/05\/Smartphoto_Blog_BabyParking_Black_T-Shirt.png\"><strong>svart<\/strong><\/a> och ladda ner den bilden och sedan skapar du en T-shirt <a href=\"https:\/\/www.smartphoto.se\/fotopresenter\/t-shirt-med-foto\">h\u00e4r<\/a><\/em><\/p>\n\n\n\n<h3 class=\"wp-block-heading\">Fars dag-present fr baby<\/h3>\n\n\n\n<figure class=\"wp-block-image\"><img loading=\"lazy\" decoding=\"async\" width=\"720\" height=\"360\" src=\"https:\/\/storage.googleapis.com\/smartphoto-express-production-wp-blogs-com\/11\/2019\/10\/Bild-6.jpg\" alt=\"Fars dag present \" class=\"wp-image-7108\" srcset=\"https:\/\/storage.googleapis.com\/smartphoto-express-production-wp-blogs-com\/11\/2019\/10\/Bild-6.jpg 720w, https:\/\/storage.googleapis.com\/smartphoto-express-production-wp-blogs-com\/11\/2019\/10\/Bild-6-300x150.jpg 300w\" sizes=\"auto, (max-width: 720px) 100vw, 720px\" \/><\/figure>\n\n\n\n<p>Dricker pappa kaffe, te eller annan varm dryck varje dag? Ge honom en mugg med foto p\u00e5 barnen som fars dag-present. V\u00e4lj mellan olika typer av <a href=\"https:\/\/www.smartphoto.se\/fotopresenter\/muggar\">muggar<\/a>, f\u00e4rger och designval beroende p\u00e5 om muggen \u00e4r menad f\u00f6r att ha hemma eller till arbetet. Muggen fungerar \u00e4ven utm\u00e4rkt till att f\u00f6rvara pennor och andra skrivbordstillbeh\u00f6r. \u00c4r det en nybliven pappa som ska f\u00e5 sin f\u00f6rsta fars dag present? Kolla g\u00e4rna n\u00e4rmare p\u00e5 <a href=\"https:\/\/www.smartphoto.se\/blogg\/farsdag-2\">detta inl\u00e4gg<\/a>.<\/p>\n\n\n\n<h2 class=\"wp-block-heading\">\u00c4r det dags att k\u00f6pa en g\u00e5va till fars dag?  <\/h2>\n\n\n\n<p>Varje \u00e5r g\u00e5r tusentals barn i alla \u00e5ldrar online f\u00f6r att svara: N\u00e4r \u00e4r fars dag? Fars dag firas alltid i Sverige den andra s\u00f6ndagen i november f\u00f6r att hylla v\u00e5ra pappor och \u00e4r precis som mors dag, ett tillf\u00e4lle att uppm\u00e4rksamma en f\u00f6r\u00e4lder lite extra. Fars dag \u00e4r fr\u00e5n Spokane, USA, d\u00e4r den firades f\u00f6rsta g\u00e5ngen 19. Juni 1910. Det \u00e4r ok\u00e4nt om fars dag-presenter gavs redan p\u00e5 den tiden. Vi hoppas det. Vet du vad du ska ge i present till fars dag? Kanske vill ni ge honom en heldag? L\u00e4s d\u00e5 vidare i <a href=\"https:\/\/www.smartphoto.se\/blogg\/farsdag\">detta inl\u00e4gg<\/a>.<\/p>\n","protected":false},"excerpt":{"rendered":"<p>Skapa en fars dag-present med hj\u00e4lp av dina bilder. Vi har samlat de mest popul\u00e4ra tipsen om fars dag-presenter i alla prisklasser p\u00e5 denna sida.<\/p>\n","protected":false},"author":1,"featured_media":7103,"comment_status":"open","ping_status":"open","sticky":false,"template":"","format":"standard","meta":{"om_disable_all_campaigns":false,"_monsterinsights_skip_tracking":false,"_monsterinsights_sitenote_active":false,"_monsterinsights_sitenote_note":"","_monsterinsights_sitenote_category":0,"footnotes":""},"categories":[5],"tags":[],"class_list":["post-7102","post","type-post","status-publish","format-standard","has-post-thumbnail","hentry","category-insperation"],"yoast_head":"<!-- This site is optimized with the Yoast SEO plugin v23.8 - https:\/\/yoast.com\/wordpress\/plugins\/seo\/ -->\n<title>Fars dag-present - 9 tips p\u00e5 personliga presenter till fars dag!<\/title>\n<meta name=\"description\" content=\"Skapa en fars dag-present med hj\u00e4lp av dina bilder. Vi har samlat de mest popul\u00e4ra tipsen om fars dag-presenter i alla prisklasser p\u00e5 denna sida.\" \/>\n<meta name=\"robots\" content=\"index, follow, max-snippet:-1, max-image-preview:large, max-video-preview:-1\" \/>\n<link rel=\"canonical\" href=\"https:\/\/www.smartphoto.se\/blogg\/fars-dag-present\" \/>\n<meta property=\"og:locale\" content=\"sv_SE\" \/>\n<meta property=\"og:type\" content=\"article\" \/>\n<meta property=\"og:title\" content=\"Fars dag-present - 9 tips p\u00e5 personliga presenter till fars dag!\" \/>\n<meta property=\"og:description\" content=\"Skapa en fars dag-present med hj\u00e4lp av dina bilder. Vi har samlat de mest popul\u00e4ra tipsen om fars dag-presenter i alla prisklasser p\u00e5 denna sida.\" \/>\n<meta property=\"og:url\" content=\"\/blogg\/fars-dag-present\" \/>\n<meta property=\"og:site_name\" content=\"smartphotoblogg Inspiration \u2013 Fototips \u2013 DIY\" \/>\n<meta property=\"article:publisher\" content=\"https:\/\/www.facebook.com\/smartphotose\" \/>\n<meta property=\"article:published_time\" content=\"2019-10-16T07:19:02+00:00\" \/>\n<meta property=\"article:modified_time\" content=\"2019-11-28T10:28:14+00:00\" \/>\n<meta property=\"og:image\" content=\"https:\/\/storage.googleapis.com\/smartphoto-express-production-wp-blogs-com\/11\/2019\/10\/Bild-1.jpg\" \/>\n\t<meta property=\"og:image:width\" content=\"720\" \/>\n\t<meta property=\"og:image:height\" content=\"360\" \/>\n\t<meta property=\"og:image:type\" content=\"image\/jpeg\" \/>\n<meta name=\"author\" content=\"admin\" \/>\n<meta name=\"twitter:card\" content=\"summary_large_image\" \/>\n<meta name=\"twitter:label1\" content=\"Written by\" \/>\n\t<meta name=\"twitter:data1\" content=\"admin\" \/>\n\t<meta name=\"twitter:label2\" content=\"Est. reading time\" \/>\n\t<meta name=\"twitter:data2\" content=\"5 minutes\" \/>\n<script type=\"application\/ld+json\" class=\"yoast-schema-graph\">{\"@context\":\"https:\/\/schema.org\",\"@graph\":[{\"@type\":\"WebPage\",\"@id\":\"\/blogg\/fars-dag-present\",\"url\":\"https:\/\/www.smartphoto.se\/blogg\/fars-dag-present\",\"name\":\"Fars dag-present - 9 tips p\u00e5 personliga presenter till fars dag!\",\"isPartOf\":{\"@id\":\"https:\/\/www.smartphoto.se\/blogg\/#website\"},\"primaryImageOfPage\":{\"@id\":\"https:\/\/www.smartphoto.se\/blogg\/fars-dag-present#primaryimage\"},\"image\":{\"@id\":\"https:\/\/www.smartphoto.se\/blogg\/fars-dag-present#primaryimage\"},\"thumbnailUrl\":\"https:\/\/storage.googleapis.com\/smartphoto-express-production-wp-blogs-com\/11\/2019\/10\/Bild-1.jpg\",\"datePublished\":\"2019-10-16T07:19:02+00:00\",\"dateModified\":\"2019-11-28T10:28:14+00:00\",\"author\":{\"@id\":\"https:\/\/www.smartphoto.se\/blogg\/#\/schema\/person\/c256b3f50ae468ee69f4b486108c797b\"},\"description\":\"Skapa en fars dag-present med hj\u00e4lp av dina bilder. Vi har samlat de mest popul\u00e4ra tipsen om fars dag-presenter i alla prisklasser p\u00e5 denna sida.\",\"breadcrumb\":{\"@id\":\"https:\/\/www.smartphoto.se\/blogg\/fars-dag-present#breadcrumb\"},\"inLanguage\":\"sv-SE\",\"potentialAction\":[{\"@type\":\"ReadAction\",\"target\":[\"https:\/\/www.smartphoto.se\/blogg\/fars-dag-present\"]}]},{\"@type\":\"ImageObject\",\"inLanguage\":\"sv-SE\",\"@id\":\"https:\/\/www.smartphoto.se\/blogg\/fars-dag-present#primaryimage\",\"url\":\"https:\/\/storage.googleapis.com\/smartphoto-express-production-wp-blogs-com\/11\/2019\/10\/Bild-1.jpg\",\"contentUrl\":\"https:\/\/storage.googleapis.com\/smartphoto-express-production-wp-blogs-com\/11\/2019\/10\/Bild-1.jpg\",\"width\":720,\"height\":360,\"caption\":\"Fars dagpresent\"},{\"@type\":\"BreadcrumbList\",\"@id\":\"https:\/\/www.smartphoto.se\/blogg\/fars-dag-present#breadcrumb\",\"itemListElement\":[{\"@type\":\"ListItem\",\"position\":1,\"name\":\"Home\",\"item\":\"\/blogg\/\"},{\"@type\":\"ListItem\",\"position\":2,\"name\":\"Fars dag-present &#8211; 9 tips p\u00e5 g\u00f6r-det-sj\u00e4lv-presenter till pappa!\"}]},{\"@type\":\"WebSite\",\"@id\":\"https:\/\/www.smartphoto.se\/blogg\/#website\",\"url\":\"https:\/\/www.smartphoto.se\/blogg\/\",\"name\":\"smartphotoblogg Inspiration \u2013 Fototips \u2013 DIY\",\"description\":\"smartphotoblogg Inspiration \u2013 Fototips \u2013 DIY\",\"potentialAction\":[{\"@type\":\"SearchAction\",\"target\":{\"@type\":\"EntryPoint\",\"urlTemplate\":\"https:\/\/www.smartphoto.se\/blogg\/?s={search_term_string}\"},\"query-input\":{\"@type\":\"PropertyValueSpecification\",\"valueRequired\":true,\"valueName\":\"search_term_string\"}}],\"inLanguage\":\"sv-SE\"},{\"@type\":\"Person\",\"@id\":\"https:\/\/www.smartphoto.se\/blogg\/#\/schema\/person\/c256b3f50ae468ee69f4b486108c797b\",\"name\":\"admin\",\"image\":{\"@type\":\"ImageObject\",\"inLanguage\":\"sv-SE\",\"@id\":\"https:\/\/www.smartphoto.se\/blogg\/#\/schema\/person\/image\/\",\"url\":\"https:\/\/secure.gravatar.com\/avatar\/8f9488249a21b1f2cc85dc7982dc95c4?s=96&d=mm&r=g\",\"contentUrl\":\"https:\/\/secure.gravatar.com\/avatar\/8f9488249a21b1f2cc85dc7982dc95c4?s=96&d=mm&r=g\",\"caption\":\"admin\"},\"url\":\"https:\/\/www.smartphoto.se\/blogg\/author\/admin\"}]}<\/script>\n<!-- \/ Yoast SEO plugin. -->","yoast_head_json":{"title":"Fars dag-present - 9 tips p\u00e5 personliga presenter till fars dag!","description":"Skapa en fars dag-present med hj\u00e4lp av dina bilder. Vi har samlat de mest popul\u00e4ra tipsen om fars dag-presenter i alla prisklasser p\u00e5 denna sida.","robots":{"index":"index","follow":"follow","max-snippet":"max-snippet:-1","max-image-preview":"max-image-preview:large","max-video-preview":"max-video-preview:-1"},"canonical":"https:\/\/www.smartphoto.se\/blogg\/fars-dag-present","og_locale":"sv_SE","og_type":"article","og_title":"Fars dag-present - 9 tips p\u00e5 personliga presenter till fars dag!","og_description":"Skapa en fars dag-present med hj\u00e4lp av dina bilder. Vi har samlat de mest popul\u00e4ra tipsen om fars dag-presenter i alla prisklasser p\u00e5 denna sida.","og_url":"\/blogg\/fars-dag-present","og_site_name":"smartphotoblogg Inspiration \u2013 Fototips \u2013 DIY","article_publisher":"https:\/\/www.facebook.com\/smartphotose","article_published_time":"2019-10-16T07:19:02+00:00","article_modified_time":"2019-11-28T10:28:14+00:00","og_image":[{"width":720,"height":360,"url":"https:\/\/storage.googleapis.com\/smartphoto-express-production-wp-blogs-com\/11\/2019\/10\/Bild-1.jpg","type":"image\/jpeg"}],"author":"admin","twitter_card":"summary_large_image","twitter_misc":{"Written by":"admin","Est. reading time":"5 minutes"},"schema":{"@context":"https:\/\/schema.org","@graph":[{"@type":"WebPage","@id":"\/blogg\/fars-dag-present","url":"https:\/\/www.smartphoto.se\/blogg\/fars-dag-present","name":"Fars dag-present - 9 tips p\u00e5 personliga presenter till fars dag!","isPartOf":{"@id":"https:\/\/www.smartphoto.se\/blogg\/#website"},"primaryImageOfPage":{"@id":"https:\/\/www.smartphoto.se\/blogg\/fars-dag-present#primaryimage"},"image":{"@id":"https:\/\/www.smartphoto.se\/blogg\/fars-dag-present#primaryimage"},"thumbnailUrl":"https:\/\/storage.googleapis.com\/smartphoto-express-production-wp-blogs-com\/11\/2019\/10\/Bild-1.jpg","datePublished":"2019-10-16T07:19:02+00:00","dateModified":"2019-11-28T10:28:14+00:00","author":{"@id":"https:\/\/www.smartphoto.se\/blogg\/#\/schema\/person\/c256b3f50ae468ee69f4b486108c797b"},"description":"Skapa en fars dag-present med hj\u00e4lp av dina bilder. Vi har samlat de mest popul\u00e4ra tipsen om fars dag-presenter i alla prisklasser p\u00e5 denna sida.","breadcrumb":{"@id":"https:\/\/www.smartphoto.se\/blogg\/fars-dag-present#breadcrumb"},"inLanguage":"sv-SE","potentialAction":[{"@type":"ReadAction","target":["https:\/\/www.smartphoto.se\/blogg\/fars-dag-present"]}]},{"@type":"ImageObject","inLanguage":"sv-SE","@id":"https:\/\/www.smartphoto.se\/blogg\/fars-dag-present#primaryimage","url":"https:\/\/storage.googleapis.com\/smartphoto-express-production-wp-blogs-com\/11\/2019\/10\/Bild-1.jpg","contentUrl":"https:\/\/storage.googleapis.com\/smartphoto-express-production-wp-blogs-com\/11\/2019\/10\/Bild-1.jpg","width":720,"height":360,"caption":"Fars dagpresent"},{"@type":"BreadcrumbList","@id":"https:\/\/www.smartphoto.se\/blogg\/fars-dag-present#breadcrumb","itemListElement":[{"@type":"ListItem","position":1,"name":"Home","item":"\/blogg\/"},{"@type":"ListItem","position":2,"name":"Fars dag-present &#8211; 9 tips p\u00e5 g\u00f6r-det-sj\u00e4lv-presenter till pappa!"}]},{"@type":"WebSite","@id":"https:\/\/www.smartphoto.se\/blogg\/#website","url":"https:\/\/www.smartphoto.se\/blogg\/","name":"smartphotoblogg Inspiration \u2013 Fototips \u2013 DIY","description":"smartphotoblogg Inspiration \u2013 Fototips \u2013 DIY","potentialAction":[{"@type":"SearchAction","target":{"@type":"EntryPoint","urlTemplate":"https:\/\/www.smartphoto.se\/blogg\/?s={search_term_string}"},"query-input":{"@type":"PropertyValueSpecification","valueRequired":true,"valueName":"search_term_string"}}],"inLanguage":"sv-SE"},{"@type":"Person","@id":"https:\/\/www.smartphoto.se\/blogg\/#\/schema\/person\/c256b3f50ae468ee69f4b486108c797b","name":"admin","image":{"@type":"ImageObject","inLanguage":"sv-SE","@id":"https:\/\/www.smartphoto.se\/blogg\/#\/schema\/person\/image\/","url":"https:\/\/secure.gravatar.com\/avatar\/8f9488249a21b1f2cc85dc7982dc95c4?s=96&d=mm&r=g","contentUrl":"https:\/\/secure.gravatar.com\/avatar\/8f9488249a21b1f2cc85dc7982dc95c4?s=96&d=mm&r=g","caption":"admin"},"url":"https:\/\/www.smartphoto.se\/blogg\/author\/admin"}]}},"_links":{"self":[{"href":"https:\/\/www.smartphoto.se\/blogg\/wp-json\/wp\/v2\/posts\/7102","targetHints":{"allow":["GET"]}}],"collection":[{"href":"https:\/\/www.smartphoto.se\/blogg\/wp-json\/wp\/v2\/posts"}],"about":[{"href":"https:\/\/www.smartphoto.se\/blogg\/wp-json\/wp\/v2\/types\/post"}],"author":[{"embeddable":true,"href":"https:\/\/www.smartphoto.se\/blogg\/wp-json\/wp\/v2\/users\/1"}],"replies":[{"embeddable":true,"href":"https:\/\/www.smartphoto.se\/blogg\/wp-json\/wp\/v2\/comments?post=7102"}],"version-history":[{"count":24,"href":"https:\/\/www.smartphoto.se\/blogg\/wp-json\/wp\/v2\/posts\/7102\/revisions"}],"predecessor-version":[{"id":7141,"href":"https:\/\/www.smartphoto.se\/blogg\/wp-json\/wp\/v2\/posts\/7102\/revisions\/7141"}],"wp:featuredmedia":[{"embeddable":true,"href":"https:\/\/www.smartphoto.se\/blogg\/wp-json\/wp\/v2\/media\/7103"}],"wp:attachment":[{"href":"https:\/\/www.smartphoto.se\/blogg\/wp-json\/wp\/v2\/media?parent=7102"}],"wp:term":[{"taxonomy":"category","embeddable":true,"href":"https:\/\/www.smartphoto.se\/blogg\/wp-json\/wp\/v2\/categories?post=7102"},{"taxonomy":"post_tag","embeddable":true,"href":"https:\/\/www.smartphoto.se\/blogg\/wp-json\/wp\/v2\/tags?post=7102"}],"curies":[{"name":"wp","href":"https:\/\/api.w.org\/{rel}","templated":true}]}}