{"id":6716,"date":"2019-02-13T06:00:26","date_gmt":"2019-02-13T05:00:26","guid":{"rendered":"\/blogg\/?p=6716"},"modified":"2024-08-30T11:02:06","modified_gmt":"2024-08-30T09:02:06","slug":"personliga-barnkalas","status":"publish","type":"post","link":"https:\/\/www.smartphoto.se\/blogg\/personliga-barnkalas","title":{"rendered":"S\u00e5 skapar du ett personligt och unikt barnkalas!"},"content":{"rendered":"<p>H\u00e4r \u00e4r detaljerna som g\u00f6r ditt barnkalas b\u00e5de personligt och unikt!\u00a0<em>Vi \u00e4lskar barnkalas! Har du en liten (eller stor) som fyller \u00e5r inom kort? D\u00e5 \u00e4r detta blogginl\u00e4gg perfekt f\u00f6r dig (om inte, tipsa g\u00e4rna vidare till den du tror skulle beh\u00f6va lite inspiration). <\/em><\/p>\n<p>Som f\u00f6r\u00e4lder har du lyxen att \u00e5teruppleva barndomens f\u00f6delsedagar en g\u00e5ng till, nu genom ditt barns \u00f6gon. L\u00e5t barnkalaset bli en dag att minnas f\u00f6r alla. P\u00e5 ett barnkalas kan du verkligen sl\u00e4ppa alla h\u00e4mningar och g\u00e5 loss med pynt och dekorationer, det kan inte bli f\u00f6r mycket! H\u00e4r listar vi v\u00e5ra favoritdetaljer som g\u00f6r ditt barnkalas b\u00e5de personligt och unikt p\u00e5 ett v\u00e4ldigt enkelt s\u00e4tt!<\/p>\n<h2><strong>1. L\u00e5t personliga bilder leda v\u00e4gen till r\u00e4tt plats vid bordet<\/strong><\/h2>\n<p><a href=\"https:\/\/www.smartphoto.se\/bilder-fotoforstoring-fotohaften\/bilder-i-box\"><img loading=\"lazy\" decoding=\"async\" class=\"alignnone size-full wp-image-6723\" src=\"https:\/\/storage.googleapis.com\/smartphoto-express-production-wp-blogs-com\/11\/2019\/02\/Bild-1.jpg\" alt=\"barnkalas\" width=\"720\" height=\"360\" srcset=\"https:\/\/storage.googleapis.com\/smartphoto-express-production-wp-blogs-com\/11\/2019\/02\/Bild-1.jpg 720w, https:\/\/storage.googleapis.com\/smartphoto-express-production-wp-blogs-com\/11\/2019\/02\/Bild-1-300x150.jpg 300w\" sizes=\"auto, (max-width: 720px) 100vw, 720px\" \/><\/a><\/p>\n<p>Kanske \u00e4r det s\u00e5 att det \u00e4r sm\u00e5 &#8211; icke l\u00e4skunniga &#8211; barn p\u00e5 kalaset. Ett roligt s\u00e4tt att g\u00f6ra en bordsplacering p\u00e5, d\u00e4r barnen sj\u00e4lva kan hitta sin plats, \u00e4r att framkalla bilder p\u00e5 alla som kommer p\u00e5 kalaset. Best\u00e4ller du <a href=\"https:\/\/www.smartphoto.se\/bilder-fotoforstoring-fotohaften\/bilder-i-box\">bilder i box<\/a> s\u00e5 kan du dessutom l\u00e4gga till barnets namn och byta till en rolig bakgrund direkt i Smartphotos editor.<\/p>\n<h2><strong>2. G\u00f6r det extra festligt med lite &#8221;bubbel&#8221; p\u00e5 bordet<\/strong><\/h2>\n<p><a href=\"https:\/\/www.smartphoto.se\/fotopresenter\/flasketikett\"><img loading=\"lazy\" decoding=\"async\" class=\"alignnone size-full wp-image-6724\" src=\"https:\/\/storage.googleapis.com\/smartphoto-express-production-wp-blogs-com\/11\/2019\/02\/Bild-2.jpg\" alt=\"barnkalas\" width=\"720\" height=\"360\" srcset=\"https:\/\/storage.googleapis.com\/smartphoto-express-production-wp-blogs-com\/11\/2019\/02\/Bild-2.jpg 720w, https:\/\/storage.googleapis.com\/smartphoto-express-production-wp-blogs-com\/11\/2019\/02\/Bild-2-300x150.jpg 300w\" sizes=\"auto, (max-width: 720px) 100vw, 720px\" \/><\/a><\/p>\n<p>\u00c4ven fast det \u00e4r ett barnkalas s\u00e5 ska det givetvis finnas &#8221;bubbel&#8221; p\u00e5 bordet. Extra festligt blir det f\u00f6rst\u00e5s om sj\u00e4lva f\u00f6delsedagsbarnet f\u00e5r pryda flaskan. Fyll flaskan med hemmagjord saft eller annat gott. <a href=\"https:\/\/www.smartphoto.se\/fotopresenter\/flasketikett\">Flasketiketterna<\/a> kommer i pack om 6 etiketter, d\u00e4r du kan designa varje etikett separat med b\u00e5de text och bild.<\/p>\n<h2><strong>3. L\u00e5t f\u00f6delsedagsbarnet designa egna glasmuggar!<\/strong><\/h2>\n<p><img loading=\"lazy\" decoding=\"async\" class=\"alignnone wp-image-6697 size-full\" src=\"https:\/\/storage.googleapis.com\/smartphoto-express-production-wp-blogs-com\/11\/2019\/01\/Bild-6.jpg\" alt=\"barnkalas\" width=\"720\" height=\"360\" srcset=\"https:\/\/storage.googleapis.com\/smartphoto-express-production-wp-blogs-com\/11\/2019\/01\/Bild-6.jpg 720w, https:\/\/storage.googleapis.com\/smartphoto-express-production-wp-blogs-com\/11\/2019\/01\/Bild-6-300x150.jpg 300w\" sizes=\"auto, (max-width: 720px) 100vw, 720px\" \/><\/p>\n<p>Dukningen s\u00e4tter givetvis \u00e4ven den st\u00e4mningen p\u00e5 kalaset, \u00e4r det barnkalas s\u00e5 ska det sj\u00e4lvklart synas. Ett roligt s\u00e4tt (som du dessutom kan anv\u00e4nda \u00e4ven efter) \u00e4r att ta n\u00e5gra av f\u00f6delsedagsbarnets favoritteckningar och trycka p\u00e5 snygga glasmuggar med lock!<\/p>\n<h2><strong>4. L\u00e5t barnen spela spel med bilder p\u00e5 sig sj\u00e4lva!<\/strong><\/h2>\n<p><a href=\"https:\/\/www.smartphoto.se\/fotopresenter\/kortspel\"><img loading=\"lazy\" decoding=\"async\" class=\"alignnone size-full wp-image-6725\" src=\"https:\/\/storage.googleapis.com\/smartphoto-express-production-wp-blogs-com\/11\/2019\/02\/Bild-3.jpg\" alt=\"barnkalas\" width=\"720\" height=\"360\" srcset=\"https:\/\/storage.googleapis.com\/smartphoto-express-production-wp-blogs-com\/11\/2019\/02\/Bild-3.jpg 720w, https:\/\/storage.googleapis.com\/smartphoto-express-production-wp-blogs-com\/11\/2019\/02\/Bild-3-300x150.jpg 300w\" sizes=\"auto, (max-width: 720px) 100vw, 720px\" \/><\/a><\/p>\n<p>Ett kalas blir med f\u00f6rdel trevligare om det finns en uppstyrd aktivitet inplanerad. Ett roligt s\u00e4tt att aktivera barnen (\u00e4ven om ni har ett inomhuskalas) \u00e4r att spela spel tillsammans. Varf\u00f6r inte k\u00f6ra en <a href=\"https:\/\/www.smartphoto.se\/fotopresenter\/dominkort\">domino<\/a>\u00a0turnering, <a href=\"https:\/\/www.smartphoto.se\/fotopresenter\/spelkort\">spela kort<\/a> eller kanske familjefavoriten <a href=\"https:\/\/www.smartphoto.se\/fotopresenter\/lojliga-familjen\">L\u00f6jliga familjen<\/a>. Hos Smartphoto kan du dessutom best\u00e4lla alla dessa <a href=\"https:\/\/www.smartphoto.se\/fotopresenter\/kortspel\">spelkort<\/a> med bilder p\u00e5 barnen! P\u00e5 smartphoto.se kan du dessutom enkelt ladda ner alla spelregler.<\/p>\n<h2><strong>5. Det m\u00e5ste synas att det \u00e4r fest!<\/strong><\/h2>\n<p><img loading=\"lazy\" decoding=\"async\" class=\"alignnone size-full wp-image-6726\" src=\"https:\/\/storage.googleapis.com\/smartphoto-express-production-wp-blogs-com\/11\/2019\/02\/barnkalas1.jpg\" alt=\"barnkalas1\" width=\"720\" height=\"360\" srcset=\"https:\/\/storage.googleapis.com\/smartphoto-express-production-wp-blogs-com\/11\/2019\/02\/barnkalas1.jpg 720w, https:\/\/storage.googleapis.com\/smartphoto-express-production-wp-blogs-com\/11\/2019\/02\/barnkalas1-300x150.jpg 300w\" sizes=\"auto, (max-width: 720px) 100vw, 720px\" \/><\/p>\n<p>Ett l\u00e4tt s\u00e4tt att snabbt f\u00e5 till festst\u00e4mning \u00e4r <a href=\"https:\/\/www.smartphoto.se\/fotopresenter\/vimplar\">vimplar<\/a> i taket! Dessa \u00e4r i papper och kommer med 16 vimplar som du sj\u00e4lva enkelt trycker loss fr\u00e5n pappret genom perforeringen som \u00e4r f\u00f6rgjord. Sedan \u00e4r det bara att ta fram h\u00e4ftapparaten och h\u00e4fta ihop vimplarna p\u00e5 det medf\u00f6ljande sn\u00f6ret!<\/p>\n<h2><strong>6. Gratis mall till f\u00f6delsedagskrona, partyhatt och mask!<\/strong><\/h2>\n<p><a href=\"https:\/\/static2.contentsmartphoto.com\/content\/default_f2\/events\/birthday\/printables_smartphoto.pdf\"><img loading=\"lazy\" decoding=\"async\" class=\"alignnone size-full wp-image-6727\" src=\"https:\/\/storage.googleapis.com\/smartphoto-express-production-wp-blogs-com\/11\/2019\/02\/barnkalas2.jpg\" alt=\"barnkalas2\" width=\"720\" height=\"360\" srcset=\"https:\/\/storage.googleapis.com\/smartphoto-express-production-wp-blogs-com\/11\/2019\/02\/barnkalas2.jpg 720w, https:\/\/storage.googleapis.com\/smartphoto-express-production-wp-blogs-com\/11\/2019\/02\/barnkalas2-300x150.jpg 300w\" sizes=\"auto, (max-width: 720px) 100vw, 720px\" \/><\/a><\/p>\n<p>Vi har sparat det b\u00e4sta till sist! F\u00f6r att f\u00e5 g\u00e4sterna i extra festst\u00e4mning kan de sj\u00e4lva f\u00e5 pyssla ihop sina egna f\u00f6delsedagskronor, partyhattar och masker. Detta ger b\u00e5de en aktivitet till kalaset samtidigt som det \u00f6kar p\u00e5 kalasst\u00e4mningen. Mallarna laddas ner som en <a href=\"https:\/\/static2.contentsmartphoto.com\/content\/default_f2\/events\/birthday\/printables_smartphoto.pdf\">pdf<\/a> och skrivs enkelt ut p\u00e5 en skrivare. Instruktioner f\u00f6r hur de monteras ihop medf\u00f6ljer mallarna!<\/p>\n<p>Vilket tips gillade du b\u00e4st? Eller sitter du inne p\u00e5 \u00e4nnu b\u00e4ttre pysseltips? Skriv g\u00e4rna i kommentaren nedan!<\/p>\n","protected":false},"excerpt":{"rendered":"<p>H\u00e4r \u00e4r detaljerna som g\u00f6r ditt barnkalas b\u00e5de personligt och unikt!\u00a0Vi \u00e4lskar barnkalas! Har du en liten (eller stor) som fyller \u00e5r inom kort? D\u00e5 \u00e4r detta blogginl\u00e4gg perfekt f\u00f6r dig (om inte, tipsa g\u00e4rna vidare till den du tror skulle beh\u00f6va lite inspiration). Som f\u00f6r\u00e4lder har du lyxen att \u00e5teruppleva barndomens f\u00f6delsedagar en g\u00e5ng till, nu genom ditt barns \u00f6gon. L\u00e5t barnkalaset bli en dag att minnas f\u00f6r alla. P\u00e5 ett barnkalas kan du verkligen sl\u00e4ppa alla h\u00e4mningar och g\u00e5 loss med pynt och dekorationer, det kan inte bli f\u00f6r mycket! H\u00e4r listar vi v\u00e5ra favoritdetaljer som g\u00f6r ditt<\/p>\n","protected":false},"author":1,"featured_media":6718,"comment_status":"open","ping_status":"open","sticky":false,"template":"","format":"standard","meta":{"om_disable_all_campaigns":false,"_monsterinsights_skip_tracking":false,"_monsterinsights_sitenote_active":false,"_monsterinsights_sitenote_note":"","_monsterinsights_sitenote_category":0,"footnotes":""},"categories":[6],"tags":[],"class_list":["post-6716","post","type-post","status-publish","format-standard","has-post-thumbnail","hentry","category-pyssel-och-knap"],"yoast_head":"<!-- This site is optimized with the Yoast SEO plugin v23.8 - https:\/\/yoast.com\/wordpress\/plugins\/seo\/ -->\n<title>Barnkalas - g\u00f6r kalaset b\u00e5de personligt &amp; unikt! | Smartphoto<\/title>\n<meta name=\"description\" content=\"L\u00e5t barnkalaset bli en dag att minnas f\u00f6r alla. H\u00e4r listar vi detaljerna som g\u00f6r ditt barnkalas b\u00e5de personligt och unikt p\u00e5 ett v\u00e4ldigt enkelt s\u00e4tt!\" \/>\n<meta name=\"robots\" content=\"index, follow, max-snippet:-1, max-image-preview:large, max-video-preview:-1\" \/>\n<link rel=\"canonical\" href=\"https:\/\/www.smartphoto.se\/blogg\/personliga-barnkalas\" \/>\n<meta property=\"og:locale\" content=\"sv_SE\" \/>\n<meta property=\"og:type\" content=\"article\" \/>\n<meta property=\"og:title\" content=\"Barnkalas - g\u00f6r kalaset b\u00e5de personligt &amp; unikt! | Smartphoto\" \/>\n<meta property=\"og:description\" content=\"L\u00e5t barnkalaset bli en dag att minnas f\u00f6r alla. H\u00e4r listar vi detaljerna som g\u00f6r ditt barnkalas b\u00e5de personligt och unikt p\u00e5 ett v\u00e4ldigt enkelt s\u00e4tt!\" \/>\n<meta property=\"og:url\" content=\"https:\/\/www.smartphoto.se\/blogg\/personliga-barnkalas\" \/>\n<meta property=\"og:site_name\" content=\"smartphotoblogg Inspiration \u2013 Fototips \u2013 DIY\" \/>\n<meta property=\"article:publisher\" content=\"https:\/\/www.facebook.com\/smartphotose\" \/>\n<meta property=\"article:published_time\" content=\"2019-02-13T05:00:26+00:00\" \/>\n<meta property=\"article:modified_time\" content=\"2024-08-30T09:02:06+00:00\" \/>\n<meta property=\"og:image\" content=\"https:\/\/storage.googleapis.com\/smartphoto-express-production-wp-blogs-com\/11\/2019\/01\/Toppbild.jpg\" \/>\n\t<meta property=\"og:image:width\" content=\"720\" \/>\n\t<meta property=\"og:image:height\" content=\"360\" \/>\n\t<meta property=\"og:image:type\" content=\"image\/jpeg\" \/>\n<meta name=\"author\" content=\"admin\" \/>\n<meta name=\"twitter:card\" content=\"summary_large_image\" \/>\n<meta name=\"twitter:label1\" content=\"Written by\" \/>\n\t<meta name=\"twitter:data1\" content=\"admin\" \/>\n\t<meta name=\"twitter:label2\" content=\"Est. reading time\" \/>\n\t<meta name=\"twitter:data2\" content=\"4 minutes\" \/>\n<script type=\"application\/ld+json\" class=\"yoast-schema-graph\">{\"@context\":\"https:\/\/schema.org\",\"@graph\":[{\"@type\":\"WebPage\",\"@id\":\"https:\/\/www.smartphoto.se\/blogg\/personliga-barnkalas\",\"url\":\"https:\/\/www.smartphoto.se\/blogg\/personliga-barnkalas\",\"name\":\"Barnkalas - g\u00f6r kalaset b\u00e5de personligt & unikt! | Smartphoto\",\"isPartOf\":{\"@id\":\"https:\/\/www.smartphoto.se\/blogg\/#website\"},\"primaryImageOfPage\":{\"@id\":\"https:\/\/www.smartphoto.se\/blogg\/personliga-barnkalas#primaryimage\"},\"image\":{\"@id\":\"https:\/\/www.smartphoto.se\/blogg\/personliga-barnkalas#primaryimage\"},\"thumbnailUrl\":\"https:\/\/storage.googleapis.com\/smartphoto-express-production-wp-blogs-com\/11\/2019\/01\/Toppbild.jpg\",\"datePublished\":\"2019-02-13T05:00:26+00:00\",\"dateModified\":\"2024-08-30T09:02:06+00:00\",\"author\":{\"@id\":\"https:\/\/www.smartphoto.se\/blogg\/#\/schema\/person\/c256b3f50ae468ee69f4b486108c797b\"},\"description\":\"L\u00e5t barnkalaset bli en dag att minnas f\u00f6r alla. H\u00e4r listar vi detaljerna som g\u00f6r ditt barnkalas b\u00e5de personligt och unikt p\u00e5 ett v\u00e4ldigt enkelt s\u00e4tt!\",\"breadcrumb\":{\"@id\":\"https:\/\/www.smartphoto.se\/blogg\/personliga-barnkalas#breadcrumb\"},\"inLanguage\":\"sv-SE\",\"potentialAction\":[{\"@type\":\"ReadAction\",\"target\":[\"https:\/\/www.smartphoto.se\/blogg\/personliga-barnkalas\"]}]},{\"@type\":\"ImageObject\",\"inLanguage\":\"sv-SE\",\"@id\":\"https:\/\/www.smartphoto.se\/blogg\/personliga-barnkalas#primaryimage\",\"url\":\"https:\/\/storage.googleapis.com\/smartphoto-express-production-wp-blogs-com\/11\/2019\/01\/Toppbild.jpg\",\"contentUrl\":\"https:\/\/storage.googleapis.com\/smartphoto-express-production-wp-blogs-com\/11\/2019\/01\/Toppbild.jpg\",\"width\":720,\"height\":360,\"caption\":\"barnkalas\"},{\"@type\":\"BreadcrumbList\",\"@id\":\"https:\/\/www.smartphoto.se\/blogg\/personliga-barnkalas#breadcrumb\",\"itemListElement\":[{\"@type\":\"ListItem\",\"position\":1,\"name\":\"Home\",\"item\":\"\/blogg\/\"},{\"@type\":\"ListItem\",\"position\":2,\"name\":\"S\u00e5 skapar du ett personligt och unikt barnkalas!\"}]},{\"@type\":\"WebSite\",\"@id\":\"https:\/\/www.smartphoto.se\/blogg\/#website\",\"url\":\"https:\/\/www.smartphoto.se\/blogg\/\",\"name\":\"smartphotoblogg Inspiration \u2013 Fototips \u2013 DIY\",\"description\":\"smartphotoblogg Inspiration \u2013 Fototips \u2013 DIY\",\"potentialAction\":[{\"@type\":\"SearchAction\",\"target\":{\"@type\":\"EntryPoint\",\"urlTemplate\":\"https:\/\/www.smartphoto.se\/blogg\/?s={search_term_string}\"},\"query-input\":{\"@type\":\"PropertyValueSpecification\",\"valueRequired\":true,\"valueName\":\"search_term_string\"}}],\"inLanguage\":\"sv-SE\"},{\"@type\":\"Person\",\"@id\":\"https:\/\/www.smartphoto.se\/blogg\/#\/schema\/person\/c256b3f50ae468ee69f4b486108c797b\",\"name\":\"admin\",\"image\":{\"@type\":\"ImageObject\",\"inLanguage\":\"sv-SE\",\"@id\":\"https:\/\/www.smartphoto.se\/blogg\/#\/schema\/person\/image\/\",\"url\":\"https:\/\/secure.gravatar.com\/avatar\/8f9488249a21b1f2cc85dc7982dc95c4?s=96&d=mm&r=g\",\"contentUrl\":\"https:\/\/secure.gravatar.com\/avatar\/8f9488249a21b1f2cc85dc7982dc95c4?s=96&d=mm&r=g\",\"caption\":\"admin\"},\"url\":\"https:\/\/www.smartphoto.se\/blogg\/author\/admin\"}]}<\/script>\n<!-- \/ Yoast SEO plugin. -->","yoast_head_json":{"title":"Barnkalas - g\u00f6r kalaset b\u00e5de personligt & unikt! | Smartphoto","description":"L\u00e5t barnkalaset bli en dag att minnas f\u00f6r alla. H\u00e4r listar vi detaljerna som g\u00f6r ditt barnkalas b\u00e5de personligt och unikt p\u00e5 ett v\u00e4ldigt enkelt s\u00e4tt!","robots":{"index":"index","follow":"follow","max-snippet":"max-snippet:-1","max-image-preview":"max-image-preview:large","max-video-preview":"max-video-preview:-1"},"canonical":"https:\/\/www.smartphoto.se\/blogg\/personliga-barnkalas","og_locale":"sv_SE","og_type":"article","og_title":"Barnkalas - g\u00f6r kalaset b\u00e5de personligt & unikt! | Smartphoto","og_description":"L\u00e5t barnkalaset bli en dag att minnas f\u00f6r alla. H\u00e4r listar vi detaljerna som g\u00f6r ditt barnkalas b\u00e5de personligt och unikt p\u00e5 ett v\u00e4ldigt enkelt s\u00e4tt!","og_url":"https:\/\/www.smartphoto.se\/blogg\/personliga-barnkalas","og_site_name":"smartphotoblogg Inspiration \u2013 Fototips \u2013 DIY","article_publisher":"https:\/\/www.facebook.com\/smartphotose","article_published_time":"2019-02-13T05:00:26+00:00","article_modified_time":"2024-08-30T09:02:06+00:00","og_image":[{"width":720,"height":360,"url":"https:\/\/storage.googleapis.com\/smartphoto-express-production-wp-blogs-com\/11\/2019\/01\/Toppbild.jpg","type":"image\/jpeg"}],"author":"admin","twitter_card":"summary_large_image","twitter_misc":{"Written by":"admin","Est. reading time":"4 minutes"},"schema":{"@context":"https:\/\/schema.org","@graph":[{"@type":"WebPage","@id":"https:\/\/www.smartphoto.se\/blogg\/personliga-barnkalas","url":"https:\/\/www.smartphoto.se\/blogg\/personliga-barnkalas","name":"Barnkalas - g\u00f6r kalaset b\u00e5de personligt & unikt! | Smartphoto","isPartOf":{"@id":"https:\/\/www.smartphoto.se\/blogg\/#website"},"primaryImageOfPage":{"@id":"https:\/\/www.smartphoto.se\/blogg\/personliga-barnkalas#primaryimage"},"image":{"@id":"https:\/\/www.smartphoto.se\/blogg\/personliga-barnkalas#primaryimage"},"thumbnailUrl":"https:\/\/storage.googleapis.com\/smartphoto-express-production-wp-blogs-com\/11\/2019\/01\/Toppbild.jpg","datePublished":"2019-02-13T05:00:26+00:00","dateModified":"2024-08-30T09:02:06+00:00","author":{"@id":"https:\/\/www.smartphoto.se\/blogg\/#\/schema\/person\/c256b3f50ae468ee69f4b486108c797b"},"description":"L\u00e5t barnkalaset bli en dag att minnas f\u00f6r alla. H\u00e4r listar vi detaljerna som g\u00f6r ditt barnkalas b\u00e5de personligt och unikt p\u00e5 ett v\u00e4ldigt enkelt s\u00e4tt!","breadcrumb":{"@id":"https:\/\/www.smartphoto.se\/blogg\/personliga-barnkalas#breadcrumb"},"inLanguage":"sv-SE","potentialAction":[{"@type":"ReadAction","target":["https:\/\/www.smartphoto.se\/blogg\/personliga-barnkalas"]}]},{"@type":"ImageObject","inLanguage":"sv-SE","@id":"https:\/\/www.smartphoto.se\/blogg\/personliga-barnkalas#primaryimage","url":"https:\/\/storage.googleapis.com\/smartphoto-express-production-wp-blogs-com\/11\/2019\/01\/Toppbild.jpg","contentUrl":"https:\/\/storage.googleapis.com\/smartphoto-express-production-wp-blogs-com\/11\/2019\/01\/Toppbild.jpg","width":720,"height":360,"caption":"barnkalas"},{"@type":"BreadcrumbList","@id":"https:\/\/www.smartphoto.se\/blogg\/personliga-barnkalas#breadcrumb","itemListElement":[{"@type":"ListItem","position":1,"name":"Home","item":"\/blogg\/"},{"@type":"ListItem","position":2,"name":"S\u00e5 skapar du ett personligt och unikt barnkalas!"}]},{"@type":"WebSite","@id":"https:\/\/www.smartphoto.se\/blogg\/#website","url":"https:\/\/www.smartphoto.se\/blogg\/","name":"smartphotoblogg Inspiration \u2013 Fototips \u2013 DIY","description":"smartphotoblogg Inspiration \u2013 Fototips \u2013 DIY","potentialAction":[{"@type":"SearchAction","target":{"@type":"EntryPoint","urlTemplate":"https:\/\/www.smartphoto.se\/blogg\/?s={search_term_string}"},"query-input":{"@type":"PropertyValueSpecification","valueRequired":true,"valueName":"search_term_string"}}],"inLanguage":"sv-SE"},{"@type":"Person","@id":"https:\/\/www.smartphoto.se\/blogg\/#\/schema\/person\/c256b3f50ae468ee69f4b486108c797b","name":"admin","image":{"@type":"ImageObject","inLanguage":"sv-SE","@id":"https:\/\/www.smartphoto.se\/blogg\/#\/schema\/person\/image\/","url":"https:\/\/secure.gravatar.com\/avatar\/8f9488249a21b1f2cc85dc7982dc95c4?s=96&d=mm&r=g","contentUrl":"https:\/\/secure.gravatar.com\/avatar\/8f9488249a21b1f2cc85dc7982dc95c4?s=96&d=mm&r=g","caption":"admin"},"url":"https:\/\/www.smartphoto.se\/blogg\/author\/admin"}]}},"_links":{"self":[{"href":"https:\/\/www.smartphoto.se\/blogg\/wp-json\/wp\/v2\/posts\/6716","targetHints":{"allow":["GET"]}}],"collection":[{"href":"https:\/\/www.smartphoto.se\/blogg\/wp-json\/wp\/v2\/posts"}],"about":[{"href":"https:\/\/www.smartphoto.se\/blogg\/wp-json\/wp\/v2\/types\/post"}],"author":[{"embeddable":true,"href":"https:\/\/www.smartphoto.se\/blogg\/wp-json\/wp\/v2\/users\/1"}],"replies":[{"embeddable":true,"href":"https:\/\/www.smartphoto.se\/blogg\/wp-json\/wp\/v2\/comments?post=6716"}],"version-history":[{"count":9,"href":"https:\/\/www.smartphoto.se\/blogg\/wp-json\/wp\/v2\/posts\/6716\/revisions"}],"predecessor-version":[{"id":9317,"href":"https:\/\/www.smartphoto.se\/blogg\/wp-json\/wp\/v2\/posts\/6716\/revisions\/9317"}],"wp:featuredmedia":[{"embeddable":true,"href":"https:\/\/www.smartphoto.se\/blogg\/wp-json\/wp\/v2\/media\/6718"}],"wp:attachment":[{"href":"https:\/\/www.smartphoto.se\/blogg\/wp-json\/wp\/v2\/media?parent=6716"}],"wp:term":[{"taxonomy":"category","embeddable":true,"href":"https:\/\/www.smartphoto.se\/blogg\/wp-json\/wp\/v2\/categories?post=6716"},{"taxonomy":"post_tag","embeddable":true,"href":"https:\/\/www.smartphoto.se\/blogg\/wp-json\/wp\/v2\/tags?post=6716"}],"curies":[{"name":"wp","href":"https:\/\/api.w.org\/{rel}","templated":true}]}}