{"id":6412,"date":"2018-07-18T06:00:04","date_gmt":"2018-07-18T04:00:04","guid":{"rendered":"\/blogg\/?p=6412"},"modified":"2018-07-18T10:29:41","modified_gmt":"2018-07-18T08:29:41","slug":"resebilder","status":"publish","type":"post","link":"https:\/\/www.smartphoto.se\/blogg\/resebilder","title":{"rendered":"Bevara den magiska k\u00e4nslan fr\u00e5n resan \u2013 resebloggaren tipsar!"},"content":{"rendered":"<p><em>Vad g\u00f6r du med dina resebilder n\u00e4r du kommer hem? Resebloggaren Malin reser v\u00e4rlden \u00f6ver och f\u00e5ngar magisk natur p\u00e5 bild. Efter varje destination g\u00e5r hon igenom minneskortet och v\u00e4ljer ut de b\u00e4sta f\u00f6r att publicera p\u00e5 hennes blogg. M\u00e5nga g\u00e5nger blir bilderna sedan liggande p\u00e5 h\u00e5rddisken. Men vissa resor \u00e4r f\u00f6r stora, f\u00f6r fina och legendariska f\u00f6r att inte beundras varje dag. Genom att skapa fotokonst av bilderna blir Malin hela tiden p\u00e5mind om hur mycket fantastiskt detta 2018 redan har bjudit p\u00e5. H\u00e4r \u00e4r resebloggaren Malins b\u00e4sta tips om resefotografering! Vi l\u00e4mnar \u00f6ver ordet till Malin.<\/em><\/p>\n<p><a href=\"https:\/\/www.smartphoto.se\/bilder-fotoforstoring-fotohaften\/bilder\"><img loading=\"lazy\" decoding=\"async\" class=\"alignnone size-full wp-image-6421\" src=\"https:\/\/storage.googleapis.com\/smartphoto-express-production-wp-blogs-com\/11\/2018\/06\/resebloggare_prints.jpg\" alt=\"resebilder - framkallade bilder\" width=\"720\" height=\"360\" srcset=\"https:\/\/storage.googleapis.com\/smartphoto-express-production-wp-blogs-com\/11\/2018\/06\/resebloggare_prints.jpg 720w, https:\/\/storage.googleapis.com\/smartphoto-express-production-wp-blogs-com\/11\/2018\/06\/resebloggare_prints-300x150.jpg 300w\" sizes=\"auto, (max-width: 720px) 100vw, 720px\" \/><\/a><\/p>\n<h2>Resebilder &#8211; en bloggare med passion f\u00f6r foto<\/h2>\n<p><a href=\"https:\/\/www.smartphoto.se\/fotopresenter\/dekorationsklistermarken\"><img loading=\"lazy\" decoding=\"async\" class=\"size-full wp-image-5936 alignright\" src=\"https:\/\/storage.googleapis.com\/smartphoto-express-production-wp-blogs-com\/11\/2018\/06\/resebloggare2NY.jpg\" alt=\"\" width=\"360\" height=\"360\" \/><\/a><br \/>\nAtt b\u00e5de jag och Patrik idag \u00e4lskar att fotografera \u00e4r h\u00e4rligt d\u00e5 vi reser tillsammans!<br \/>\nN\u00e4r vi f\u00f6rst tr\u00e4ffades var jag inte intresserad av fotografering p\u00e5 djupare niv\u00e5, \u00e4n att i farten trycka av n\u00e5gra bilder med sned horisont och ogenomt\u00e4nkt komposition. Att Patrik inspirerat mig till att fota mer, och framf\u00f6r allt mer genomt\u00e4nkt, \u00e4r jag s\u00e5 glad och tacksam \u00f6ver. Idag \u00e4r fotografering den hobby som jag k\u00e4nner jag utvecklas mest inom och f\u00e5r b\u00e4st utlopp f\u00f6r min kreativitet i. Dessutom finns det verkligen inget b\u00e4ttre \u00e4n att tillsammans med en annan foton\u00f6rd ge sig ut och fota!<\/p>\n<h2>Resebilder &#8211; s\u00e4tt ett tydligt fotom\u00e5l<\/h2>\n<p>Fotom\u00e5len f\u00f6r resan till Sydamerika var p\u00e5 grund av denna delade fotok\u00e4rlek h\u00f6ga. B\u00e5de jag och Patrik fotar med Fujifilm, vilket \u00e4r ett stort plus d\u00e5 man reser tillsammans och kan dela utrustning. Vi hade med oss fyra objektiv (varav tre skulle ha varit nog), fem batterier (h\u00e4r skulle ett till varit v\u00e4lkommet) och ett stativ (som vi inte anv\u00e4nde en enda g\u00e5ng tror jag). Vi hade ocks\u00e5 p\u00e5 f\u00f6rhand planerat vissa bilder, eller bildtyper, som vi ville ta s\u00e5 d\u00e5 vi \u00e4ntligen kom iv\u00e4g p\u00e5 resan var vi mer \u00e4n f\u00e4rdiga f\u00f6r att fota!<\/p>\n<p><a href=\"https:\/\/www.smartphoto.se\/bilder-fotoforstoring-fotohaften\/bilder\"><img loading=\"lazy\" decoding=\"async\" class=\"alignnone size-full wp-image-6422\" src=\"https:\/\/storage.googleapis.com\/smartphoto-express-production-wp-blogs-com\/11\/2018\/06\/Kalender1.jpg\" alt=\"resebilder - framkallade bilder\" width=\"720\" height=\"360\" srcset=\"https:\/\/storage.googleapis.com\/smartphoto-express-production-wp-blogs-com\/11\/2018\/06\/Kalender1.jpg 720w, https:\/\/storage.googleapis.com\/smartphoto-express-production-wp-blogs-com\/11\/2018\/06\/Kalender1-300x150.jpg 300w\" sizes=\"auto, (max-width: 720px) 100vw, 720px\" \/><\/a><\/p>\n<p>Hem fr\u00e5n Sydamerika kom vi med en h\u00e5rdskiva inneh\u00e5llande 11.000 bilder och 125 Gb data. Tusentals b\u00e4ttre och s\u00e4mre bilder av storst\u00e4der, sandstr\u00e4nder och bergslandskap.<br \/>\nF\u00f6rst tyckte jag det l\u00e4t v\u00e4ldigt mycket! Fast r\u00e4knar man ut vad det blir per dag och person, s\u00e5 \u00e4r det inte mer \u00e4n 80 foton om dagen. Det k\u00e4nns rimligt enligt mig?<br \/>\n<a href=\"https:\/\/www.smartphoto.se\/canvas-vaggdekoration\/poster\"><img loading=\"lazy\" decoding=\"async\" class=\"alignnone size-full wp-image-6423\" src=\"https:\/\/storage.googleapis.com\/smartphoto-express-production-wp-blogs-com\/11\/2018\/06\/Kalender6.jpg\" alt=\"Resebilder - poster\" width=\"720\" height=\"360\" srcset=\"https:\/\/storage.googleapis.com\/smartphoto-express-production-wp-blogs-com\/11\/2018\/06\/Kalender6.jpg 720w, https:\/\/storage.googleapis.com\/smartphoto-express-production-wp-blogs-com\/11\/2018\/06\/Kalender6-300x150.jpg 300w\" sizes=\"auto, (max-width: 720px) 100vw, 720px\" \/><\/a><\/p>\n<h2>Bloggare och foton \u2013 jag vill g\u00f6ra mer med mina bilder<\/h2>\n<p>En av de b\u00e4sta grejerna med att blogga \u00e4r att man ocks\u00e5 f\u00e5r anv\u00e4ndning f\u00f6r sina bilder. Som bloggare g\u00e5r jag efter varje destination igenom minneskortet i kameran, v\u00e4ljer ut de b\u00e4sta och sparar f\u00f6r att publicera online. Jag har ett v\u00e4lorganiserat system f\u00f6r mina bilder p\u00e5 olika h\u00e5rdskivor. Men d\u00e4r tar bildernas livsl\u00e4ngd ofta i mitt fall slut.<br \/>\nBilderna blir liggande p\u00e5 h\u00e5rdskivorna och jag kan sporadiskt bl\u00e4ddra igenom dem om jag inf\u00f6r n\u00e5got inl\u00e4gg s\u00f6ker den d\u00e4r perfekta empanadan eller solnedg\u00e5ngen.<br \/>\nNee-e, t\u00e4nkte jag d\u00e5 vi kom tillbaka till Finland. Den h\u00e4r Sydamerika resan var f\u00f6r stor, f\u00f6r fin, f\u00f6r (ja nu blir det snuskigt ordval) legendarisk f\u00f6r att inte beundras var dag. Sagt och gjort, jag best\u00e4mde mig f\u00f6r att printa foton fr\u00e5n resan och loggade in p\u00e5 <a href=\"https:\/\/www.smartphoto.se\/produkter\">Smartphotos sida<\/a>, laddade upp en bunt med favoritbilder och best\u00e4llde.<\/p>\n<p><img loading=\"lazy\" decoding=\"async\" class=\"alignnone size-full wp-image-6424\" src=\"https:\/\/storage.googleapis.com\/smartphoto-express-production-wp-blogs-com\/11\/2018\/06\/resebilder_poster.jpg\" alt=\"resebilder - f\u00f6rstoring\" width=\"720\" height=\"360\" srcset=\"https:\/\/storage.googleapis.com\/smartphoto-express-production-wp-blogs-com\/11\/2018\/06\/resebilder_poster.jpg 720w, https:\/\/storage.googleapis.com\/smartphoto-express-production-wp-blogs-com\/11\/2018\/06\/resebilder_poster-300x150.jpg 300w\" sizes=\"auto, (max-width: 720px) 100vw, 720px\" \/><\/p>\n<p><img loading=\"lazy\" decoding=\"async\" class=\"alignnone size-full wp-image-6425\" src=\"https:\/\/storage.googleapis.com\/smartphoto-express-production-wp-blogs-com\/11\/2018\/06\/Kalender8.jpg\" alt=\"Resebilder - framkalla\" width=\"720\" height=\"360\" srcset=\"https:\/\/storage.googleapis.com\/smartphoto-express-production-wp-blogs-com\/11\/2018\/06\/Kalender8.jpg 720w, https:\/\/storage.googleapis.com\/smartphoto-express-production-wp-blogs-com\/11\/2018\/06\/Kalender8-300x150.jpg 300w\" sizes=\"auto, (max-width: 720px) 100vw, 720px\" \/><\/p>\n<h2>Printa resebilder<\/h2>\n<p>D\u00e5 jag best\u00e4llde bilderna via Smartphoto stod det att de skulle komma om en vecka, 5-7 arbetsdagar. Men redan dagen efter gjord best\u00e4llning d\u00e5 jag loggade in p\u00e5 mitt konto stod det att paketet var f\u00e4rdigt att skickas. Fyra arbetsdagar efter min best\u00e4llning kom fotopaketet hem genom postluckan. Smartphoto finns i \u00f6ver 10 l\u00e4nder i Europa, s\u00e5 bilderna kommer inte fr\u00e5n andra sidan jorden och har d\u00e4rf\u00f6r snabba leveranstider och korta leveransstr\u00e4ckor.<\/p>\n<p>Deras utbud inkluderar allt fr\u00e5n <a href=\"https:\/\/www.smartphoto.se\/fotokort\">fotokort<\/a>, <a href=\"https:\/\/www.smartphoto.se\/bilder-fotoforstoring-fotohaften\/bilder\">prints<\/a>, till <a href=\"https:\/\/www.smartphoto.se\/fotopresenter\/textil\">t-skjortor<\/a> och <a href=\"https:\/\/www.smartphoto.se\/fotobok\">fotob\u00f6cker<\/a>. Jag funderade f\u00f6rst p\u00e5 att best\u00e4lla <a href=\"https:\/\/www.smartphoto.se\/fotobok\">en f\u00e4rdig fotobok<\/a> f\u00f6r mina bilder, men eftersom jag \u00e4lskar att pyssla tog jag vanliga fotografier av vilka jag sj\u00e4lv kommer pyssla ihop fotoboken.<br \/>\nDet jag ocks\u00e5 uppskattar enormt med Smartphoto \u00e4r att de har <a href=\"https:\/\/www.smartphoto.se\/smartwarranty\">n\u00f6jdhetsgaranti<\/a>. Det k\u00e4nns som en bra f\u00f6rs\u00e4kring att veta f\u00f6retaget kommer ta en p\u00e5 allvar, om man skulle ha n\u00e5got som man inte \u00e4r 100% n\u00f6jd med.<\/p>\n<p><a href=\"https:\/\/www.smartphoto.se\/bilder-fotoforstoring-fotohaften\/bilder\"><img loading=\"lazy\" decoding=\"async\" class=\"alignnone size-full wp-image-6431\" src=\"https:\/\/storage.googleapis.com\/smartphoto-express-production-wp-blogs-com\/11\/2018\/06\/Kalender2.jpg\" alt=\"resebilder\" width=\"720\" height=\"360\" srcset=\"https:\/\/storage.googleapis.com\/smartphoto-express-production-wp-blogs-com\/11\/2018\/06\/Kalender2.jpg 720w, https:\/\/storage.googleapis.com\/smartphoto-express-production-wp-blogs-com\/11\/2018\/06\/Kalender2-300x150.jpg 300w\" sizes=\"auto, (max-width: 720px) 100vw, 720px\" \/><\/a><\/p>\n<h2>Personlig konst \u00e4r den b\u00e4sta sortens konst<\/h2>\n<p>Den h\u00e4r veckan har jag g\u00e5tt omkring h\u00e4r i v\u00e5r l\u00e4genhet med ett leende fr\u00e5n \u00f6ra till \u00f6ra. Ja, solen har s\u00e5klart sin inverkan \u2013 men att konstant bli p\u00e5mind om hur mycket fantastiskt detta 2018 redan har bjudit p\u00e5, \u00e4r helt klart den b\u00e4sta medicinen mot efter-resa-melankolin som man kan drabbas av.<br \/>\nJag har ocks\u00e5 f\u00e5tt m\u00f6jligheten att bjuda p\u00e5 en rabattkod till Smartphoto \u00e5t dig med! Vill du ocks\u00e5 ge nytt liv \u00e5t dina reseminnen, g\u00e5 d\u00e5 in p\u00e5 <a href=\"https:\/\/www.smartphoto.se\/\">smartphoto.se<\/a>\u00a0och ange koden <strong>MALIN30<\/strong>, s\u00e5 f\u00e5r du 30% rabatt p\u00e5 din best\u00e4llning n\u00e4r du handlar f\u00f6r minst 150 kr\/15 \u20ac. Koden \u00e4r giltig vid ett k\u00f6ptillf\u00e4lle per kund och g\u00e4ller tom den 31 oktober 2018.<br \/>\nNu ska jag forts\u00e4tta dr\u00f6mma mig tillbaka till Sydamerika!<\/p>\n<p>H\u00e4lsningar Malin<\/p>\n<p><img loading=\"lazy\" decoding=\"async\" class=\"alignnone size-full wp-image-6427\" src=\"https:\/\/storage.googleapis.com\/smartphoto-express-production-wp-blogs-com\/11\/2018\/06\/resebilder.jpg\" alt=\"resebilder - Malin tipsar\" width=\"720\" height=\"360\" srcset=\"https:\/\/storage.googleapis.com\/smartphoto-express-production-wp-blogs-com\/11\/2018\/06\/resebilder.jpg 720w, https:\/\/storage.googleapis.com\/smartphoto-express-production-wp-blogs-com\/11\/2018\/06\/resebilder-300x150.jpg 300w\" sizes=\"auto, (max-width: 720px) 100vw, 720px\" \/><\/p>\n<p>Vill ni f\u00f6lja Malin p\u00e5 hennes resor?<br \/>\n<a href=\"http:\/\/malinlundsten.com\/\">Blogg<\/a>\u00a0och<a href=\"https:\/\/www.instagram.com\/malinlundsten\/\"> Instagram<\/a><\/p>\n<p>Vad g\u00f6r du med dina bilder fr\u00e5n en sp\u00e4nnande resa? Skriv g\u00e4rna i kommentaren h\u00e4r nedan.<\/p>\n<p>Vill du veta vad mer du kan g\u00f6ra av dina bilder?<br \/>\nKlicka <a href=\"https:\/\/www.smartphoto.se\/produkter\">h\u00e4r<\/a> f\u00f6r att bes\u00f6ka v\u00e5r webbshop.<\/p>\n<p>Trevlig resa \u00f6nskar vi p\u00e5 Smartphoto<\/p>\n","protected":false},"excerpt":{"rendered":"<p>Vad g\u00f6r du med dina resebilder n\u00e4r du kommer hem? Resebloggaren Malin reser v\u00e4rlden \u00f6ver och f\u00e5ngar magisk natur p\u00e5 bild. Efter varje destination g\u00e5r hon igenom minneskortet och v\u00e4ljer ut de b\u00e4sta f\u00f6r att publicera p\u00e5 hennes blogg. M\u00e5nga g\u00e5nger blir bilderna sedan liggande p\u00e5 h\u00e5rddisken. Men vissa resor \u00e4r f\u00f6r stora, f\u00f6r fina och legendariska f\u00f6r att inte beundras varje dag. Genom att skapa fotokonst av bilderna blir Malin hela tiden p\u00e5mind om hur mycket fantastiskt detta 2018 redan har bjudit p\u00e5. H\u00e4r \u00e4r resebloggaren Malins b\u00e4sta tips om resefotografering! Vi l\u00e4mnar \u00f6ver ordet till Malin. Resebilder &#8211;<\/p>\n","protected":false},"author":1,"featured_media":6415,"comment_status":"open","ping_status":"open","sticky":false,"template":"","format":"standard","meta":{"om_disable_all_campaigns":false,"_monsterinsights_skip_tracking":false,"_monsterinsights_sitenote_active":false,"_monsterinsights_sitenote_note":"","_monsterinsights_sitenote_category":0,"footnotes":""},"categories":[9],"tags":[],"class_list":["post-6412","post","type-post","status-publish","format-standard","has-post-thumbnail","hentry","category-fototips"],"yoast_head":"<!-- This site is optimized with the Yoast SEO plugin v23.8 - https:\/\/yoast.com\/wordpress\/plugins\/seo\/ -->\n<title>Resebilder - s\u00e5 beh\u00e5ller du den magiska k\u00e4nslan fr\u00e5n resan!<\/title>\n<meta name=\"description\" content=\"Vad g\u00f6r du med dina resebilder? Vi tr\u00e4ffar resebloggaren Malin och h\u00f6r vad hon g\u00f6r med alla magiska bilder fr\u00e5n \u00e4ventyr jorden \u00f6ver.\" \/>\n<meta name=\"robots\" content=\"index, follow, max-snippet:-1, max-image-preview:large, max-video-preview:-1\" \/>\n<link rel=\"canonical\" href=\"https:\/\/www.smartphoto.se\/blogg\/resebilder\" \/>\n<meta property=\"og:locale\" content=\"sv_SE\" \/>\n<meta property=\"og:type\" content=\"article\" \/>\n<meta property=\"og:title\" content=\"Resebilder - s\u00e5 beh\u00e5ller du den magiska k\u00e4nslan fr\u00e5n resan!\" \/>\n<meta property=\"og:description\" content=\"Vad g\u00f6r du med dina resebilder? Vi tr\u00e4ffar resebloggaren Malin och h\u00f6r vad hon g\u00f6r med alla magiska bilder fr\u00e5n \u00e4ventyr jorden \u00f6ver.\" \/>\n<meta property=\"og:url\" content=\"\/blogg\/resebilder\" \/>\n<meta property=\"og:site_name\" content=\"smartphotoblogg Inspiration \u2013 Fototips \u2013 DIY\" \/>\n<meta property=\"article:publisher\" content=\"https:\/\/www.facebook.com\/smartphotose\" \/>\n<meta property=\"article:published_time\" content=\"2018-07-18T04:00:04+00:00\" \/>\n<meta property=\"article:modified_time\" content=\"2018-07-18T08:29:41+00:00\" \/>\n<meta property=\"og:image\" content=\"https:\/\/storage.googleapis.com\/smartphoto-express-production-wp-blogs-com\/11\/2018\/06\/resefotograf1.jpg\" \/>\n\t<meta property=\"og:image:width\" content=\"720\" \/>\n\t<meta property=\"og:image:height\" content=\"360\" \/>\n\t<meta property=\"og:image:type\" content=\"image\/jpeg\" \/>\n<meta name=\"author\" content=\"admin\" \/>\n<meta name=\"twitter:card\" content=\"summary_large_image\" \/>\n<meta name=\"twitter:label1\" content=\"Written by\" \/>\n\t<meta name=\"twitter:data1\" content=\"admin\" \/>\n\t<meta name=\"twitter:label2\" content=\"Est. reading time\" \/>\n\t<meta name=\"twitter:data2\" content=\"5 minutes\" \/>\n<script type=\"application\/ld+json\" class=\"yoast-schema-graph\">{\"@context\":\"https:\/\/schema.org\",\"@graph\":[{\"@type\":\"WebPage\",\"@id\":\"\/blogg\/resebilder\",\"url\":\"https:\/\/www.smartphoto.se\/blogg\/resebilder\",\"name\":\"Resebilder - s\u00e5 beh\u00e5ller du den magiska k\u00e4nslan fr\u00e5n resan!\",\"isPartOf\":{\"@id\":\"https:\/\/www.smartphoto.se\/blogg\/#website\"},\"primaryImageOfPage\":{\"@id\":\"https:\/\/www.smartphoto.se\/blogg\/resebilder#primaryimage\"},\"image\":{\"@id\":\"https:\/\/www.smartphoto.se\/blogg\/resebilder#primaryimage\"},\"thumbnailUrl\":\"https:\/\/storage.googleapis.com\/smartphoto-express-production-wp-blogs-com\/11\/2018\/06\/resefotograf1.jpg\",\"datePublished\":\"2018-07-18T04:00:04+00:00\",\"dateModified\":\"2018-07-18T08:29:41+00:00\",\"author\":{\"@id\":\"https:\/\/www.smartphoto.se\/blogg\/#\/schema\/person\/c256b3f50ae468ee69f4b486108c797b\"},\"description\":\"Vad g\u00f6r du med dina resebilder? Vi tr\u00e4ffar resebloggaren Malin och h\u00f6r vad hon g\u00f6r med alla magiska bilder fr\u00e5n \u00e4ventyr jorden \u00f6ver.\",\"breadcrumb\":{\"@id\":\"https:\/\/www.smartphoto.se\/blogg\/resebilder#breadcrumb\"},\"inLanguage\":\"sv-SE\",\"potentialAction\":[{\"@type\":\"ReadAction\",\"target\":[\"https:\/\/www.smartphoto.se\/blogg\/resebilder\"]}]},{\"@type\":\"ImageObject\",\"inLanguage\":\"sv-SE\",\"@id\":\"https:\/\/www.smartphoto.se\/blogg\/resebilder#primaryimage\",\"url\":\"https:\/\/storage.googleapis.com\/smartphoto-express-production-wp-blogs-com\/11\/2018\/06\/resefotograf1.jpg\",\"contentUrl\":\"https:\/\/storage.googleapis.com\/smartphoto-express-production-wp-blogs-com\/11\/2018\/06\/resefotograf1.jpg\",\"width\":720,\"height\":360,\"caption\":\"resefotograf - tips om vad du kan g\u00f6ra med dina bilder\"},{\"@type\":\"BreadcrumbList\",\"@id\":\"https:\/\/www.smartphoto.se\/blogg\/resebilder#breadcrumb\",\"itemListElement\":[{\"@type\":\"ListItem\",\"position\":1,\"name\":\"Home\",\"item\":\"\/blogg\/\"},{\"@type\":\"ListItem\",\"position\":2,\"name\":\"Bevara den magiska k\u00e4nslan fr\u00e5n resan \u2013 resebloggaren tipsar!\"}]},{\"@type\":\"WebSite\",\"@id\":\"https:\/\/www.smartphoto.se\/blogg\/#website\",\"url\":\"https:\/\/www.smartphoto.se\/blogg\/\",\"name\":\"smartphotoblogg Inspiration \u2013 Fototips \u2013 DIY\",\"description\":\"smartphotoblogg Inspiration \u2013 Fototips \u2013 DIY\",\"potentialAction\":[{\"@type\":\"SearchAction\",\"target\":{\"@type\":\"EntryPoint\",\"urlTemplate\":\"https:\/\/www.smartphoto.se\/blogg\/?s={search_term_string}\"},\"query-input\":{\"@type\":\"PropertyValueSpecification\",\"valueRequired\":true,\"valueName\":\"search_term_string\"}}],\"inLanguage\":\"sv-SE\"},{\"@type\":\"Person\",\"@id\":\"https:\/\/www.smartphoto.se\/blogg\/#\/schema\/person\/c256b3f50ae468ee69f4b486108c797b\",\"name\":\"admin\",\"image\":{\"@type\":\"ImageObject\",\"inLanguage\":\"sv-SE\",\"@id\":\"https:\/\/www.smartphoto.se\/blogg\/#\/schema\/person\/image\/\",\"url\":\"https:\/\/secure.gravatar.com\/avatar\/8f9488249a21b1f2cc85dc7982dc95c4?s=96&d=mm&r=g\",\"contentUrl\":\"https:\/\/secure.gravatar.com\/avatar\/8f9488249a21b1f2cc85dc7982dc95c4?s=96&d=mm&r=g\",\"caption\":\"admin\"},\"url\":\"https:\/\/www.smartphoto.se\/blogg\/author\/admin\"}]}<\/script>\n<!-- \/ Yoast SEO plugin. -->","yoast_head_json":{"title":"Resebilder - s\u00e5 beh\u00e5ller du den magiska k\u00e4nslan fr\u00e5n resan!","description":"Vad g\u00f6r du med dina resebilder? Vi tr\u00e4ffar resebloggaren Malin och h\u00f6r vad hon g\u00f6r med alla magiska bilder fr\u00e5n \u00e4ventyr jorden \u00f6ver.","robots":{"index":"index","follow":"follow","max-snippet":"max-snippet:-1","max-image-preview":"max-image-preview:large","max-video-preview":"max-video-preview:-1"},"canonical":"https:\/\/www.smartphoto.se\/blogg\/resebilder","og_locale":"sv_SE","og_type":"article","og_title":"Resebilder - s\u00e5 beh\u00e5ller du den magiska k\u00e4nslan fr\u00e5n resan!","og_description":"Vad g\u00f6r du med dina resebilder? Vi tr\u00e4ffar resebloggaren Malin och h\u00f6r vad hon g\u00f6r med alla magiska bilder fr\u00e5n \u00e4ventyr jorden \u00f6ver.","og_url":"\/blogg\/resebilder","og_site_name":"smartphotoblogg Inspiration \u2013 Fototips \u2013 DIY","article_publisher":"https:\/\/www.facebook.com\/smartphotose","article_published_time":"2018-07-18T04:00:04+00:00","article_modified_time":"2018-07-18T08:29:41+00:00","og_image":[{"width":720,"height":360,"url":"https:\/\/storage.googleapis.com\/smartphoto-express-production-wp-blogs-com\/11\/2018\/06\/resefotograf1.jpg","type":"image\/jpeg"}],"author":"admin","twitter_card":"summary_large_image","twitter_misc":{"Written by":"admin","Est. reading time":"5 minutes"},"schema":{"@context":"https:\/\/schema.org","@graph":[{"@type":"WebPage","@id":"\/blogg\/resebilder","url":"https:\/\/www.smartphoto.se\/blogg\/resebilder","name":"Resebilder - s\u00e5 beh\u00e5ller du den magiska k\u00e4nslan fr\u00e5n resan!","isPartOf":{"@id":"https:\/\/www.smartphoto.se\/blogg\/#website"},"primaryImageOfPage":{"@id":"https:\/\/www.smartphoto.se\/blogg\/resebilder#primaryimage"},"image":{"@id":"https:\/\/www.smartphoto.se\/blogg\/resebilder#primaryimage"},"thumbnailUrl":"https:\/\/storage.googleapis.com\/smartphoto-express-production-wp-blogs-com\/11\/2018\/06\/resefotograf1.jpg","datePublished":"2018-07-18T04:00:04+00:00","dateModified":"2018-07-18T08:29:41+00:00","author":{"@id":"https:\/\/www.smartphoto.se\/blogg\/#\/schema\/person\/c256b3f50ae468ee69f4b486108c797b"},"description":"Vad g\u00f6r du med dina resebilder? Vi tr\u00e4ffar resebloggaren Malin och h\u00f6r vad hon g\u00f6r med alla magiska bilder fr\u00e5n \u00e4ventyr jorden \u00f6ver.","breadcrumb":{"@id":"https:\/\/www.smartphoto.se\/blogg\/resebilder#breadcrumb"},"inLanguage":"sv-SE","potentialAction":[{"@type":"ReadAction","target":["https:\/\/www.smartphoto.se\/blogg\/resebilder"]}]},{"@type":"ImageObject","inLanguage":"sv-SE","@id":"https:\/\/www.smartphoto.se\/blogg\/resebilder#primaryimage","url":"https:\/\/storage.googleapis.com\/smartphoto-express-production-wp-blogs-com\/11\/2018\/06\/resefotograf1.jpg","contentUrl":"https:\/\/storage.googleapis.com\/smartphoto-express-production-wp-blogs-com\/11\/2018\/06\/resefotograf1.jpg","width":720,"height":360,"caption":"resefotograf - tips om vad du kan g\u00f6ra med dina bilder"},{"@type":"BreadcrumbList","@id":"https:\/\/www.smartphoto.se\/blogg\/resebilder#breadcrumb","itemListElement":[{"@type":"ListItem","position":1,"name":"Home","item":"\/blogg\/"},{"@type":"ListItem","position":2,"name":"Bevara den magiska k\u00e4nslan fr\u00e5n resan \u2013 resebloggaren tipsar!"}]},{"@type":"WebSite","@id":"https:\/\/www.smartphoto.se\/blogg\/#website","url":"https:\/\/www.smartphoto.se\/blogg\/","name":"smartphotoblogg Inspiration \u2013 Fototips \u2013 DIY","description":"smartphotoblogg Inspiration \u2013 Fototips \u2013 DIY","potentialAction":[{"@type":"SearchAction","target":{"@type":"EntryPoint","urlTemplate":"https:\/\/www.smartphoto.se\/blogg\/?s={search_term_string}"},"query-input":{"@type":"PropertyValueSpecification","valueRequired":true,"valueName":"search_term_string"}}],"inLanguage":"sv-SE"},{"@type":"Person","@id":"https:\/\/www.smartphoto.se\/blogg\/#\/schema\/person\/c256b3f50ae468ee69f4b486108c797b","name":"admin","image":{"@type":"ImageObject","inLanguage":"sv-SE","@id":"https:\/\/www.smartphoto.se\/blogg\/#\/schema\/person\/image\/","url":"https:\/\/secure.gravatar.com\/avatar\/8f9488249a21b1f2cc85dc7982dc95c4?s=96&d=mm&r=g","contentUrl":"https:\/\/secure.gravatar.com\/avatar\/8f9488249a21b1f2cc85dc7982dc95c4?s=96&d=mm&r=g","caption":"admin"},"url":"https:\/\/www.smartphoto.se\/blogg\/author\/admin"}]}},"_links":{"self":[{"href":"https:\/\/www.smartphoto.se\/blogg\/wp-json\/wp\/v2\/posts\/6412","targetHints":{"allow":["GET"]}}],"collection":[{"href":"https:\/\/www.smartphoto.se\/blogg\/wp-json\/wp\/v2\/posts"}],"about":[{"href":"https:\/\/www.smartphoto.se\/blogg\/wp-json\/wp\/v2\/types\/post"}],"author":[{"embeddable":true,"href":"https:\/\/www.smartphoto.se\/blogg\/wp-json\/wp\/v2\/users\/1"}],"replies":[{"embeddable":true,"href":"https:\/\/www.smartphoto.se\/blogg\/wp-json\/wp\/v2\/comments?post=6412"}],"version-history":[{"count":12,"href":"https:\/\/www.smartphoto.se\/blogg\/wp-json\/wp\/v2\/posts\/6412\/revisions"}],"predecessor-version":[{"id":6532,"href":"https:\/\/www.smartphoto.se\/blogg\/wp-json\/wp\/v2\/posts\/6412\/revisions\/6532"}],"wp:featuredmedia":[{"embeddable":true,"href":"https:\/\/www.smartphoto.se\/blogg\/wp-json\/wp\/v2\/media\/6415"}],"wp:attachment":[{"href":"https:\/\/www.smartphoto.se\/blogg\/wp-json\/wp\/v2\/media?parent=6412"}],"wp:term":[{"taxonomy":"category","embeddable":true,"href":"https:\/\/www.smartphoto.se\/blogg\/wp-json\/wp\/v2\/categories?post=6412"},{"taxonomy":"post_tag","embeddable":true,"href":"https:\/\/www.smartphoto.se\/blogg\/wp-json\/wp\/v2\/tags?post=6412"}],"curies":[{"name":"wp","href":"https:\/\/api.w.org\/{rel}","templated":true}]}}