{"id":5969,"date":"2025-01-09T08:24:36","date_gmt":"2025-01-09T07:24:36","guid":{"rendered":"\/blogg\/?p=5969"},"modified":"2025-01-09T08:28:23","modified_gmt":"2025-01-09T07:28:23","slug":"fodelsedagskalas","status":"publish","type":"post","link":"https:\/\/www.smartphoto.se\/blogg\/fodelsedagskalas","title":{"rendered":"5 tips f\u00f6r att skapa \u00e5rets finaste f\u00f6delsedagskalas!"},"content":{"rendered":"<p><em><span style=\"font-weight: 400\">Ett riktigt proffs n\u00e4r det kommer till f\u00f6delsedagskalas \u00e4r helt klart bloggaren\u00a0<\/span><span style=\"font-weight: 400\"><strong>Emily \u00d6dmark<\/strong>\u00a0som bloggar p\u00e5 <a href=\"http:\/\/emilysliv.se\">emilysliv.se<\/a><\/span><span style=\"font-weight: 400\">.\u00a0<\/span>Emily &#8211; och hennes syster &#8211; ordnande precis det absolut s\u00f6taste f\u00f6delsedagskalas vi n\u00e5gonsin sett\u00a0till lilla\u00a0Almas 1-\u00e5rsdag. Ett rosaskimrande kalas med underbara detaljer som gav\u00a0festen &#8221;det lilla extra&#8221;. Med ett tydligt f\u00e4rgtema &#8211; guld och rosa &#8211; fantastiska bilder p\u00e5 Alma tryckta p\u00e5 matchande klisterm\u00e4rken, flasketiketter, godisp\u00e5sar och vimplar i taket kan vi inte annat \u00e4n att imponeras av hur vackert det blev!<\/em><\/p>\n<p>Vi p\u00e5 smartphoto fick m\u00f6jligheten att f\u00f6lja kalaset genom alla fantastiska bilder. Vi f\u00e5r dessutom dela med oss av alla tips och vackra detaljer som Emily anv\u00e4nde sig av f\u00f6r att skapa \u00e5rets f\u00f6delsedagskalas! Vars\u00e5goda!<\/p>\n<h2>F\u00f6deledagskalas &#8211; s\u00e4tt huvudpersonen p\u00e5 en vacker flasketikett!<\/h2>\n<p><a href=\"http:\/\/https:\/\/www.smartphoto.se\/fotopresenter\/flasketikett\"><img loading=\"lazy\" decoding=\"async\" class=\"alignnone wp-image-6000 size-full\" src=\"https:\/\/storage.googleapis.com\/smartphoto-express-production-wp-blogs-com\/11\/2018\/02\/flasketikett-1.jpg\" alt=\"Flaskettiketter f\u00f6delsedagskalas\" width=\"720\" height=\"360\" srcset=\"https:\/\/storage.googleapis.com\/smartphoto-express-production-wp-blogs-com\/11\/2018\/02\/flasketikett-1.jpg 720w, https:\/\/storage.googleapis.com\/smartphoto-express-production-wp-blogs-com\/11\/2018\/02\/flasketikett-1-300x150.jpg 300w\" sizes=\"auto, (max-width: 720px) 100vw, 720px\" \/><\/a><\/p>\n<p>Personliga flaskettiketter \u00e4r en detalj som g\u00f6r &#8221;det lilla extra&#8221; till varje f\u00f6delsedagskalas. Var kreativ och v\u00e4lj de bilder du vill ha tillsammans med den design som passar ditt kalas b\u00e4st. Fyller barnet \u00e5r och \u00e4lskar Spiderman? Ta en bild p\u00e5 ditt barn i Spidermandr\u00e4kt och best\u00e4ll flasketiketter och g\u00f6r spidermansaft.\u00a0Det blir garanterat en hit till b\u00e5de barn-och vuxenkalas!<\/p>\n<h2>Produktinformation Flaskettiketter<\/h2>\n<ul>\n<li>Upps\u00e4ttning med 6 sj\u00e4lvh\u00e4ftande etiketter<\/li>\n<li>L\u00e4gg till bilder och text, utforma varje etikett individuellt<\/li>\n<li>Flasketiketter i fyrf\u00e4rg<\/li>\n<li>Produktm\u00e5tt: 12 cm (h\u00f6jd) x 12 cm (bredd)<\/li>\n<\/ul>\n<p>Pris: 69:-<br \/>\n<a href=\"https:\/\/smartphoto.se\/fotopresenter\/flasketikett\">Best\u00e4ll flaskettiketter h\u00e4r<\/a><\/p>\n<h2>F\u00e5 ordentlig f\u00f6delsedagsk\u00e4nsla med Vimplar<\/h2>\n<p><a href=\"https:\/\/www.smartphoto.se\/fotopresenter\/vimplar\"><img loading=\"lazy\" decoding=\"async\" class=\"alignnone size-full wp-image-5982\" src=\"https:\/\/storage.googleapis.com\/smartphoto-express-production-wp-blogs-com\/11\/2018\/02\/vimplar.jpg\" alt=\"Vimplar - F\u00f6delsedagskalas\" width=\"720\" height=\"360\" srcset=\"https:\/\/storage.googleapis.com\/smartphoto-express-production-wp-blogs-com\/11\/2018\/02\/vimplar.jpg 720w, https:\/\/storage.googleapis.com\/smartphoto-express-production-wp-blogs-com\/11\/2018\/02\/vimplar-300x150.jpg 300w\" sizes=\"auto, (max-width: 720px) 100vw, 720px\" \/><\/a><\/p>\n<p>Kolla in dessa vimplar! Personliga med b\u00e5de bild, text och en snygg design som passar temat p\u00e5 f\u00f6delsedagskalaset. N\u00e4r du g\u00f6r dina vimplar kan du enkelt v\u00e4lja mellan 16 likadana eller g\u00f6ra varierade s\u00e5 som Emily gjort med dessa till Almas kalas. Det finns o\u00e4ndliga m\u00f6jligheter och \u00e4r en perfekt f\u00f6r f\u00f6delsedagskalas. Emily valde\u00a0v\u00e5r snygga design f\u00f6r &#8221;first birthday&#8221; som du hittar <a href=\"https:\/\/smartphoto.se\/fira-fodelsedag\/designselection.aspx?dg=numberone\">h\u00e4r<\/a>.<\/p>\n<h2>Produktinformation Vimplar<\/h2>\n<ul>\n<li style=\"text-align: left\">16 pappersvimplar, tryck p\u00e5 b\u00e5da sidorna.<\/li>\n<li style=\"text-align: left\">Skapa 16 olika vimplar<\/li>\n<li style=\"text-align: left\">Enkel montering: 4 perforerade pappersark med 4 flaggor p\u00e5 varje papper, 7 m band och instruktioner (h\u00e4ftklamrar ing\u00e5r inte)<\/li>\n<li style=\"text-align: left\">Produktm\u00e5tt: 20,3 cm (h\u00f6jd) x 14,1 cm (bredd) x 0,05 cm (djup)<\/li>\n<\/ul>\n<p>Pris: 139:-<br \/>\n<a href=\"https:\/\/smartphoto.se\/fotopresenter\/vimplar\">Best\u00e4ll vimplar h\u00e4r<\/a><\/p>\n<div class=\"product-info-more-container\"><\/div>\n<h2>Personlig g\u00e4stbok som alla vill skriva i<\/h2>\n<p><a href=\"http:\/\/https:\/\/www.smartphoto.se\/fotopresenter\/gastbok\"><img loading=\"lazy\" decoding=\"async\" class=\"alignnone wp-image-5981 size-full\" src=\"https:\/\/storage.googleapis.com\/smartphoto-express-production-wp-blogs-com\/11\/2018\/02\/G\u00e4stbok-1.jpg\" alt=\"G\u00e4stbok - F\u00f6delsedagskalas\" width=\"720\" height=\"360\" srcset=\"https:\/\/storage.googleapis.com\/smartphoto-express-production-wp-blogs-com\/11\/2018\/02\/G\u00e4stbok-1.jpg 720w, https:\/\/storage.googleapis.com\/smartphoto-express-production-wp-blogs-com\/11\/2018\/02\/G\u00e4stbok-1-300x150.jpg 300w\" sizes=\"auto, (max-width: 720px) 100vw, 720px\" \/><\/a><\/p>\n<p>G\u00e4stbok \u00e4r en klassiker som tillh\u00f6r f\u00f6delsedagskalas. Barn kan rita och de vuxna kan skriva en h\u00e4lsning till f\u00f6delsedagsbarnet. Kolla s\u00e5 fint det blir n\u00e4r man s\u00e4tter en bild p\u00e5 g\u00e4stbokens framsida? Beroende p\u00e5 design kan du \u00e4ven l\u00e4gga till bilder och text p\u00e5 insidan utav g\u00e4stboken n\u00e4r du best\u00e4ller hos smartphoto.\u00a0Personligt, bra och passar perfekt till alla f\u00f6delsedagskalas. Matcha med temat s\u00e5 som Emily gjort med den rosa texten &#8211; och en fantastisk bild p\u00e5 Alma\u00a0&#8211; s\u00e5 \u00e4r allt i hamn!<\/p>\n<h2>Produktinformation G\u00e4stbok<\/h2>\n<ul>\n<li>H\u00e4fte med personligt omslag och sidor<\/li>\n<li>Introduktionssida f\u00f6r information om festen eller en dikt<\/li>\n<li>64 sidor att skriva p\u00e5<\/li>\n<li>Vitt genomskinligt skyddsomslag<\/li>\n<li>Spiralbindning i metall g\u00f6r det l\u00e4tt att bl\u00e4ddra<\/li>\n<li>Produktm\u00e5tt: 15 cm (h\u00f6jd) x 14 cm (bredd)<\/li>\n<\/ul>\n<p>Pris: 199:-<br \/>\n<a href=\"https:\/\/smartphoto.se\/fotopresenter\/gastbok\">Best\u00e4ll G\u00e4stbok h\u00e4r<\/a><\/p>\n<h2>Skapa den r\u00f6da tr\u00e5den med dekorationsklisterm\u00e4rken<\/h2>\n<div class=\"product-detail-info product-detail-container\">\n<div class=\"product-info\">\n<div class=\"product-info-more-container\">\n<div class=\"more-information-link\">\n<h2 class=\"more-info\"><a href=\"http:\/\/https:\/\/www.smartphoto.se\/fotopresenter\/dekorationsklistermarken\"><img loading=\"lazy\" decoding=\"async\" class=\"alignnone wp-image-5983 size-full\" src=\"https:\/\/storage.googleapis.com\/smartphoto-express-production-wp-blogs-com\/11\/2018\/02\/dekorationsklisterm\u00e4rke.jpg\" alt=\"Dekorationsklisterm\u00e4rke -f\u00f6delsedagskalas\" width=\"720\" height=\"360\" srcset=\"https:\/\/storage.googleapis.com\/smartphoto-express-production-wp-blogs-com\/11\/2018\/02\/dekorationsklisterm\u00e4rke.jpg 720w, https:\/\/storage.googleapis.com\/smartphoto-express-production-wp-blogs-com\/11\/2018\/02\/dekorationsklisterm\u00e4rke-300x150.jpg 300w\" sizes=\"auto, (max-width: 720px) 100vw, 720px\" \/><\/a><\/h2>\n<\/div>\n<\/div>\n<\/div>\n<\/div>\n<p>Kolla s\u00e5 fint det kan bli med dekorationsklisterm\u00e4rken p\u00e5 en servett? Det g\u00e5r ju inte att missa att det var Alma som fyllde \u00e5r och med en s\u00e5n h\u00e4r detalj f\u00e5r du verkligen till den r\u00f6da tr\u00e5den genom hela f\u00f6delsedagskalaset!<\/p>\n<h2>Produktinformation Dekorationsklisterm\u00e4rken<\/h2>\n<ul>\n<li>Blank yta<\/li>\n<li>Sj\u00e4lvh\u00e4ftande papper<\/li>\n<li>Du f\u00e5r 24 identiska klisterm\u00e4rken<\/li>\n<li>Produktm\u00e5tt: 4 cm (h\u00f6jd) x 4 cm (bredd)<\/li>\n<\/ul>\n<p>Pris: 59:-<br \/>\n<a href=\"https:\/\/smartphoto.se\/fotopresenter\/dekorationsklistermarken\">Best\u00e4ll dekorationsklisterm\u00e4rken h\u00e4r<\/a><\/p>\n<h2><strong>Skapa Godisp\u00e5sar med stil<\/strong><\/h2>\n<p><a href=\"http:\/\/https:\/\/www.smartphoto.se\/fotopresenter\/godis-pasar\"><img loading=\"lazy\" decoding=\"async\" class=\"alignnone wp-image-5980 size-full\" src=\"https:\/\/storage.googleapis.com\/smartphoto-express-production-wp-blogs-com\/11\/2018\/02\/Godisp\u00e5sar.jpg\" alt=\"\" width=\"720\" height=\"360\" srcset=\"https:\/\/storage.googleapis.com\/smartphoto-express-production-wp-blogs-com\/11\/2018\/02\/Godisp\u00e5sar.jpg 720w, https:\/\/storage.googleapis.com\/smartphoto-express-production-wp-blogs-com\/11\/2018\/02\/Godisp\u00e5sar-300x150.jpg 300w\" sizes=\"auto, (max-width: 720px) 100vw, 720px\" \/><\/a><\/p>\n<p>Emily har verkligen t\u00e4nkt p\u00e5 allt n\u00e4r det g\u00e4ller att f\u00e5 fram ett tydligt tema och hur man kan f\u00e5\u00a0 en personlig touch p\u00e5 de allra minsta sakerna till f\u00f6delsedagskalaset. Kolla in dessa godisp\u00e5sar hon gjorde med bild p\u00e5 Alma. Du kan \u00e4ven fylla p\u00e5sarna med andra roligheter s\u00e5 som n\u00f6tter eller sm\u00e5 leksaker. N\u00e4r det \u00e4r dags f\u00f6r fiskdamm p\u00e5 f\u00f6delsedagskalaset \u00e4r p\u00e5sarna i helt perfekt storlek och enkla att f\u00e4sta p\u00e5 fiskesp\u00f6et!<\/p>\n<h2>Produktinformation Godisp\u00e5sar<\/h2>\n<ul>\n<li>Set med 24 cellofanp\u00e5sar och 24 kort<\/li>\n<li>Du s\u00e4tter sj\u00e4lv ihop p\u00e5sarna med korten n\u00e4r du f\u00e5r hem produkterna<\/li>\n<li>Kort (vikta): 5,5 cm (h\u00f6jd) x 8,5 cm (bredd)<\/li>\n<li>P\u00e5se: 13 cm (h\u00f6jd) x 8,5 cm (bredd) x 3 cm (djup)<\/li>\n<\/ul>\n<p>Pris 109:-<br \/>\n<a href=\"https:\/\/smartphoto.se\/fotopresenter\/godis-pasar\">Best\u00e4ll godisp\u00e5sar h\u00e4r<\/a><\/p>\n<p>Kalas\u00a0kan g\u00f6ras p\u00e5 o\u00e4ndligt m\u00e5nga s\u00e4tt och <a href=\"https:\/\/smartphoto.se\/blogg?s=kalas\">h\u00e4r<\/a>\u00a0hittar du v\u00e5ra andra inl\u00e4gg med tips och trix till just ert f\u00f6delsedagskalas. Och har du redan massa egna id\u00e9er har vi gjort det extra enkelt och samlat alla fotoprodukter som h\u00f6r kalaset till <a href=\"https:\/\/smartphoto.se\/speciella-tillfallen\/fira-fodelsedag\">h\u00e4r<\/a>.<br \/>\nDet viktiga \u00e4r att det passar er och framf\u00f6rallt att det blir ett kul kulas .Har du n\u00e5gra egna tips som vi missat?Delhttps:\/\/www.smartphoto.se\/speciella-tillfallen\/fira-fodelsedaga g\u00e4rna med dig i kommentarerna!<\/p>\n<p>Lycka till och gl\u00f6m inte t\u00e5rtan!<\/p>\n","protected":false},"excerpt":{"rendered":"<p>Ett riktigt proffs n\u00e4r det kommer till f\u00f6delsedagskalas \u00e4r helt klart bloggaren\u00a0Emily \u00d6dmark\u00a0som bloggar p\u00e5 emilysliv.se.\u00a0Emily &#8211; och hennes syster &#8211; ordnande precis det absolut s\u00f6taste f\u00f6delsedagskalas vi n\u00e5gonsin sett\u00a0till lilla\u00a0Almas 1-\u00e5rsdag. Ett rosaskimrande kalas med underbara detaljer som gav\u00a0festen &#8221;det lilla extra&#8221;. Med ett tydligt f\u00e4rgtema &#8211; guld och rosa &#8211; fantastiska bilder p\u00e5 Alma tryckta p\u00e5 matchande klisterm\u00e4rken, flasketiketter, godisp\u00e5sar och vimplar i taket kan vi inte annat \u00e4n att imponeras av hur vackert det blev! Vi p\u00e5 smartphoto fick m\u00f6jligheten att f\u00f6lja kalaset genom alla fantastiska bilder. Vi f\u00e5r dessutom dela med oss av alla tips och<\/p>\n","protected":false},"author":1,"featured_media":6000,"comment_status":"open","ping_status":"open","sticky":false,"template":"","format":"standard","meta":{"om_disable_all_campaigns":false,"_monsterinsights_skip_tracking":false,"_monsterinsights_sitenote_active":false,"_monsterinsights_sitenote_note":"","_monsterinsights_sitenote_category":0,"footnotes":""},"categories":[5],"tags":[],"class_list":["post-5969","post","type-post","status-publish","format-standard","has-post-thumbnail","hentry","category-insperation"],"yoast_head":"<!-- This site is optimized with the Yoast SEO plugin v23.8 - https:\/\/yoast.com\/wordpress\/plugins\/seo\/ -->\n<title>5 tips f\u00f6r \u00e5rets finaste f\u00f6delsedagskalas<\/title>\n<meta name=\"description\" content=\"Skapa ett magiskt f\u00f6delsedagskalas med v\u00e5ra 5 enkla tips f\u00f6r dekorationer, aktiviteter och personliga detaljer.\" \/>\n<meta name=\"robots\" content=\"index, follow, max-snippet:-1, max-image-preview:large, max-video-preview:-1\" \/>\n<link rel=\"canonical\" href=\"https:\/\/www.smartphoto.se\/blogg\/fodelsedagskalas\" \/>\n<meta property=\"og:locale\" content=\"sv_SE\" \/>\n<meta property=\"og:type\" content=\"article\" \/>\n<meta property=\"og:title\" content=\"5 tips f\u00f6r \u00e5rets finaste f\u00f6delsedagskalas\" \/>\n<meta property=\"og:description\" content=\"Skapa ett magiskt f\u00f6delsedagskalas med v\u00e5ra 5 enkla tips f\u00f6r dekorationer, aktiviteter och personliga detaljer.\" \/>\n<meta property=\"og:url\" content=\"https:\/\/www.smartphoto.se\/blogg\/fodelsedagskalas\" \/>\n<meta property=\"og:site_name\" content=\"smartphotoblogg Inspiration \u2013 Fototips \u2013 DIY\" \/>\n<meta property=\"article:publisher\" content=\"https:\/\/www.facebook.com\/smartphotose\" \/>\n<meta property=\"article:published_time\" content=\"2025-01-09T07:24:36+00:00\" \/>\n<meta property=\"article:modified_time\" content=\"2025-01-09T07:28:23+00:00\" \/>\n<meta property=\"og:image\" content=\"https:\/\/storage.googleapis.com\/smartphoto-express-production-wp-blogs-com\/11\/2018\/02\/flasketikett-1.jpg\" \/>\n\t<meta property=\"og:image:width\" content=\"720\" \/>\n\t<meta property=\"og:image:height\" content=\"360\" \/>\n\t<meta property=\"og:image:type\" content=\"image\/jpeg\" \/>\n<meta name=\"author\" content=\"admin\" \/>\n<meta name=\"twitter:card\" content=\"summary_large_image\" \/>\n<meta name=\"twitter:label1\" content=\"Written by\" \/>\n\t<meta name=\"twitter:data1\" content=\"admin\" \/>\n\t<meta name=\"twitter:label2\" content=\"Est. reading time\" \/>\n\t<meta name=\"twitter:data2\" content=\"5 minutes\" \/>\n<script type=\"application\/ld+json\" class=\"yoast-schema-graph\">{\"@context\":\"https:\/\/schema.org\",\"@graph\":[{\"@type\":\"WebPage\",\"@id\":\"https:\/\/www.smartphoto.se\/blogg\/fodelsedagskalas\",\"url\":\"https:\/\/www.smartphoto.se\/blogg\/fodelsedagskalas\",\"name\":\"5 tips f\u00f6r \u00e5rets finaste f\u00f6delsedagskalas\",\"isPartOf\":{\"@id\":\"https:\/\/www.smartphoto.se\/blogg\/#website\"},\"primaryImageOfPage\":{\"@id\":\"https:\/\/www.smartphoto.se\/blogg\/fodelsedagskalas#primaryimage\"},\"image\":{\"@id\":\"https:\/\/www.smartphoto.se\/blogg\/fodelsedagskalas#primaryimage\"},\"thumbnailUrl\":\"https:\/\/storage.googleapis.com\/smartphoto-express-production-wp-blogs-com\/11\/2018\/02\/flasketikett-1.jpg\",\"datePublished\":\"2025-01-09T07:24:36+00:00\",\"dateModified\":\"2025-01-09T07:28:23+00:00\",\"author\":{\"@id\":\"https:\/\/www.smartphoto.se\/blogg\/#\/schema\/person\/c256b3f50ae468ee69f4b486108c797b\"},\"description\":\"Skapa ett magiskt f\u00f6delsedagskalas med v\u00e5ra 5 enkla tips f\u00f6r dekorationer, aktiviteter och personliga detaljer.\",\"breadcrumb\":{\"@id\":\"https:\/\/www.smartphoto.se\/blogg\/fodelsedagskalas#breadcrumb\"},\"inLanguage\":\"sv-SE\",\"potentialAction\":[{\"@type\":\"ReadAction\",\"target\":[\"https:\/\/www.smartphoto.se\/blogg\/fodelsedagskalas\"]}]},{\"@type\":\"ImageObject\",\"inLanguage\":\"sv-SE\",\"@id\":\"https:\/\/www.smartphoto.se\/blogg\/fodelsedagskalas#primaryimage\",\"url\":\"https:\/\/storage.googleapis.com\/smartphoto-express-production-wp-blogs-com\/11\/2018\/02\/flasketikett-1.jpg\",\"contentUrl\":\"https:\/\/storage.googleapis.com\/smartphoto-express-production-wp-blogs-com\/11\/2018\/02\/flasketikett-1.jpg\",\"width\":720,\"height\":360,\"caption\":\"Flaskettiketter f\u00f6delsedagskalas\"},{\"@type\":\"BreadcrumbList\",\"@id\":\"https:\/\/www.smartphoto.se\/blogg\/fodelsedagskalas#breadcrumb\",\"itemListElement\":[{\"@type\":\"ListItem\",\"position\":1,\"name\":\"Home\",\"item\":\"\/blogg\/\"},{\"@type\":\"ListItem\",\"position\":2,\"name\":\"5 tips f\u00f6r att skapa \u00e5rets finaste f\u00f6delsedagskalas!\"}]},{\"@type\":\"WebSite\",\"@id\":\"https:\/\/www.smartphoto.se\/blogg\/#website\",\"url\":\"https:\/\/www.smartphoto.se\/blogg\/\",\"name\":\"smartphotoblogg Inspiration \u2013 Fototips \u2013 DIY\",\"description\":\"smartphotoblogg Inspiration \u2013 Fototips \u2013 DIY\",\"potentialAction\":[{\"@type\":\"SearchAction\",\"target\":{\"@type\":\"EntryPoint\",\"urlTemplate\":\"https:\/\/www.smartphoto.se\/blogg\/?s={search_term_string}\"},\"query-input\":{\"@type\":\"PropertyValueSpecification\",\"valueRequired\":true,\"valueName\":\"search_term_string\"}}],\"inLanguage\":\"sv-SE\"},{\"@type\":\"Person\",\"@id\":\"https:\/\/www.smartphoto.se\/blogg\/#\/schema\/person\/c256b3f50ae468ee69f4b486108c797b\",\"name\":\"admin\",\"image\":{\"@type\":\"ImageObject\",\"inLanguage\":\"sv-SE\",\"@id\":\"https:\/\/www.smartphoto.se\/blogg\/#\/schema\/person\/image\/\",\"url\":\"https:\/\/secure.gravatar.com\/avatar\/8f9488249a21b1f2cc85dc7982dc95c4?s=96&d=mm&r=g\",\"contentUrl\":\"https:\/\/secure.gravatar.com\/avatar\/8f9488249a21b1f2cc85dc7982dc95c4?s=96&d=mm&r=g\",\"caption\":\"admin\"},\"url\":\"https:\/\/www.smartphoto.se\/blogg\/author\/admin\"}]}<\/script>\n<!-- \/ Yoast SEO plugin. -->","yoast_head_json":{"title":"5 tips f\u00f6r \u00e5rets finaste f\u00f6delsedagskalas","description":"Skapa ett magiskt f\u00f6delsedagskalas med v\u00e5ra 5 enkla tips f\u00f6r dekorationer, aktiviteter och personliga detaljer.","robots":{"index":"index","follow":"follow","max-snippet":"max-snippet:-1","max-image-preview":"max-image-preview:large","max-video-preview":"max-video-preview:-1"},"canonical":"https:\/\/www.smartphoto.se\/blogg\/fodelsedagskalas","og_locale":"sv_SE","og_type":"article","og_title":"5 tips f\u00f6r \u00e5rets finaste f\u00f6delsedagskalas","og_description":"Skapa ett magiskt f\u00f6delsedagskalas med v\u00e5ra 5 enkla tips f\u00f6r dekorationer, aktiviteter och personliga detaljer.","og_url":"https:\/\/www.smartphoto.se\/blogg\/fodelsedagskalas","og_site_name":"smartphotoblogg Inspiration \u2013 Fototips \u2013 DIY","article_publisher":"https:\/\/www.facebook.com\/smartphotose","article_published_time":"2025-01-09T07:24:36+00:00","article_modified_time":"2025-01-09T07:28:23+00:00","og_image":[{"width":720,"height":360,"url":"https:\/\/storage.googleapis.com\/smartphoto-express-production-wp-blogs-com\/11\/2018\/02\/flasketikett-1.jpg","type":"image\/jpeg"}],"author":"admin","twitter_card":"summary_large_image","twitter_misc":{"Written by":"admin","Est. reading time":"5 minutes"},"schema":{"@context":"https:\/\/schema.org","@graph":[{"@type":"WebPage","@id":"https:\/\/www.smartphoto.se\/blogg\/fodelsedagskalas","url":"https:\/\/www.smartphoto.se\/blogg\/fodelsedagskalas","name":"5 tips f\u00f6r \u00e5rets finaste f\u00f6delsedagskalas","isPartOf":{"@id":"https:\/\/www.smartphoto.se\/blogg\/#website"},"primaryImageOfPage":{"@id":"https:\/\/www.smartphoto.se\/blogg\/fodelsedagskalas#primaryimage"},"image":{"@id":"https:\/\/www.smartphoto.se\/blogg\/fodelsedagskalas#primaryimage"},"thumbnailUrl":"https:\/\/storage.googleapis.com\/smartphoto-express-production-wp-blogs-com\/11\/2018\/02\/flasketikett-1.jpg","datePublished":"2025-01-09T07:24:36+00:00","dateModified":"2025-01-09T07:28:23+00:00","author":{"@id":"https:\/\/www.smartphoto.se\/blogg\/#\/schema\/person\/c256b3f50ae468ee69f4b486108c797b"},"description":"Skapa ett magiskt f\u00f6delsedagskalas med v\u00e5ra 5 enkla tips f\u00f6r dekorationer, aktiviteter och personliga detaljer.","breadcrumb":{"@id":"https:\/\/www.smartphoto.se\/blogg\/fodelsedagskalas#breadcrumb"},"inLanguage":"sv-SE","potentialAction":[{"@type":"ReadAction","target":["https:\/\/www.smartphoto.se\/blogg\/fodelsedagskalas"]}]},{"@type":"ImageObject","inLanguage":"sv-SE","@id":"https:\/\/www.smartphoto.se\/blogg\/fodelsedagskalas#primaryimage","url":"https:\/\/storage.googleapis.com\/smartphoto-express-production-wp-blogs-com\/11\/2018\/02\/flasketikett-1.jpg","contentUrl":"https:\/\/storage.googleapis.com\/smartphoto-express-production-wp-blogs-com\/11\/2018\/02\/flasketikett-1.jpg","width":720,"height":360,"caption":"Flaskettiketter f\u00f6delsedagskalas"},{"@type":"BreadcrumbList","@id":"https:\/\/www.smartphoto.se\/blogg\/fodelsedagskalas#breadcrumb","itemListElement":[{"@type":"ListItem","position":1,"name":"Home","item":"\/blogg\/"},{"@type":"ListItem","position":2,"name":"5 tips f\u00f6r att skapa \u00e5rets finaste f\u00f6delsedagskalas!"}]},{"@type":"WebSite","@id":"https:\/\/www.smartphoto.se\/blogg\/#website","url":"https:\/\/www.smartphoto.se\/blogg\/","name":"smartphotoblogg Inspiration \u2013 Fototips \u2013 DIY","description":"smartphotoblogg Inspiration \u2013 Fototips \u2013 DIY","potentialAction":[{"@type":"SearchAction","target":{"@type":"EntryPoint","urlTemplate":"https:\/\/www.smartphoto.se\/blogg\/?s={search_term_string}"},"query-input":{"@type":"PropertyValueSpecification","valueRequired":true,"valueName":"search_term_string"}}],"inLanguage":"sv-SE"},{"@type":"Person","@id":"https:\/\/www.smartphoto.se\/blogg\/#\/schema\/person\/c256b3f50ae468ee69f4b486108c797b","name":"admin","image":{"@type":"ImageObject","inLanguage":"sv-SE","@id":"https:\/\/www.smartphoto.se\/blogg\/#\/schema\/person\/image\/","url":"https:\/\/secure.gravatar.com\/avatar\/8f9488249a21b1f2cc85dc7982dc95c4?s=96&d=mm&r=g","contentUrl":"https:\/\/secure.gravatar.com\/avatar\/8f9488249a21b1f2cc85dc7982dc95c4?s=96&d=mm&r=g","caption":"admin"},"url":"https:\/\/www.smartphoto.se\/blogg\/author\/admin"}]}},"_links":{"self":[{"href":"https:\/\/www.smartphoto.se\/blogg\/wp-json\/wp\/v2\/posts\/5969","targetHints":{"allow":["GET"]}}],"collection":[{"href":"https:\/\/www.smartphoto.se\/blogg\/wp-json\/wp\/v2\/posts"}],"about":[{"href":"https:\/\/www.smartphoto.se\/blogg\/wp-json\/wp\/v2\/types\/post"}],"author":[{"embeddable":true,"href":"https:\/\/www.smartphoto.se\/blogg\/wp-json\/wp\/v2\/users\/1"}],"replies":[{"embeddable":true,"href":"https:\/\/www.smartphoto.se\/blogg\/wp-json\/wp\/v2\/comments?post=5969"}],"version-history":[{"count":49,"href":"https:\/\/www.smartphoto.se\/blogg\/wp-json\/wp\/v2\/posts\/5969\/revisions"}],"predecessor-version":[{"id":9336,"href":"https:\/\/www.smartphoto.se\/blogg\/wp-json\/wp\/v2\/posts\/5969\/revisions\/9336"}],"wp:featuredmedia":[{"embeddable":true,"href":"https:\/\/www.smartphoto.se\/blogg\/wp-json\/wp\/v2\/media\/6000"}],"wp:attachment":[{"href":"https:\/\/www.smartphoto.se\/blogg\/wp-json\/wp\/v2\/media?parent=5969"}],"wp:term":[{"taxonomy":"category","embeddable":true,"href":"https:\/\/www.smartphoto.se\/blogg\/wp-json\/wp\/v2\/categories?post=5969"},{"taxonomy":"post_tag","embeddable":true,"href":"https:\/\/www.smartphoto.se\/blogg\/wp-json\/wp\/v2\/tags?post=5969"}],"curies":[{"name":"wp","href":"https:\/\/api.w.org\/{rel}","templated":true}]}}