{"id":4828,"date":"2017-04-21T13:25:14","date_gmt":"2017-04-21T13:25:14","guid":{"rendered":"\/blogg\/?p=4828"},"modified":"2020-10-20T15:13:21","modified_gmt":"2020-10-20T13:13:21","slug":"vaggdekorationer-nyaformat","status":"publish","type":"post","link":"https:\/\/www.smartphoto.se\/blogg\/vaggdekorationer-nyaformat","title":{"rendered":"Hurra! Nu finns v\u00e5ra v\u00e4ggdekorationer i \u00e4nnu fler format och storlekar!"},"content":{"rendered":"<p><em>Ingen har v\u00e4l kunnat undg\u00e5 trenden att&nbsp;smycka sitt hem med snygga posters med citat, grafiska m\u00f6nster och naturbilder? Men har du t\u00e4nkt p\u00e5 att du \u00e4ven kan ta steget l\u00e4ngre och skapa din helt unika v\u00e4ggkonst med dina egna bilder, illustrationer och teckningar. Nu kan vi dessutom avsl\u00f6ja en supersp\u00e4nnande nyhet! Vi har precis ut\u00f6kat v\u00e5rt sortiment av Canvas, poster och v\u00e4ggdekorationer med massa nya sp\u00e4nnande storlekar och format, bland annat ett panoramaformat! Och det \u00e4r superenkelt att skapa dina egna tavlor. Har du n\u00e5gon g\u00e5ng framkallat en bild s\u00e5 kan du \u00e4ven skapa din egen v\u00e4ggkonst. Nedan ber\u00e4ttar vi hur. H\u00e5ll till godo!<\/em><\/p>\n<div id=\"attachment_4878\" style=\"width: 690px\" class=\"wp-caption alignnone\"><img loading=\"lazy\" decoding=\"async\" aria-describedby=\"caption-attachment-4878\" class=\"wp-image-4878 size-large\" src=\"https:\/\/storage.googleapis.com\/smartphoto-express-production-wp-blogs-com\/11\/2017\/04\/AdobeStock_110629198red3-1-1024x683.jpg\" alt=\"Skapa en Canvas av din b\u00e4sta bild\" width=\"680\" height=\"454\" srcset=\"https:\/\/storage.googleapis.com\/smartphoto-express-production-wp-blogs-com\/11\/2017\/04\/AdobeStock_110629198red3-1-1024x683.jpg 1024w, https:\/\/storage.googleapis.com\/smartphoto-express-production-wp-blogs-com\/11\/2017\/04\/AdobeStock_110629198red3-1-300x200.jpg 300w, https:\/\/storage.googleapis.com\/smartphoto-express-production-wp-blogs-com\/11\/2017\/04\/AdobeStock_110629198red3-1-768x512.jpg 768w\" sizes=\"auto, (max-width: 680px) 100vw, 680px\" \/><p id=\"caption-attachment-4878\" class=\"wp-caption-text\">Skapa en Canvas av din b\u00e4sta bild<\/p><\/div>\n<h2>Hitta den perfekta bilden och skapa canvas och v\u00e4ggdekorationer<\/h2>\n<div id=\"attachment_4192\" style=\"width: 690px\" class=\"wp-caption alignnone\"><img loading=\"lazy\" decoding=\"async\" aria-describedby=\"caption-attachment-4192\" class=\"wp-image-4192 size-large\" src=\"https:\/\/storage.googleapis.com\/smartphoto-express-production-wp-blogs-com\/11\/2017\/04\/AluPoster_Shoot_Lifestyle3-2-e1492594812725-1024x589.jpg\" alt=\"V\u00e4ggkonst av dina bilder\" width=\"680\" height=\"391\"><p id=\"caption-attachment-4192\" class=\"wp-caption-text\">En detaljbild kan enkelt bli vacker konst<\/p><\/div>\n<p>Alla har vi den. Den d\u00e4r bilden som betyder extra mycket. Det kan vara en perfekt tagen bild d\u00e4r ljuset och kompositionen var exakt och sk\u00e4rpan landande precis d\u00e4r du ville&nbsp;och djupet i bilden \u00e4r otrolig. Men det kan lika g\u00e4rna vara en bild d\u00e4r ett fantastiskt \u00f6gonblick i ditt liv har f\u00e5ngats. Vilken din perfekta bild \u00e4r kan bara du avg\u00f6ra. Det smartphoto kan erbjuda \u00e4r en guide &#8211; genom alla material, storlekar och format &#8211; som du kan v\u00e4lja mellan n\u00e4r du skapar v\u00e4ggkonst av dina bilder. Och kr\u00e5ngla inte till det utan testa dig fram!<\/p>\n<h2>NYHET &#8211; M\u00f6t v\u00e5ra nya format och storlekar av v\u00e4ggdekorationer och canvas<\/h2>\n<div id=\"attachment_4186\" style=\"width: 666px\" class=\"wp-caption alignnone\"><a href=\"https:\/\/www.smartphoto.se\/canvas-vaggdekoration\/poster\"><img loading=\"lazy\" decoding=\"async\" aria-describedby=\"caption-attachment-4186\" class=\"wp-image-4186 size-large\" src=\"https:\/\/storage.googleapis.com\/smartphoto-express-production-wp-blogs-com\/11\/2017\/04\/IMG_5073red-656x1024.jpg\" alt=\"Nytt format - panorama\" width=\"656\" height=\"1024\"><\/a><p id=\"caption-attachment-4186\" class=\"wp-caption-text\">Nyhet &#8211; hur snygg \u00e4r inte denna poster i <a href=\"https:\/\/www.smartphoto.se\/canvas-vaggdekoration\/poster\">panoramaformat!<\/a><\/p><\/div>\n<p>Att hitta den perfekta storleken och formatet f\u00f6r din bild kan vara ganska sv\u00e5rt.<\/p>\n<ul>\n<li>Ska du b\u00f6rja med att hitta en ram (om du vill ha ram) eller framkalla bilden f\u00f6rst?<\/li>\n<li>Ska du utg\u00e5 fr\u00e5n det b\u00e4sta formatet f\u00f6r just din bild eller satsa p\u00e5 ett sp\u00e4nnande format som ger en annorlunda besk\u00e4rning p\u00e5 din bild?<\/li>\n<\/ul>\n<p>M\u00e5nga g\u00e5nger hittar man en snygg ram men har sedan stora sv\u00e5righeter att hitta ett motiv som passar. Nu slipper du detta &#8211; skapa bara din egen konst i valfritt format! Nu finns alla v\u00e5ra <a href=\"https:\/\/www.smartphoto.se\/canvas-vaggdekoration\/poster\">posters<\/a> och \u00f6vrig <a href=\"https:\/\/www.smartphoto.se\/canvas-vaggdekoration\">v\u00e4ggdekoration<\/a> i \u00e4nnu fler format och storlekar.<\/p>\n<blockquote><p>Storlekar som 50&#215;75 cm eller 70&#215;105 cm samt ett helt nytt sp\u00e4nnande panoramaformat hittar du nu under kategorin canvas och v\u00e4ggdekorationer<\/p><\/blockquote>\n<p>Samtliga v\u00e4ggdekorationer finns i st\u00e5ende, liggande, kvadratiskt och panorama. H\u00e4r \u00e4r ett exempel p\u00e5 tillg\u00e4ngliga storlekar&nbsp;f\u00f6r v\u00e4ggdekoration i st\u00e5ende format:<\/p>\n<p><a href=\"https:\/\/www.smartphoto.se\/canvas-vaggdekoration\"><img loading=\"lazy\" decoding=\"async\" class=\"size-full wp-image-4188\" src=\"https:\/\/storage.googleapis.com\/smartphoto-express-production-wp-blogs-com\/11\/2017\/04\/storlekar.jpg\" alt=\"V\u00e4ggdekoration - alla storlekar\" width=\"424\" height=\"359\"><\/a><\/p>\n<h3>Men vilken storlek och format&nbsp;v\u00e4ljer du?<\/h3>\n<p><strong>Genom att t\u00e4nka igenom f\u00f6ljande fr\u00e5gor s\u00e5 blir beslutet lite l\u00e4ttare.<\/strong><\/p>\n<ol>\n<li>Vart ska tavlan sitta? Vardagsrum, k\u00f6k eller barnrum?<\/li>\n<li>Hur stor \u00e4r v\u00e4ggen och hur mycket av v\u00e4ggen vill du ska upptas av tavlan.&nbsp;Har du en bild som \u00e4r v\u00e4rd sin plats?<\/li>\n<li>Vad ska tavlan fylla f\u00f6r funktion? Ber\u00e4tta ett minne eller vara ett konstverk?<\/li>\n<li>Vill du ha en eller flera bilder i en tavla? Skapa ett kollage eller l\u00e5ta en bild ta ordentligt med plats?<\/li>\n<li>Gillar du inramning eller vill du l\u00e5ta bilden st\u00e5 fri?<\/li>\n<\/ol>\n<div id=\"attachment_4190\" style=\"width: 690px\" class=\"wp-caption alignnone\"><a href=\"https:\/\/www.smartphoto.se\/bilder-fotoforstoring-fotohaften\/bilder\"><img loading=\"lazy\" decoding=\"async\" aria-describedby=\"caption-attachment-4190\" class=\"size-large wp-image-4190\" src=\"https:\/\/storage.googleapis.com\/smartphoto-express-production-wp-blogs-com\/11\/2017\/04\/IMG_5081red-1024x562.jpg\" alt=\"Framkallade bilder\" width=\"680\" height=\"373\"><\/a><p id=\"caption-attachment-4190\" class=\"wp-caption-text\">Skapa ett v\u00e4ggkollage med hj\u00e4lp av framkallade bilder &#8211; snyggt och enkelt att uppdatera med nya bilder.<\/p><\/div>\n<p>F\u00f6rhoppningsvis k\u00e4nns beslutet om vilket format och storlek din tavla ska ha inte lika sv\u00e5rt.<br \/>\nL\u00e5t bilden du vill framkalla och platsen du t\u00e4nkt att h\u00e4nga den p\u00e5 best\u00e4mma helt enkelt.<\/p>\n<h2>Du vet v\u00e4l om att du ocks\u00e5 har massa sp\u00e4nnande material att v\u00e4lja mellan?<\/h2>\n<div id=\"attachment_4181\" style=\"width: 690px\" class=\"wp-caption alignnone\"><img loading=\"lazy\" decoding=\"async\" aria-describedby=\"caption-attachment-4181\" class=\"size-large wp-image-4181\" src=\"https:\/\/storage.googleapis.com\/smartphoto-express-production-wp-blogs-com\/11\/2017\/04\/walldeco-1024x412.jpg\" alt=\"Canvas och V\u00e4ggdekorationer\" width=\"680\" height=\"274\"><p id=\"caption-attachment-4181\" class=\"wp-caption-text\">Skapa vacker v\u00e4ggkonst av dina bilder.<\/p><\/div>\n<p>Nedan listar vi v\u00e5ra favoriter av alla v\u00e5ra v\u00e4ggdekorationer. Klicka g\u00e4rna p\u00e5 det material du vill veta mer om!<\/p>\n<p><strong>Poster och framkallade bilder &#8211; <em>billig<\/em><\/strong><br \/>\nN\u00e4r du skapar en&nbsp;<a href=\"https:\/\/www.smartphoto.se\/canvas-vaggdekoration\/poster\">fotof\u00f6rstoring<\/a>&nbsp;eller <a href=\"https:\/\/www.smartphoto.se\/canvas-vaggdekoration\/poster\">poster<\/a>&nbsp;trycks din bild p\u00e5 marknadens b\u00e4sta fotopapper. Ett billigare alternativ f\u00f6r dig som vill testa dig fram. Lika kul med en <a href=\"https:\/\/www.smartphoto.se\/canvas-vaggdekoration\">f\u00f6rstoring<\/a> som flera <a href=\"https:\/\/www.smartphoto.se\/bilder-fotoforstoring-fotohaften\/bilder\">framkallade bilder<\/a> i kollage. Pris <a href=\"https:\/\/www.smartphoto.se\/canvas-vaggdekoration\/poster\">poster<\/a> fr\u00e5n 29 kr, pris <a href=\"https:\/\/www.smartphoto.se\/bilder-fotoforstoring-fotohaften\/bilder\">framkallade bilder<\/a> fr\u00e5n 0,85 kr styck.<\/p>\n<p><strong>Canvas &#8211; <em>en klassiker<\/em><br \/>\n<\/strong><a href=\"https:\/\/www.smartphoto.se\/canvas-vaggdekoration\/foto-pa-canvas\">Foto p\u00e5 canvas<\/a> \u00e4r en klassiker bland fotokonst. Din bild trycks p\u00e5 en canvasduk som sp\u00e4nns runt en tr\u00e4ram. <a href=\"https:\/\/www.smartphoto.se\/canvas-vaggdekoration\/foto-pa-canvas\">Pris fr\u00e5n 169 kr<\/a><\/p>\n<p><strong>Postertavla &#8211; <em>v\u00e5r favorit<br \/>\n<\/em><\/strong><a href=\"https:\/\/www.smartphoto.se\/canvas-vaggdekoration\/postertavla\">Postertavla<\/a> \u00e4r en uppstickare och en stor konkurrent till den klassiska canvastavlan. En matt fotoyta p\u00e5 tv\u00e5 syntetiska plattor med skum i mellan. <a href=\"https:\/\/www.smartphoto.se\/canvas-vaggdekoration\/postertavla\">Pris fr\u00e5n 199 kr<\/a><\/p>\n<div id=\"attachment_4195\" style=\"width: 690px\" class=\"wp-caption alignnone\"><a href=\"https:\/\/www.smartphoto.se\/canvas-vaggdekoration\/postertavla\"><img loading=\"lazy\" decoding=\"async\" aria-describedby=\"caption-attachment-4195\" class=\"size-large wp-image-4195\" src=\"https:\/\/storage.googleapis.com\/smartphoto-express-production-wp-blogs-com\/11\/2017\/04\/IMG_5083red-1024x647.jpg\" alt=\"Postertavlor\" width=\"680\" height=\"430\"><\/a><p id=\"caption-attachment-4195\" class=\"wp-caption-text\">Tre kvadratiska postertavlor i storlek 60x60cm<\/p><\/div>\n<p><strong>Akrylglastavla &#8211; <em>sp\u00e4nnande och annorlunda<br \/>\n<\/em><\/strong><a href=\"https:\/\/www.smartphoto.se\/canvas-vaggdekoration\/akrylglastavla\">Akrylglastavla<\/a> anv\u00e4nds p\u00e5 m\u00e5nga gallerier och museum eftersom den ger en fantastisk glanseffekt och ett djup till bilden. Kostar lite mer men \u00e4r v\u00e4l v\u00e4rt sina pengar om du har den perfekta bilden. <a href=\"https:\/\/www.smartphoto.se\/canvas-vaggdekoration\/akrylglastavla\">Pris fr\u00e5n 369 kr.<\/a><\/p>\n<div id=\"attachment_4196\" style=\"width: 690px\" class=\"wp-caption alignnone\"><a href=\"https:\/\/www.smartphoto.se\/canvas-vaggdekoration\/akrylglastavla\"><img loading=\"lazy\" decoding=\"async\" aria-describedby=\"caption-attachment-4196\" class=\"wp-image-4196 size-large\" src=\"https:\/\/storage.googleapis.com\/smartphoto-express-production-wp-blogs-com\/11\/2017\/04\/AcrylicPhoto_Shoot_Material6-1024x683.jpg\" alt=\"Akrylglastavla\" width=\"680\" height=\"454\"><\/a><p id=\"caption-attachment-4196\" class=\"wp-caption-text\">Tryck p\u00e5 akrylglas med stilrena f\u00e4sten i metall<\/p><\/div>\n<p>Detta \u00e4r v\u00e5ra favoriter. Vilken \u00e4r din? Du hittar samtliga alternativ h\u00e4r.<\/p>\n<p>Just nu har vi <a href=\"https:\/\/www.smartphoto.se\/varen?epc=SP17HP00\">v\u00e5rrea<\/a> p\u00e5 smartphoto. Detta betyder att du f\u00e5r 25% rabatt n\u00e4r du handlar f\u00f6r mer \u00e4n 250 kr.<\/p>\n<p>Du hittar erbjudandet h\u00e4r:<\/p>\n<p><a href=\"https:\/\/www.smartphoto.se\/varen?epc=SP17HP00\"><img loading=\"lazy\" decoding=\"async\" class=\"alignnone size-full wp-image-4018\" src=\"https:\/\/storage.googleapis.com\/smartphoto-express-production-wp-blogs-com\/11\/2017\/04\/v\u00e5rerbjudande.jpg\" alt=\"\" width=\"909\" height=\"272\"><\/a><\/p>\n<p>Lycka till!<\/p>\n<p>&nbsp;<\/p>\n<p>&nbsp;<\/p>\n","protected":false},"excerpt":{"rendered":"<p>Ingen har v\u00e4l kunnat undg\u00e5 trenden att&nbsp;smycka sitt hem med snygga posters med citat, grafiska m\u00f6nster och naturbilder? Men har du t\u00e4nkt p\u00e5 att du \u00e4ven kan ta steget l\u00e4ngre och skapa din helt unika v\u00e4ggkonst med dina egna bilder, illustrationer och teckningar. Nu kan vi dessutom avsl\u00f6ja en supersp\u00e4nnande nyhet! Vi har precis ut\u00f6kat v\u00e5rt sortiment av Canvas, poster och v\u00e4ggdekorationer med massa nya sp\u00e4nnande storlekar och format, bland annat ett panoramaformat! Och det \u00e4r superenkelt att skapa dina egna tavlor. Har du n\u00e5gon g\u00e5ng framkallat en bild s\u00e5 kan du \u00e4ven skapa din egen v\u00e4ggkonst. Nedan ber\u00e4ttar vi<\/p>\n","protected":false},"author":1,"featured_media":4839,"comment_status":"open","ping_status":"open","sticky":false,"template":"","format":"standard","meta":{"om_disable_all_campaigns":false,"_monsterinsights_skip_tracking":false,"_monsterinsights_sitenote_active":false,"_monsterinsights_sitenote_note":"","_monsterinsights_sitenote_category":0,"footnotes":""},"categories":[4],"tags":[],"class_list":["post-4828","post","type-post","status-publish","format-standard","has-post-thumbnail","hentry","category-inredning-dekoration"],"yoast_head":"<!-- This site is optimized with the Yoast SEO plugin v23.8 - https:\/\/yoast.com\/wordpress\/plugins\/seo\/ -->\n<title>Skapa dina egna v\u00e4ggdekorationer | Smartphoto<\/title>\n<meta name=\"description\" content=\"Ska du g\u00f6ra om hemma och \u00e4r sugen p\u00e5 nya tavlor? Skapa din egen personliga v\u00e4ggkonst. Nu har vi dessutom ut\u00f6kat hela v\u00e5rt sortiment av v\u00e4ggdekorationer!\" \/>\n<meta name=\"robots\" content=\"index, follow, max-snippet:-1, max-image-preview:large, max-video-preview:-1\" \/>\n<link rel=\"canonical\" href=\"https:\/\/www.smartphoto.se\/blogg\/vaggdekorationer-nyaformat\" \/>\n<meta property=\"og:locale\" content=\"sv_SE\" \/>\n<meta property=\"og:type\" content=\"article\" \/>\n<meta property=\"og:title\" content=\"Skapa dina egna v\u00e4ggdekorationer | Smartphoto\" \/>\n<meta property=\"og:description\" content=\"Ska du g\u00f6ra om hemma och \u00e4r sugen p\u00e5 nya tavlor? Skapa din egen personliga v\u00e4ggkonst. Nu har vi dessutom ut\u00f6kat hela v\u00e5rt sortiment av v\u00e4ggdekorationer!\" \/>\n<meta property=\"og:url\" content=\"\/blogg\/vaggdekorationer-nyaformat\" \/>\n<meta property=\"og:site_name\" content=\"smartphotoblogg Inspiration \u2013 Fototips \u2013 DIY\" \/>\n<meta property=\"article:publisher\" content=\"https:\/\/www.facebook.com\/smartphotose\" \/>\n<meta property=\"article:published_time\" content=\"2017-04-21T13:25:14+00:00\" \/>\n<meta property=\"article:modified_time\" content=\"2020-10-20T13:13:21+00:00\" \/>\n<meta property=\"og:image\" content=\"https:\/\/storage.googleapis.com\/smartphoto-express-production-wp-blogs-com\/11\/2017\/04\/Blog_SE_walldeco.jpg\" \/>\n\t<meta property=\"og:image:width\" content=\"2624\" \/>\n\t<meta property=\"og:image:height\" content=\"1055\" \/>\n\t<meta property=\"og:image:type\" content=\"image\/jpeg\" \/>\n<meta name=\"author\" content=\"admin\" \/>\n<meta name=\"twitter:card\" content=\"summary_large_image\" \/>\n<meta name=\"twitter:label1\" content=\"Written by\" \/>\n\t<meta name=\"twitter:data1\" content=\"admin\" \/>\n\t<meta name=\"twitter:label2\" content=\"Est. reading time\" \/>\n\t<meta name=\"twitter:data2\" content=\"5 minutes\" \/>\n<script type=\"application\/ld+json\" class=\"yoast-schema-graph\">{\"@context\":\"https:\/\/schema.org\",\"@graph\":[{\"@type\":\"WebPage\",\"@id\":\"\/blogg\/vaggdekorationer-nyaformat\",\"url\":\"https:\/\/www.smartphoto.se\/blogg\/vaggdekorationer-nyaformat\",\"name\":\"Skapa dina egna v\u00e4ggdekorationer | Smartphoto\",\"isPartOf\":{\"@id\":\"https:\/\/www.smartphoto.se\/blogg\/#website\"},\"primaryImageOfPage\":{\"@id\":\"https:\/\/www.smartphoto.se\/blogg\/vaggdekorationer-nyaformat#primaryimage\"},\"image\":{\"@id\":\"https:\/\/www.smartphoto.se\/blogg\/vaggdekorationer-nyaformat#primaryimage\"},\"thumbnailUrl\":\"https:\/\/storage.googleapis.com\/smartphoto-express-production-wp-blogs-com\/11\/2017\/04\/Blog_SE_walldeco.jpg\",\"datePublished\":\"2017-04-21T13:25:14+00:00\",\"dateModified\":\"2020-10-20T13:13:21+00:00\",\"author\":{\"@id\":\"https:\/\/www.smartphoto.se\/blogg\/#\/schema\/person\/c256b3f50ae468ee69f4b486108c797b\"},\"description\":\"Ska du g\u00f6ra om hemma och \u00e4r sugen p\u00e5 nya tavlor? Skapa din egen personliga v\u00e4ggkonst. Nu har vi dessutom ut\u00f6kat hela v\u00e5rt sortiment av v\u00e4ggdekorationer!\",\"breadcrumb\":{\"@id\":\"https:\/\/www.smartphoto.se\/blogg\/vaggdekorationer-nyaformat#breadcrumb\"},\"inLanguage\":\"sv-SE\",\"potentialAction\":[{\"@type\":\"ReadAction\",\"target\":[\"https:\/\/www.smartphoto.se\/blogg\/vaggdekorationer-nyaformat\"]}]},{\"@type\":\"ImageObject\",\"inLanguage\":\"sv-SE\",\"@id\":\"https:\/\/www.smartphoto.se\/blogg\/vaggdekorationer-nyaformat#primaryimage\",\"url\":\"https:\/\/storage.googleapis.com\/smartphoto-express-production-wp-blogs-com\/11\/2017\/04\/Blog_SE_walldeco.jpg\",\"contentUrl\":\"https:\/\/storage.googleapis.com\/smartphoto-express-production-wp-blogs-com\/11\/2017\/04\/Blog_SE_walldeco.jpg\",\"width\":2624,\"height\":1055,\"caption\":\"Skapa vacker v\u00e4ggkonst av dina bilder.\"},{\"@type\":\"BreadcrumbList\",\"@id\":\"https:\/\/www.smartphoto.se\/blogg\/vaggdekorationer-nyaformat#breadcrumb\",\"itemListElement\":[{\"@type\":\"ListItem\",\"position\":1,\"name\":\"Home\",\"item\":\"\/blogg\/\"},{\"@type\":\"ListItem\",\"position\":2,\"name\":\"Hurra! Nu finns v\u00e5ra v\u00e4ggdekorationer i \u00e4nnu fler format och storlekar!\"}]},{\"@type\":\"WebSite\",\"@id\":\"https:\/\/www.smartphoto.se\/blogg\/#website\",\"url\":\"https:\/\/www.smartphoto.se\/blogg\/\",\"name\":\"smartphotoblogg Inspiration \u2013 Fototips \u2013 DIY\",\"description\":\"smartphotoblogg Inspiration \u2013 Fototips \u2013 DIY\",\"potentialAction\":[{\"@type\":\"SearchAction\",\"target\":{\"@type\":\"EntryPoint\",\"urlTemplate\":\"https:\/\/www.smartphoto.se\/blogg\/?s={search_term_string}\"},\"query-input\":{\"@type\":\"PropertyValueSpecification\",\"valueRequired\":true,\"valueName\":\"search_term_string\"}}],\"inLanguage\":\"sv-SE\"},{\"@type\":\"Person\",\"@id\":\"https:\/\/www.smartphoto.se\/blogg\/#\/schema\/person\/c256b3f50ae468ee69f4b486108c797b\",\"name\":\"admin\",\"image\":{\"@type\":\"ImageObject\",\"inLanguage\":\"sv-SE\",\"@id\":\"https:\/\/www.smartphoto.se\/blogg\/#\/schema\/person\/image\/\",\"url\":\"https:\/\/secure.gravatar.com\/avatar\/8f9488249a21b1f2cc85dc7982dc95c4?s=96&d=mm&r=g\",\"contentUrl\":\"https:\/\/secure.gravatar.com\/avatar\/8f9488249a21b1f2cc85dc7982dc95c4?s=96&d=mm&r=g\",\"caption\":\"admin\"},\"url\":\"https:\/\/www.smartphoto.se\/blogg\/author\/admin\"}]}<\/script>\n<!-- \/ Yoast SEO plugin. -->","yoast_head_json":{"title":"Skapa dina egna v\u00e4ggdekorationer | Smartphoto","description":"Ska du g\u00f6ra om hemma och \u00e4r sugen p\u00e5 nya tavlor? Skapa din egen personliga v\u00e4ggkonst. Nu har vi dessutom ut\u00f6kat hela v\u00e5rt sortiment av v\u00e4ggdekorationer!","robots":{"index":"index","follow":"follow","max-snippet":"max-snippet:-1","max-image-preview":"max-image-preview:large","max-video-preview":"max-video-preview:-1"},"canonical":"https:\/\/www.smartphoto.se\/blogg\/vaggdekorationer-nyaformat","og_locale":"sv_SE","og_type":"article","og_title":"Skapa dina egna v\u00e4ggdekorationer | Smartphoto","og_description":"Ska du g\u00f6ra om hemma och \u00e4r sugen p\u00e5 nya tavlor? Skapa din egen personliga v\u00e4ggkonst. Nu har vi dessutom ut\u00f6kat hela v\u00e5rt sortiment av v\u00e4ggdekorationer!","og_url":"\/blogg\/vaggdekorationer-nyaformat","og_site_name":"smartphotoblogg Inspiration \u2013 Fototips \u2013 DIY","article_publisher":"https:\/\/www.facebook.com\/smartphotose","article_published_time":"2017-04-21T13:25:14+00:00","article_modified_time":"2020-10-20T13:13:21+00:00","og_image":[{"width":2624,"height":1055,"url":"https:\/\/storage.googleapis.com\/smartphoto-express-production-wp-blogs-com\/11\/2017\/04\/Blog_SE_walldeco.jpg","type":"image\/jpeg"}],"author":"admin","twitter_card":"summary_large_image","twitter_misc":{"Written by":"admin","Est. reading time":"5 minutes"},"schema":{"@context":"https:\/\/schema.org","@graph":[{"@type":"WebPage","@id":"\/blogg\/vaggdekorationer-nyaformat","url":"https:\/\/www.smartphoto.se\/blogg\/vaggdekorationer-nyaformat","name":"Skapa dina egna v\u00e4ggdekorationer | Smartphoto","isPartOf":{"@id":"https:\/\/www.smartphoto.se\/blogg\/#website"},"primaryImageOfPage":{"@id":"https:\/\/www.smartphoto.se\/blogg\/vaggdekorationer-nyaformat#primaryimage"},"image":{"@id":"https:\/\/www.smartphoto.se\/blogg\/vaggdekorationer-nyaformat#primaryimage"},"thumbnailUrl":"https:\/\/storage.googleapis.com\/smartphoto-express-production-wp-blogs-com\/11\/2017\/04\/Blog_SE_walldeco.jpg","datePublished":"2017-04-21T13:25:14+00:00","dateModified":"2020-10-20T13:13:21+00:00","author":{"@id":"https:\/\/www.smartphoto.se\/blogg\/#\/schema\/person\/c256b3f50ae468ee69f4b486108c797b"},"description":"Ska du g\u00f6ra om hemma och \u00e4r sugen p\u00e5 nya tavlor? Skapa din egen personliga v\u00e4ggkonst. Nu har vi dessutom ut\u00f6kat hela v\u00e5rt sortiment av v\u00e4ggdekorationer!","breadcrumb":{"@id":"https:\/\/www.smartphoto.se\/blogg\/vaggdekorationer-nyaformat#breadcrumb"},"inLanguage":"sv-SE","potentialAction":[{"@type":"ReadAction","target":["https:\/\/www.smartphoto.se\/blogg\/vaggdekorationer-nyaformat"]}]},{"@type":"ImageObject","inLanguage":"sv-SE","@id":"https:\/\/www.smartphoto.se\/blogg\/vaggdekorationer-nyaformat#primaryimage","url":"https:\/\/storage.googleapis.com\/smartphoto-express-production-wp-blogs-com\/11\/2017\/04\/Blog_SE_walldeco.jpg","contentUrl":"https:\/\/storage.googleapis.com\/smartphoto-express-production-wp-blogs-com\/11\/2017\/04\/Blog_SE_walldeco.jpg","width":2624,"height":1055,"caption":"Skapa vacker v\u00e4ggkonst av dina bilder."},{"@type":"BreadcrumbList","@id":"https:\/\/www.smartphoto.se\/blogg\/vaggdekorationer-nyaformat#breadcrumb","itemListElement":[{"@type":"ListItem","position":1,"name":"Home","item":"\/blogg\/"},{"@type":"ListItem","position":2,"name":"Hurra! Nu finns v\u00e5ra v\u00e4ggdekorationer i \u00e4nnu fler format och storlekar!"}]},{"@type":"WebSite","@id":"https:\/\/www.smartphoto.se\/blogg\/#website","url":"https:\/\/www.smartphoto.se\/blogg\/","name":"smartphotoblogg Inspiration \u2013 Fototips \u2013 DIY","description":"smartphotoblogg Inspiration \u2013 Fototips \u2013 DIY","potentialAction":[{"@type":"SearchAction","target":{"@type":"EntryPoint","urlTemplate":"https:\/\/www.smartphoto.se\/blogg\/?s={search_term_string}"},"query-input":{"@type":"PropertyValueSpecification","valueRequired":true,"valueName":"search_term_string"}}],"inLanguage":"sv-SE"},{"@type":"Person","@id":"https:\/\/www.smartphoto.se\/blogg\/#\/schema\/person\/c256b3f50ae468ee69f4b486108c797b","name":"admin","image":{"@type":"ImageObject","inLanguage":"sv-SE","@id":"https:\/\/www.smartphoto.se\/blogg\/#\/schema\/person\/image\/","url":"https:\/\/secure.gravatar.com\/avatar\/8f9488249a21b1f2cc85dc7982dc95c4?s=96&d=mm&r=g","contentUrl":"https:\/\/secure.gravatar.com\/avatar\/8f9488249a21b1f2cc85dc7982dc95c4?s=96&d=mm&r=g","caption":"admin"},"url":"https:\/\/www.smartphoto.se\/blogg\/author\/admin"}]}},"_links":{"self":[{"href":"https:\/\/www.smartphoto.se\/blogg\/wp-json\/wp\/v2\/posts\/4828","targetHints":{"allow":["GET"]}}],"collection":[{"href":"https:\/\/www.smartphoto.se\/blogg\/wp-json\/wp\/v2\/posts"}],"about":[{"href":"https:\/\/www.smartphoto.se\/blogg\/wp-json\/wp\/v2\/types\/post"}],"author":[{"embeddable":true,"href":"https:\/\/www.smartphoto.se\/blogg\/wp-json\/wp\/v2\/users\/1"}],"replies":[{"embeddable":true,"href":"https:\/\/www.smartphoto.se\/blogg\/wp-json\/wp\/v2\/comments?post=4828"}],"version-history":[{"count":5,"href":"https:\/\/www.smartphoto.se\/blogg\/wp-json\/wp\/v2\/posts\/4828\/revisions"}],"predecessor-version":[{"id":8338,"href":"https:\/\/www.smartphoto.se\/blogg\/wp-json\/wp\/v2\/posts\/4828\/revisions\/8338"}],"wp:featuredmedia":[{"embeddable":true,"href":"https:\/\/www.smartphoto.se\/blogg\/wp-json\/wp\/v2\/media\/4839"}],"wp:attachment":[{"href":"https:\/\/www.smartphoto.se\/blogg\/wp-json\/wp\/v2\/media?parent=4828"}],"wp:term":[{"taxonomy":"category","embeddable":true,"href":"https:\/\/www.smartphoto.se\/blogg\/wp-json\/wp\/v2\/categories?post=4828"},{"taxonomy":"post_tag","embeddable":true,"href":"https:\/\/www.smartphoto.se\/blogg\/wp-json\/wp\/v2\/tags?post=4828"}],"curies":[{"name":"wp","href":"https:\/\/api.w.org\/{rel}","templated":true}]}}