{"id":3248,"date":"2016-11-23T14:55:12","date_gmt":"2016-11-23T13:55:12","guid":{"rendered":"http:\/\/blogg.smartphoto.se\/?p=3248"},"modified":"2021-06-28T10:18:11","modified_gmt":"2021-06-28T08:18:11","slug":"selfieskola","status":"publish","type":"post","link":"https:\/\/www.smartphoto.se\/blogg\/selfieskola","title":{"rendered":"Hur tar jag b\u00e4sta selfie? En selfieskola!"},"content":{"rendered":"<p><em>Du kanske inte v\u00e5gar erk\u00e4nna det, men innerst inne \u00e4lskar du n\u00e4r du lyckas med&nbsp;en perfekt selfie. Vi tycker att det \u00e4r s\u00e5 befriande med personer som pappa Martin (fr\u00e5n v\u00e5r<a href=\"https:\/\/www.youtube.com\/watch?v=KTV1ZaRrG4E\"> julfilm om &#8221;selfieboken<\/a>&#8221;). Han \u00e4lskar sina selfies s\u00e5 mycket att han g\u00f6r en hel fotobok, fylld med bilder p\u00e5 sig sj\u00e4lv, och ger till sin mamma i julklapp. Tillh\u00f6r du en av dem som aldrig blir n\u00f6jd med dina selfies, men g\u00e4rna vill lyckas att f\u00e5 till en riktig \u201dlike-raket\u201d? Vi har tagit fram 4&nbsp;enkla tips p\u00e5 hur du kan lyckas!<\/em><\/p>\n<p>I \u00e5r sp\u00e5r vi att selfieboken kommer att bli \u00e5rets julklapp (<a href=\"https:\/\/www.youtube.com\/watch?v=KTV1ZaRrG4E\">se v\u00e5r julfilm h\u00e4r<\/a>)! Vad tror du?<br \/>\nVi vill s\u00e5klart hj\u00e4lpa dig s\u00e5 att du ocks\u00e5 kan ge bort den absolut b\u00e4sta versionen av \u00e5rets julklapp till alla dina n\u00e4ra och k\u00e4ra!<\/p>\n<div style=\"width: 690px\" class=\"wp-caption alignnone\"><a href=\"https:\/\/storage.googleapis.com\/smartphoto-express-production-wp-blogs-com\/11\/2016\/11\/smartphoto-6.jpg\"><img loading=\"lazy\" decoding=\"async\" class=\"wp-image-3323 size-large\" src=\"https:\/\/storage.googleapis.com\/smartphoto-express-production-wp-blogs-com\/11\/2016\/11\/smartphoto-6-e1479906723408-906x1024.jpg\" alt=\"Selfieskolan\" width=\"680\" height=\"769\"><\/a><p class=\"wp-caption-text\">En av Maritins favorit selfies!<\/p><\/div>\n<h2>1. En lyckad selfie &#8211; ljuset \u00e4r A och O<\/h2>\n<p>Det viktigaste att t\u00e4nka p\u00e5 n\u00e4r du fotar \u00e4r ljuset. Indirekt och naturligt ljus \u00e4r alltid det allra b\u00e4sta.<\/p>\n<blockquote><p><em>&#8221;N\u00e4r du fotar i naturligt ljus, f\u00e5r man ett vackert och mjukt ljus i din bild&#8221;<\/em><\/p><\/blockquote>\n<p>F\u00f6rs\u00f6k alltid att undvika ljus fr\u00e5n lampor, s\u00e4rskilt taklampor. G\u00e5r inte lampan att sl\u00e4cka s\u00e5 se till att du inte placerar dig rakt under lampan d\u00e5 skenet fr\u00e5n det konstgjorda ljuset l\u00e4tt kan ge h\u00e5rda och konstiga skuggor i ansiktet. Blixt anv\u00e4nds flitigt nuf\u00f6rtiden, och blixt \u00e4r j\u00e4ttebra om du till exempel vill lyfta fram en lyckad make up. Blixten g\u00f6r s\u00e5 att glansen och detaljerna kommer fram mer, men den ger samtidigt ett kallt ljus som g\u00f6r att bilden kan upplevas platt. Blixtens h\u00e5rdhet g\u00e5r att justera genom att placera n\u00e5got vitt (en vit handduk till exempel) n\u00e4ra ansiktet eller bakom huvudet, d\u00e5 dras mycket av det direkta blixtljuset till den vita ytan.<\/p>\n<div id=\"attachment_3322\" style=\"width: 690px\" class=\"wp-caption alignnone\"><a href=\"https:\/\/storage.googleapis.com\/smartphoto-express-production-wp-blogs-com\/11\/2016\/11\/smartphoto-7.jpg\"><img loading=\"lazy\" decoding=\"async\" aria-describedby=\"caption-attachment-3322\" class=\"wp-image-3322 size-large\" src=\"https:\/\/storage.googleapis.com\/smartphoto-express-production-wp-blogs-com\/11\/2016\/11\/smartphoto-7-768x1024.jpg\" alt=\"Selfieboken blir \u00e5rets julklapp - s\u00e5 lyckas du!\" width=\"680\" height=\"907\"><\/a><p id=\"caption-attachment-3322\" class=\"wp-caption-text\">H\u00e5ll telefonen i r\u00e4tt vinkel n\u00e4r du fotar! H\u00e4r tar Martin sin selfie i grodperspektiv. Kanske inte den mest smickrande vinkeln.<\/p><\/div>\n<h2>2.&nbsp;Att hitta r\u00e4tt vinkel till din selfie<\/h2>\n<p>En bild tagen i f\u00e5gelperspektiv g\u00f6r s\u00e5 att ansiktet ser smalare ut och kan \u00e4ven f\u00e5 dubbelhakor att mystiskt f\u00f6rsvinna. Men n\u00e4r du fotar i denna vinkel finns det risk att ansiktet f\u00e5r fel proportioner; till exempel s\u00e5 kan munnen upplevas f\u00f6r liten i j\u00e4mf\u00f6relse med det partier som hamnar n\u00e4rmare kameran. En selfie som \u00e4r tagen rakt framifr\u00e5n kan bli v\u00e4ldigt effektfull och samtidigt f\u00e5 r\u00e4tt proportioner. F\u00f6r att l\u00e4tta upp och skapa konstraster i bilden kan du till exempel l\u00e4gga huvudet n\u00e5got p\u00e5 sned eller anv\u00e4nda dig av dina h\u00e4nder som rekvisita till exempel genom att h\u00e5lla en hand p\u00e5 din kind eller dra den genom h\u00e5ret. Detta \u00e4r ett enkelt s\u00e4tt att g\u00f6ra s\u00e5 att bilden k\u00e4nns mer naturlig. Ta alltid m\u00e5nga bilder vid samma tillf\u00e4lle! Slumpen \u00e4r ibland den b\u00e4sta fotografen och en enda perfekt bild r\u00e4cker.<\/p>\n<p><a href=\"https:\/\/storage.googleapis.com\/smartphoto-express-production-wp-blogs-com\/11\/2016\/11\/smartphoto-2.jpg\"><img loading=\"lazy\" decoding=\"async\" class=\"alignnone size-large wp-image-3321\" src=\"https:\/\/storage.googleapis.com\/smartphoto-express-production-wp-blogs-com\/11\/2016\/11\/smartphoto-2-1024x576.jpg\" alt=\"smartphoto-2\" width=\"680\" height=\"383\" srcset=\"https:\/\/storage.googleapis.com\/smartphoto-express-production-wp-blogs-com\/11\/2016\/11\/smartphoto-2-1024x576.jpg 1024w, https:\/\/storage.googleapis.com\/smartphoto-express-production-wp-blogs-com\/11\/2016\/11\/smartphoto-2-300x169.jpg 300w, https:\/\/storage.googleapis.com\/smartphoto-express-production-wp-blogs-com\/11\/2016\/11\/smartphoto-2-768x432.jpg 768w\" sizes=\"auto, (max-width: 680px) 100vw, 680px\" \/><\/a><\/p>\n<h2>3.&nbsp;S\u00e5 h\u00e5ller du din telefon n\u00e4r du fotar en selfie<\/h2>\n<p>B\u00e4sta s\u00e4ttet att h\u00e5lla i din telefon, n\u00e4r du tar en selfie, \u00e4r att ha l\u00e5ngfingret och ringfingret placerade bakom telefonen, och pekfingret och lillfingret p\u00e5 framsidan. Var noga med att inte fingrarna kommer \u00e5t sk\u00e4rmen och att telefonen vilar p\u00e5 fingrarnas bas och inte p\u00e5 fingertopparna. Kommer du \u00e5t sk\u00e4rmen med ett finger s\u00e5 kommer inte telefonen k\u00e4nna&nbsp;n\u00e4r du v\u00e4l trycker p\u00e5 avtryckaren. Detta s\u00e4tt att h\u00e5lla din telefon g\u00f6r att du har tummen fri att ta bilder samtidigt som din hand \u00e4r avslappnad. Tekniken kr\u00e4ver lite tr\u00e4ning s\u00e5 var f\u00f6rsiktig s\u00e5 att du inte tappar din telefon.<\/p>\n<h2>4. Spara dina selfies p\u00e5 b\u00e4sta s\u00e4tt &#8211; #selfieboken<\/h2>\n<p><img loading=\"lazy\" decoding=\"async\" class=\"alignnone size-full wp-image-5730\" src=\"https:\/\/storage.googleapis.com\/smartphoto-express-production-wp-blogs-com\/11\/2016\/11\/selfieboken1.jpg\" alt=\"selfieboken\" width=\"800\" height=\"450\" srcset=\"https:\/\/storage.googleapis.com\/smartphoto-express-production-wp-blogs-com\/11\/2016\/11\/selfieboken1.jpg 800w, https:\/\/storage.googleapis.com\/smartphoto-express-production-wp-blogs-com\/11\/2016\/11\/selfieboken1-300x169.jpg 300w, https:\/\/storage.googleapis.com\/smartphoto-express-production-wp-blogs-com\/11\/2016\/11\/selfieboken1-768x432.jpg 768w\" sizes=\"auto, (max-width: 800px) 100vw, 800px\" \/><\/p>\n<p>N\u00e4r du lyckats med en perfekt selfie kan du, f\u00f6rutom att fiska in likes i sociala medier, \u00e4ven g\u00f6ra dem till en snygg och modern inredningsdetalj.&nbsp;Att framkalla trendiga <a href=\"https:\/\/www.smartphoto.se\/produkter\/bilder-fotoforstoring-fotohaften\/retro-bilder\">retrobilder<\/a>&nbsp;av dina selfies \u00e4r ett s\u00e4tt. Du kan enkelt skapa fotov\u00e4gg av alla dina b\u00e4sta selfies (eller groupies) genom att h\u00e4nga upp bilderna med kl\u00e4dnypor p\u00e5 ett sn\u00f6re. Nu kan du&nbsp;njuta av bilder som g\u00f6r dig glad varje dag! Eller varf\u00f6r inte satsa hela v\u00e4gen och g\u00f6ra som Martin och skapa en <a href=\"https:\/\/www.smartphoto.se\/produkter\/fotobok\" target=\"_blank\" rel=\"noopener noreferrer\">fotobok<\/a> av alla dina b\u00e4sta bilder! Kom ih\u00e5g att det \u00e4r du som avg\u00f6r vilka som \u00e4r de b\u00e4sta bilderna f\u00f6r just dig!<\/p>\n<p><iframe loading=\"lazy\" title=\"Selfieboken - g\u00f6r klappar av dina b\u00e4sta bilder!\" width=\"680\" height=\"383\" src=\"https:\/\/www.youtube.com\/embed\/EahA8Sz-ZxQ?feature=oembed&#038;enablejsapi=1&#038;origin=https:\/\/www.smartphoto.se\" frameborder=\"0\" allow=\"accelerometer; autoplay; clipboard-write; encrypted-media; gyroscope; picture-in-picture\" allowfullscreen><\/iframe><\/p>\n<h2>Psst h\u00e4r kommer lite andra presentid\u00e9er:<\/h2>\n<p>G\u00f6r julklappar av dina b\u00e4sta seflies. Med en lyckad selfie\/groupie p\u00e5 dig och dina v\u00e4nner kan du skapa massvis med roliga produkter. Skapa en <a href=\"https:\/\/www.smartphoto.se\/produkter\/fotopresenter\/t-shirt-med-foto\" target=\"_blank\" rel=\"noopener noreferrer\">T-shirt<\/a>, <a href=\"https:\/\/www.smartphoto.se\/produkter\/fotopresenter\/kudde\" target=\"_blank\" rel=\"noopener noreferrer\">kudde<\/a>&nbsp;eller&nbsp;<a href=\"https:\/\/www.smartphoto.se\/produkter\/fotopresenter\/mobil-surfplatta-skal\" target=\"_blank\" rel=\"noopener noreferrer\">mobilskal<\/a>&nbsp;och du har den perfekta julklappen! Eller varf\u00f6r inte g\u00f6ra en egen &#8221;<a href=\"https:\/\/www.smartphoto.se\/fotopresenter\/troja-barn\">ugly christmas sweater<\/a>&#8221;<\/p>\n<p><a href=\"https:\/\/www.smartphoto.se\/fotopresenter\/troja-barn\"><img loading=\"lazy\" decoding=\"async\" class=\"alignnone wp-image-5728 size-large\" src=\"https:\/\/storage.googleapis.com\/smartphoto-express-production-wp-blogs-com\/11\/2016\/11\/Selfieboken-1024x799.jpg\" alt=\"Selfieboken\" width=\"680\" height=\"531\"><\/a><\/p>\n<p><a href=\"https:\/\/www.smartphoto.se\/fotopresenter\/textil\/kudde-med-foto\"><img loading=\"lazy\" decoding=\"async\" class=\"alignnone wp-image-5729 size-large\" src=\"https:\/\/storage.googleapis.com\/smartphoto-express-production-wp-blogs-com\/11\/2016\/11\/martinkuddeNew-1024x696.jpg\" alt=\"Selfiekudde\" width=\"680\" height=\"462\" srcset=\"https:\/\/storage.googleapis.com\/smartphoto-express-production-wp-blogs-com\/11\/2016\/11\/martinkuddeNew-1024x696.jpg 1024w, https:\/\/storage.googleapis.com\/smartphoto-express-production-wp-blogs-com\/11\/2016\/11\/martinkuddeNew-300x204.jpg 300w, https:\/\/storage.googleapis.com\/smartphoto-express-production-wp-blogs-com\/11\/2016\/11\/martinkuddeNew-768x522.jpg 768w\" sizes=\"auto, (max-width: 680px) 100vw, 680px\" \/><\/a><\/p>\n<p>&nbsp;<\/p>\n<p>P\u00e5 v\u00e5r hemsida hittar du ett stort utbud av <a href=\"https:\/\/www.smartphoto.se\/\" target=\"_blank\" rel=\"noopener noreferrer\">personliga julklappar<\/a>!<br \/>\nJust nu \u00e4r v\u00e5rt julerbjudande i full g\u00e5ng! Ta chansen och shoppa dina julklappar med upp till 40% rabatt. Klicka p\u00e5 bilden f\u00f6r att ta del av erbjudandet:<\/p>\n<p><a href=\"https:\/\/www.smartphoto.se\/julklappstips?epc=XM17HP00\"><img loading=\"lazy\" decoding=\"async\" class=\"alignnone wp-image-5723 size-full\" src=\"https:\/\/storage.googleapis.com\/smartphoto-express-production-wp-blogs-com\/11\/2017\/11\/julkampanj1.jpg\" alt=\"Julkampanj\" width=\"906\" height=\"358\" srcset=\"https:\/\/storage.googleapis.com\/smartphoto-express-production-wp-blogs-com\/11\/2017\/11\/julkampanj1.jpg 906w, https:\/\/storage.googleapis.com\/smartphoto-express-production-wp-blogs-com\/11\/2017\/11\/julkampanj1-300x119.jpg 300w, https:\/\/storage.googleapis.com\/smartphoto-express-production-wp-blogs-com\/11\/2017\/11\/julkampanj1-768x303.jpg 768w\" sizes=\"auto, (max-width: 906px) 100vw, 906px\" \/><\/a><\/p>\n<p>&nbsp;<\/p>\n<p><em>Baserad p\u00e5 en originaltext av: Prisca Leclerc<\/em><\/p>\n","protected":false},"excerpt":{"rendered":"<p>Du kanske inte v\u00e5gar erk\u00e4nna det, men innerst inne \u00e4lskar du n\u00e4r du lyckas med&nbsp;en perfekt selfie. Vi tycker att det \u00e4r s\u00e5 befriande med personer som pappa Martin (fr\u00e5n v\u00e5r julfilm om &#8221;selfieboken&#8221;). Han \u00e4lskar sina selfies s\u00e5 mycket att han g\u00f6r en hel fotobok, fylld med bilder p\u00e5 sig sj\u00e4lv, och ger till sin mamma i julklapp. Tillh\u00f6r du en av dem som aldrig blir n\u00f6jd med dina selfies, men g\u00e4rna vill lyckas att f\u00e5 till en riktig \u201dlike-raket\u201d? Vi har tagit fram 4&nbsp;enkla tips p\u00e5 hur du kan lyckas! I \u00e5r sp\u00e5r vi att selfieboken kommer att<\/p>\n","protected":false},"author":1,"featured_media":5730,"comment_status":"open","ping_status":"open","sticky":false,"template":"","format":"standard","meta":{"om_disable_all_campaigns":false,"_monsterinsights_skip_tracking":false,"_monsterinsights_sitenote_active":false,"_monsterinsights_sitenote_note":"","_monsterinsights_sitenote_category":0,"footnotes":""},"categories":[9],"tags":[],"class_list":["post-3248","post","type-post","status-publish","format-standard","has-post-thumbnail","hentry","category-fototips"],"yoast_head":"<!-- This site is optimized with the Yoast SEO plugin v23.8 - https:\/\/yoast.com\/wordpress\/plugins\/seo\/ -->\n<title>Selfie! Hur tar man en selfie bra? - selfiskola | Smartphoto<\/title>\n<meta name=\"description\" content=\"Att ta en selfie \u00e4r en konst. Nu avsl\u00f6jar vi alla tricks bakom att lyckas med den perfekta selfien. Sedan kan du skapa \u00e5rets julklapp! Selfieboken!\" \/>\n<meta name=\"robots\" content=\"index, follow, max-snippet:-1, max-image-preview:large, max-video-preview:-1\" \/>\n<link rel=\"canonical\" href=\"https:\/\/www.smartphoto.se\/blogg\/selfieskola\" \/>\n<meta property=\"og:locale\" content=\"sv_SE\" \/>\n<meta property=\"og:type\" content=\"article\" \/>\n<meta property=\"og:title\" content=\"Selfie! Hur tar man en selfie bra? - selfiskola | Smartphoto\" \/>\n<meta property=\"og:description\" content=\"Att ta en selfie \u00e4r en konst. Nu avsl\u00f6jar vi alla tricks bakom att lyckas med den perfekta selfien. Sedan kan du skapa \u00e5rets julklapp! Selfieboken!\" \/>\n<meta property=\"og:url\" content=\"\/blogg\/selfieskola\" \/>\n<meta property=\"og:site_name\" content=\"smartphotoblogg Inspiration \u2013 Fototips \u2013 DIY\" \/>\n<meta property=\"article:publisher\" content=\"https:\/\/www.facebook.com\/smartphotose\" \/>\n<meta property=\"article:published_time\" content=\"2016-11-23T13:55:12+00:00\" \/>\n<meta property=\"article:modified_time\" content=\"2021-06-28T08:18:11+00:00\" \/>\n<meta property=\"og:image\" content=\"https:\/\/storage.googleapis.com\/smartphoto-express-production-wp-blogs-com\/11\/2016\/11\/selfieboken1.jpg\" \/>\n\t<meta property=\"og:image:width\" content=\"800\" \/>\n\t<meta property=\"og:image:height\" content=\"450\" \/>\n\t<meta property=\"og:image:type\" content=\"image\/jpeg\" \/>\n<meta name=\"author\" content=\"admin\" \/>\n<meta name=\"twitter:card\" content=\"summary_large_image\" \/>\n<meta name=\"twitter:label1\" content=\"Written by\" \/>\n\t<meta name=\"twitter:data1\" content=\"admin\" \/>\n\t<meta name=\"twitter:label2\" content=\"Est. reading time\" \/>\n\t<meta name=\"twitter:data2\" content=\"5 minutes\" \/>\n<script type=\"application\/ld+json\" class=\"yoast-schema-graph\">{\"@context\":\"https:\/\/schema.org\",\"@graph\":[{\"@type\":\"WebPage\",\"@id\":\"\/blogg\/selfieskola\",\"url\":\"https:\/\/www.smartphoto.se\/blogg\/selfieskola\",\"name\":\"Selfie! Hur tar man en selfie bra? - selfiskola | Smartphoto\",\"isPartOf\":{\"@id\":\"https:\/\/www.smartphoto.se\/blogg\/#website\"},\"primaryImageOfPage\":{\"@id\":\"https:\/\/www.smartphoto.se\/blogg\/selfieskola#primaryimage\"},\"image\":{\"@id\":\"https:\/\/www.smartphoto.se\/blogg\/selfieskola#primaryimage\"},\"thumbnailUrl\":\"https:\/\/storage.googleapis.com\/smartphoto-express-production-wp-blogs-com\/11\/2016\/11\/selfieboken1.jpg\",\"datePublished\":\"2016-11-23T13:55:12+00:00\",\"dateModified\":\"2021-06-28T08:18:11+00:00\",\"author\":{\"@id\":\"https:\/\/www.smartphoto.se\/blogg\/#\/schema\/person\/c256b3f50ae468ee69f4b486108c797b\"},\"description\":\"Att ta en selfie \u00e4r en konst. Nu avsl\u00f6jar vi alla tricks bakom att lyckas med den perfekta selfien. Sedan kan du skapa \u00e5rets julklapp! Selfieboken!\",\"breadcrumb\":{\"@id\":\"https:\/\/www.smartphoto.se\/blogg\/selfieskola#breadcrumb\"},\"inLanguage\":\"sv-SE\",\"potentialAction\":[{\"@type\":\"ReadAction\",\"target\":[\"https:\/\/www.smartphoto.se\/blogg\/selfieskola\"]}]},{\"@type\":\"ImageObject\",\"inLanguage\":\"sv-SE\",\"@id\":\"https:\/\/www.smartphoto.se\/blogg\/selfieskola#primaryimage\",\"url\":\"https:\/\/storage.googleapis.com\/smartphoto-express-production-wp-blogs-com\/11\/2016\/11\/selfieboken1.jpg\",\"contentUrl\":\"https:\/\/storage.googleapis.com\/smartphoto-express-production-wp-blogs-com\/11\/2016\/11\/selfieboken1.jpg\",\"width\":800,\"height\":450,\"caption\":\"selfieboken\"},{\"@type\":\"BreadcrumbList\",\"@id\":\"https:\/\/www.smartphoto.se\/blogg\/selfieskola#breadcrumb\",\"itemListElement\":[{\"@type\":\"ListItem\",\"position\":1,\"name\":\"Home\",\"item\":\"\/blogg\/\"},{\"@type\":\"ListItem\",\"position\":2,\"name\":\"Hur tar jag b\u00e4sta selfie? En selfieskola!\"}]},{\"@type\":\"WebSite\",\"@id\":\"https:\/\/www.smartphoto.se\/blogg\/#website\",\"url\":\"https:\/\/www.smartphoto.se\/blogg\/\",\"name\":\"smartphotoblogg Inspiration \u2013 Fototips \u2013 DIY\",\"description\":\"smartphotoblogg Inspiration \u2013 Fototips \u2013 DIY\",\"potentialAction\":[{\"@type\":\"SearchAction\",\"target\":{\"@type\":\"EntryPoint\",\"urlTemplate\":\"https:\/\/www.smartphoto.se\/blogg\/?s={search_term_string}\"},\"query-input\":{\"@type\":\"PropertyValueSpecification\",\"valueRequired\":true,\"valueName\":\"search_term_string\"}}],\"inLanguage\":\"sv-SE\"},{\"@type\":\"Person\",\"@id\":\"https:\/\/www.smartphoto.se\/blogg\/#\/schema\/person\/c256b3f50ae468ee69f4b486108c797b\",\"name\":\"admin\",\"image\":{\"@type\":\"ImageObject\",\"inLanguage\":\"sv-SE\",\"@id\":\"https:\/\/www.smartphoto.se\/blogg\/#\/schema\/person\/image\/\",\"url\":\"https:\/\/secure.gravatar.com\/avatar\/8f9488249a21b1f2cc85dc7982dc95c4?s=96&d=mm&r=g\",\"contentUrl\":\"https:\/\/secure.gravatar.com\/avatar\/8f9488249a21b1f2cc85dc7982dc95c4?s=96&d=mm&r=g\",\"caption\":\"admin\"},\"url\":\"https:\/\/www.smartphoto.se\/blogg\/author\/admin\"}]}<\/script>\n<!-- \/ Yoast SEO plugin. -->","yoast_head_json":{"title":"Selfie! Hur tar man en selfie bra? - selfiskola | Smartphoto","description":"Att ta en selfie \u00e4r en konst. Nu avsl\u00f6jar vi alla tricks bakom att lyckas med den perfekta selfien. Sedan kan du skapa \u00e5rets julklapp! Selfieboken!","robots":{"index":"index","follow":"follow","max-snippet":"max-snippet:-1","max-image-preview":"max-image-preview:large","max-video-preview":"max-video-preview:-1"},"canonical":"https:\/\/www.smartphoto.se\/blogg\/selfieskola","og_locale":"sv_SE","og_type":"article","og_title":"Selfie! Hur tar man en selfie bra? - selfiskola | Smartphoto","og_description":"Att ta en selfie \u00e4r en konst. Nu avsl\u00f6jar vi alla tricks bakom att lyckas med den perfekta selfien. Sedan kan du skapa \u00e5rets julklapp! Selfieboken!","og_url":"\/blogg\/selfieskola","og_site_name":"smartphotoblogg Inspiration \u2013 Fototips \u2013 DIY","article_publisher":"https:\/\/www.facebook.com\/smartphotose","article_published_time":"2016-11-23T13:55:12+00:00","article_modified_time":"2021-06-28T08:18:11+00:00","og_image":[{"width":800,"height":450,"url":"https:\/\/storage.googleapis.com\/smartphoto-express-production-wp-blogs-com\/11\/2016\/11\/selfieboken1.jpg","type":"image\/jpeg"}],"author":"admin","twitter_card":"summary_large_image","twitter_misc":{"Written by":"admin","Est. reading time":"5 minutes"},"schema":{"@context":"https:\/\/schema.org","@graph":[{"@type":"WebPage","@id":"\/blogg\/selfieskola","url":"https:\/\/www.smartphoto.se\/blogg\/selfieskola","name":"Selfie! Hur tar man en selfie bra? - selfiskola | Smartphoto","isPartOf":{"@id":"https:\/\/www.smartphoto.se\/blogg\/#website"},"primaryImageOfPage":{"@id":"https:\/\/www.smartphoto.se\/blogg\/selfieskola#primaryimage"},"image":{"@id":"https:\/\/www.smartphoto.se\/blogg\/selfieskola#primaryimage"},"thumbnailUrl":"https:\/\/storage.googleapis.com\/smartphoto-express-production-wp-blogs-com\/11\/2016\/11\/selfieboken1.jpg","datePublished":"2016-11-23T13:55:12+00:00","dateModified":"2021-06-28T08:18:11+00:00","author":{"@id":"https:\/\/www.smartphoto.se\/blogg\/#\/schema\/person\/c256b3f50ae468ee69f4b486108c797b"},"description":"Att ta en selfie \u00e4r en konst. Nu avsl\u00f6jar vi alla tricks bakom att lyckas med den perfekta selfien. Sedan kan du skapa \u00e5rets julklapp! Selfieboken!","breadcrumb":{"@id":"https:\/\/www.smartphoto.se\/blogg\/selfieskola#breadcrumb"},"inLanguage":"sv-SE","potentialAction":[{"@type":"ReadAction","target":["https:\/\/www.smartphoto.se\/blogg\/selfieskola"]}]},{"@type":"ImageObject","inLanguage":"sv-SE","@id":"https:\/\/www.smartphoto.se\/blogg\/selfieskola#primaryimage","url":"https:\/\/storage.googleapis.com\/smartphoto-express-production-wp-blogs-com\/11\/2016\/11\/selfieboken1.jpg","contentUrl":"https:\/\/storage.googleapis.com\/smartphoto-express-production-wp-blogs-com\/11\/2016\/11\/selfieboken1.jpg","width":800,"height":450,"caption":"selfieboken"},{"@type":"BreadcrumbList","@id":"https:\/\/www.smartphoto.se\/blogg\/selfieskola#breadcrumb","itemListElement":[{"@type":"ListItem","position":1,"name":"Home","item":"\/blogg\/"},{"@type":"ListItem","position":2,"name":"Hur tar jag b\u00e4sta selfie? En selfieskola!"}]},{"@type":"WebSite","@id":"https:\/\/www.smartphoto.se\/blogg\/#website","url":"https:\/\/www.smartphoto.se\/blogg\/","name":"smartphotoblogg Inspiration \u2013 Fototips \u2013 DIY","description":"smartphotoblogg Inspiration \u2013 Fototips \u2013 DIY","potentialAction":[{"@type":"SearchAction","target":{"@type":"EntryPoint","urlTemplate":"https:\/\/www.smartphoto.se\/blogg\/?s={search_term_string}"},"query-input":{"@type":"PropertyValueSpecification","valueRequired":true,"valueName":"search_term_string"}}],"inLanguage":"sv-SE"},{"@type":"Person","@id":"https:\/\/www.smartphoto.se\/blogg\/#\/schema\/person\/c256b3f50ae468ee69f4b486108c797b","name":"admin","image":{"@type":"ImageObject","inLanguage":"sv-SE","@id":"https:\/\/www.smartphoto.se\/blogg\/#\/schema\/person\/image\/","url":"https:\/\/secure.gravatar.com\/avatar\/8f9488249a21b1f2cc85dc7982dc95c4?s=96&d=mm&r=g","contentUrl":"https:\/\/secure.gravatar.com\/avatar\/8f9488249a21b1f2cc85dc7982dc95c4?s=96&d=mm&r=g","caption":"admin"},"url":"https:\/\/www.smartphoto.se\/blogg\/author\/admin"}]}},"_links":{"self":[{"href":"https:\/\/www.smartphoto.se\/blogg\/wp-json\/wp\/v2\/posts\/3248","targetHints":{"allow":["GET"]}}],"collection":[{"href":"https:\/\/www.smartphoto.se\/blogg\/wp-json\/wp\/v2\/posts"}],"about":[{"href":"https:\/\/www.smartphoto.se\/blogg\/wp-json\/wp\/v2\/types\/post"}],"author":[{"embeddable":true,"href":"https:\/\/www.smartphoto.se\/blogg\/wp-json\/wp\/v2\/users\/1"}],"replies":[{"embeddable":true,"href":"https:\/\/www.smartphoto.se\/blogg\/wp-json\/wp\/v2\/comments?post=3248"}],"version-history":[{"count":7,"href":"https:\/\/www.smartphoto.se\/blogg\/wp-json\/wp\/v2\/posts\/3248\/revisions"}],"predecessor-version":[{"id":8318,"href":"https:\/\/www.smartphoto.se\/blogg\/wp-json\/wp\/v2\/posts\/3248\/revisions\/8318"}],"wp:featuredmedia":[{"embeddable":true,"href":"https:\/\/www.smartphoto.se\/blogg\/wp-json\/wp\/v2\/media\/5730"}],"wp:attachment":[{"href":"https:\/\/www.smartphoto.se\/blogg\/wp-json\/wp\/v2\/media?parent=3248"}],"wp:term":[{"taxonomy":"category","embeddable":true,"href":"https:\/\/www.smartphoto.se\/blogg\/wp-json\/wp\/v2\/categories?post=3248"},{"taxonomy":"post_tag","embeddable":true,"href":"https:\/\/www.smartphoto.se\/blogg\/wp-json\/wp\/v2\/tags?post=3248"}],"curies":[{"name":"wp","href":"https:\/\/api.w.org\/{rel}","templated":true}]}}