{"id":2889,"date":"2016-10-05T08:43:04","date_gmt":"2016-10-05T06:43:04","guid":{"rendered":"http:\/\/blogg.smartphoto.se\/?p=2889"},"modified":"2020-10-20T11:09:37","modified_gmt":"2020-10-20T09:09:37","slug":"almanacka-2017","status":"publish","type":"post","link":"https:\/\/www.smartphoto.se\/blogg\/almanacka-2017","title":{"rendered":"H\u00f6stpyssel &#8211; skapa en personlig almanacka med dina b\u00e4sta bilder"},"content":{"rendered":"<p><em>Att h\u00e5lla koll p\u00e5 dagar, tider, m\u00f6ten, h\u00e4mtningar och kv\u00e4llsaktiviteter \u00e4r inte alltid det l\u00e4ttaste. Nu finns det en uppsj\u00f6 av elektroniska l\u00f6sningar som kan hj\u00e4lpa dig. Men vi vill \u00e4nd\u00e5 sl\u00e5 ett slag f\u00f6r den traditionella almanackan och agendan. Vet du om att p\u00e5 smartphoto.se kan du skapa din alldeles egna fotoalmanacka eller agenda direkt online. Ett perfekt litet projekt att ha som kv\u00e4llspyssel nu n\u00e4r h\u00f6sten \u00e4r h\u00e4r.&nbsp;H\u00e4r \u00e4r v\u00e5ra tips p\u00e5 hur du l\u00e4ttast lyckas:<\/em><\/p>\n<div id=\"attachment_2893\" style=\"width: 690px\" class=\"wp-caption alignnone\"><a href=\"http:\/\/www.smartphoto.se\/produkter\/fotoalmanackor-agenda\/fotoalmanacka-tra\" target=\"_blank\" rel=\"noopener noreferrer\"><img loading=\"lazy\" decoding=\"async\" aria-describedby=\"caption-attachment-2893\" class=\"wp-image-2893 size-large\" src=\"https:\/\/storage.googleapis.com\/smartphoto-express-production-wp-blogs-com\/11\/2016\/10\/CalendarInWoodenBlock_Shoot_Lifestyle6-e1475494889285-1024x484.jpg\" alt=\"Kalender med foto i tr\u00e4block\" width=\"680\" height=\"321\"><\/a><p id=\"caption-attachment-2893\" class=\"wp-caption-text\">Almanacka i tr\u00e4block \u00e4r \u00e4ven en vacker detalj p\u00e5 skrivbordet eller byr\u00e5n.<\/p><\/div>\n<p><strong>1. V\u00e4lj typ av almanacka efter just dina behov och m\u00f6jligheter<br \/>\n<\/strong>Hur ser ditt liv och hem ut? Titta runt omkring dig. Har du mycket v\u00e4ggyta eller har du mer plats att st\u00e4lla en kalender? Har du en stor familj med <a href=\"http:\/\/www.smartphoto.se\/produkter\/fotoalmanackor-agenda\/familjeplanerare\" target=\"_blank\" rel=\"noopener noreferrer\">m\u00e5nga personers scheman<\/a> att h\u00e5lla reda p\u00e5, sv\u00e5rt att <a href=\"http:\/\/www.smartphoto.se\/produkter\/fotoalmanackor-agenda\/fodelsedagsalmanacka\" target=\"_blank\" rel=\"noopener noreferrer\">komma ih\u00e5g f\u00f6delsedagar<\/a> eller s\u00f6ker du en <a href=\"http:\/\/www.smartphoto.se\/produkter\/fotoalmanackor-agenda\/fotoalmanacka-deluxe\" target=\"_blank\" rel=\"noopener noreferrer\">vacker v\u00e4ggdekoration<\/a> som ocks\u00e5 visar datum?<br \/>\nHar du inte redan tittat in p\u00e5 <a href=\"http:\/\/www.smartphoto.se\/produkter\/fotoalmanackor-agenda\" target=\"_blank\" rel=\"noopener noreferrer\">denna sida<\/a> f\u00f6r att uppt\u00e4cka alla varianter av almanackor och agendor s\u00e5 g\u00f6r det nu. V\u00e4lj bland <a href=\"http:\/\/www.smartphoto.se\/produkter\/fotoalmanackor-agenda\/familjeplanerare\" target=\"_blank\" rel=\"noopener noreferrer\">familjeplaneraren<\/a> (med separata kolumner f\u00f6r upp till 5 familjemedlemmar),&nbsp;en elegant och smal <a href=\"http:\/\/www.smartphoto.se\/produkter\/fotoalmanackor-agenda\/koksalmanacka\" target=\"_blank\" rel=\"noopener noreferrer\">k\u00f6ksalmanacka<\/a> eller en klassiskt <a href=\"http:\/\/www.smartphoto.se\/produkter\/fotoalmanackor-agenda\/vaggalmanacka\" target=\"_blank\" rel=\"noopener noreferrer\">v\u00e4ggalmanacka<\/a> (finns i 3 olika storlekar) och mycket mer.<\/p>\n<div id=\"attachment_2898\" style=\"width: 690px\" class=\"wp-caption alignnone\"><a href=\"http:\/\/www.smartphoto.se\/produkter\/fotoalmanackor-agenda\/vaggalmanacka\" target=\"_blank\" rel=\"noopener noreferrer\"><img loading=\"lazy\" decoding=\"async\" aria-describedby=\"caption-attachment-2898\" class=\"size-large wp-image-2898\" src=\"https:\/\/storage.googleapis.com\/smartphoto-express-production-wp-blogs-com\/11\/2016\/10\/WallCalendar_Shoot_Lifestyle15-1024x683.jpg\" alt=\"V\u00e4ggalmanacka\" width=\"680\" height=\"454\"><\/a><p id=\"caption-attachment-2898\" class=\"wp-caption-text\">En v\u00e4ggalmanacka blir \u00e4ven som en tavla p\u00e5 din v\u00e4gg.<\/p><\/div>\n<p><strong>2. V\u00e4lj ett tema till din almanacka och det blir l\u00e4ttare att v\u00e4lja ut bilder<br \/>\n<\/strong>Vi fotar mer \u00e4n n\u00e5gonsin. Med en mobilkamera som alltid \u00e4r redo att f\u00e5nga \u00f6gonblicket kan utmaningen att v\u00e4lja bilder till sin almanacka vara ganska sv\u00e5r. V\u00e5rt tips \u00e4r d\u00e4rf\u00f6r att f\u00f6rst v\u00e4lja ett tema till din almanacka. H\u00e4r \u00e4r n\u00e5gra exempel:<\/p>\n<p><strong>2.1 Familjebilder<\/strong><br \/>\nVare sig du bara v\u00e4ljer ut dina absoluta favoriter eller bilder som \u00e4r tagna under respektive m\u00e5nad s\u00e5 \u00e4r h\u00e4rliga familjebilder en klassiker n\u00e4r det kommer till att skapa en personlig almanacka. Detta blir ocks\u00e5 v\u00e4ldigt enkelt den perfekta julklappen\/presenten till mor- och farf\u00f6r\u00e4ldrar.<\/p>\n<div id=\"attachment_2904\" style=\"width: 690px\" class=\"wp-caption alignnone\"><a href=\"https:\/\/storage.googleapis.com\/smartphoto-express-production-wp-blogs-com\/11\/2016\/10\/iStock_000022723220Large.jpg\"><img loading=\"lazy\" decoding=\"async\" aria-describedby=\"caption-attachment-2904\" class=\"size-large wp-image-2904\" src=\"https:\/\/storage.googleapis.com\/smartphoto-express-production-wp-blogs-com\/11\/2016\/10\/iStock_000022723220Large-1024x682.jpg\" alt=\"Almanacka med familjebilder\" width=\"680\" height=\"453\"><\/a><p id=\"caption-attachment-2904\" class=\"wp-caption-text\">Fyll din almanacka med fantastiska \u00f6gonblicksbilder p\u00e5 familjen.<\/p><\/div>\n<p><strong>2.2 Detaljbilder p\u00e5 sm\u00e5tt och stort<br \/>\n<\/strong>S\u00f6ker du en mer konstn\u00e4rlig almanacka s\u00e5 \u00e4r ett tips att jobba med &#8221;close ups&#8221;\/detaljbilder. Almanackan blir personlig utan att ge k\u00e4nslan av att du har h\u00e4ngt upp familjealbumet p\u00e5 v\u00e4ggen. Vill du verkligen skapa en vacker v\u00e4ggdekoration s\u00e5 se till att bilderna \u00e4ven h\u00e5ller samma f\u00e4rgton. S\u00e5 snyggt!<\/p>\n<div id=\"attachment_2905\" style=\"width: 690px\" class=\"wp-caption alignnone\"><a href=\"https:\/\/storage.googleapis.com\/smartphoto-express-production-wp-blogs-com\/11\/2016\/10\/ThinkstockPhotos-512962061.jpg\"><img loading=\"lazy\" decoding=\"async\" aria-describedby=\"caption-attachment-2905\" class=\"size-large wp-image-2905\" src=\"https:\/\/storage.googleapis.com\/smartphoto-express-production-wp-blogs-com\/11\/2016\/10\/ThinkstockPhotos-512962061-1024x683.jpg\" alt=\"Almanacka med detaljbilder\" width=\"680\" height=\"454\"><\/a><p id=\"caption-attachment-2905\" class=\"wp-caption-text\">Detaljbilder ger en mer konstn\u00e4rlig k\u00e4nsla till din almanacka.<\/p><\/div>\n<p><strong>2.3 Vackra vyer, djur och natur<br \/>\n<\/strong>Finns det n\u00e5got finare \u00e4n vackra vyer, sm\u00e5 mjuka kattungar eller solen som sjunker ner i havet? Detta \u00e4r en almanacka som uppskattas av de flesta. En perfekt present till dig sj\u00e4lv eller n\u00e5gon du tycker om. I detta tema \u00e4r det enkelt att g\u00e5 djupare och v\u00e4lja ett smalare \u00e4mne t.ex. en almanacka med bara blommor, f\u00e5glar eller vad du tycker \u00e4r vackert.<\/p>\n<div id=\"attachment_2906\" style=\"width: 690px\" class=\"wp-caption alignnone\"><a href=\"https:\/\/storage.googleapis.com\/smartphoto-express-production-wp-blogs-com\/11\/2016\/10\/126437714.jpg\"><img loading=\"lazy\" decoding=\"async\" aria-describedby=\"caption-attachment-2906\" class=\"size-large wp-image-2906\" src=\"https:\/\/storage.googleapis.com\/smartphoto-express-production-wp-blogs-com\/11\/2016\/10\/126437714-1024x670.jpg\" alt=\"Almanacka med naturbilder\" width=\"680\" height=\"445\"><\/a><p id=\"caption-attachment-2906\" class=\"wp-caption-text\">Med ett vallmof\u00e4lt i din fotoalmanacka har du \u00e4ven skapat sig vacker v\u00e4ggkonst.<\/p><\/div>\n<p><strong>3. Hitta den design som matchar ditt hem<br \/>\n<\/strong>Gillar du Shabby chick, New english, nordiskt stilrent eller underbara pasteller? Under varje typ av almanacka finns flera designs. N\u00e4r du har valt typ av almanacka klickar du bara p\u00e5 &#8221;skapa&#8221; eller &#8221;g\u00f6r en &#8230;. &#8221; knappen s\u00e5 kommer alla designs upp p\u00e5 din sk\u00e4rm.<\/p>\n<div id=\"attachment_2907\" style=\"width: 690px\" class=\"wp-caption alignnone\"><a href=\"https:\/\/storage.googleapis.com\/smartphoto-express-production-wp-blogs-com\/11\/2016\/10\/design.jpg\"><img loading=\"lazy\" decoding=\"async\" aria-describedby=\"caption-attachment-2907\" class=\"size-large wp-image-2907\" src=\"https:\/\/storage.googleapis.com\/smartphoto-express-production-wp-blogs-com\/11\/2016\/10\/design-1024x422.jpg\" alt=\"Almanacka design\" width=\"680\" height=\"280\"><\/a><p id=\"caption-attachment-2907\" class=\"wp-caption-text\">Under varje almanacka finns en rad olika designs.&nbsp;V\u00e4lj enkelt din favorit och b\u00f6rja skapa!<\/p><\/div>\n<p>Under varje design finns det dessutom m\u00f6jlighet f\u00f6r dig att p\u00e5verka layouten. Har du t.ex. sv\u00e5rt att v\u00e4lja ut 12 bilder? D\u00e5 v\u00e4ljer du bara en sidlayout med fler bildzoner per sida. H\u00e4r kan du ocks\u00e5 g\u00f6ra enklare redigeringar p\u00e5 dina bilder, t.ex. kan du med ett knapptryck g\u00f6ra din bild svartvit.<\/p>\n<div id=\"attachment_2908\" style=\"width: 690px\" class=\"wp-caption alignnone\"><a href=\"https:\/\/storage.googleapis.com\/smartphoto-express-production-wp-blogs-com\/11\/2016\/10\/Sk\u00e4rmklipp_layout.jpg\"><img loading=\"lazy\" decoding=\"async\" aria-describedby=\"caption-attachment-2908\" class=\"size-large wp-image-2908\" src=\"https:\/\/storage.googleapis.com\/smartphoto-express-production-wp-blogs-com\/11\/2016\/10\/Sk\u00e4rmklipp_layout-1024x831.jpg\" alt=\"Layout till din almanacka\" width=\"680\" height=\"552\"><\/a><p id=\"caption-attachment-2908\" class=\"wp-caption-text\">Du kan enkelt byta layout p\u00e5 en sida i din almanacka. V\u00e4lj mellan 1, 2, 3 eller 4 bildytor.<\/p><\/div>\n<p><strong>Psst:<\/strong> vet du om att du sj\u00e4lv kan best\u00e4mma vilken m\u00e5nad du vill att just din almanacka ska ha som f\u00f6rsta m\u00e5nad? N\u00e4r du skapar din almanacka s\u00e5 f\u00e5r du automatiskt fr\u00e5gan om vilken startm\u00e5nad du \u00f6nskar. Smart eller hur?<\/p>\n<p>Vill du skapa en personlig almanacka? Just nu har vi specialpris p\u00e5 alla v\u00e5ra almanackor och agendor.<br \/>\nKlicka <a href=\"http:\/\/www.smartphoto.se\/host-kalendrar?epc=AU16B2C\" target=\"_blank\" rel=\"noopener noreferrer\">h\u00e4r<\/a> eller p\u00e5 bilden f\u00f6r att ta del av erbjudandet!<br \/>\n<a href=\"http:\/\/www.smartphoto.se\/host-kalendrar?epc=AU16B2C\" target=\"_blank\" rel=\"noopener noreferrer\"><img loading=\"lazy\" decoding=\"async\" class=\"alignnone size-large wp-image-2909\" src=\"https:\/\/storage.googleapis.com\/smartphoto-express-production-wp-blogs-com\/11\/2016\/10\/Sk\u00e4rmklipp_erbjudande-1024x255.jpg\" alt=\"erbjudande almanackor och agendor\" width=\"680\" height=\"169\"><\/a><\/p>\n<p>Har du fr\u00e5gor eller andra funderingar kring ditt skapande av almanacka eller agenda?<br \/>\nKontakta v\u00e5r kundservice p\u00e5: 0525-17 000<\/p>\n<p>Lycka till!<\/p>\n","protected":false},"excerpt":{"rendered":"<p>Att h\u00e5lla koll p\u00e5 dagar, tider, m\u00f6ten, h\u00e4mtningar och kv\u00e4llsaktiviteter \u00e4r inte alltid det l\u00e4ttaste. Nu finns det en uppsj\u00f6 av elektroniska l\u00f6sningar som kan hj\u00e4lpa dig. Men vi vill \u00e4nd\u00e5 sl\u00e5 ett slag f\u00f6r den traditionella almanackan och agendan. Vet du om att p\u00e5 smartphoto.se kan du skapa din alldeles egna fotoalmanacka eller agenda direkt online. Ett perfekt litet projekt att ha som kv\u00e4llspyssel nu n\u00e4r h\u00f6sten \u00e4r h\u00e4r.&nbsp;H\u00e4r \u00e4r v\u00e5ra tips p\u00e5 hur du l\u00e4ttast lyckas: 1. V\u00e4lj typ av almanacka efter just dina behov och m\u00f6jligheter Hur ser ditt liv och hem ut? Titta runt omkring dig.<\/p>\n","protected":false},"author":1,"featured_media":2917,"comment_status":"open","ping_status":"open","sticky":false,"template":"","format":"standard","meta":{"om_disable_all_campaigns":false,"_monsterinsights_skip_tracking":false,"_monsterinsights_sitenote_active":false,"_monsterinsights_sitenote_note":"","_monsterinsights_sitenote_category":0,"footnotes":""},"categories":[6],"tags":[],"class_list":["post-2889","post","type-post","status-publish","format-standard","has-post-thumbnail","hentry","category-pyssel-och-knap"],"yoast_head":"<!-- This site is optimized with the Yoast SEO plugin v23.8 - https:\/\/yoast.com\/wordpress\/plugins\/seo\/ -->\n<title>H\u00f6stpyssel - G\u00f6r din almanacka med egna bilder | Smartphoto<\/title>\n<meta name=\"robots\" content=\"index, follow, max-snippet:-1, max-image-preview:large, max-video-preview:-1\" \/>\n<link rel=\"canonical\" href=\"https:\/\/www.smartphoto.se\/blogg\/almanacka-2017\" \/>\n<meta property=\"og:locale\" content=\"sv_SE\" \/>\n<meta property=\"og:type\" content=\"article\" \/>\n<meta property=\"og:title\" content=\"H\u00f6stpyssel - G\u00f6r din almanacka med egna bilder | Smartphoto\" \/>\n<meta property=\"og:description\" content=\"Att h\u00e5lla koll p\u00e5 dagar, tider, m\u00f6ten, h\u00e4mtningar och kv\u00e4llsaktiviteter \u00e4r inte alltid det l\u00e4ttaste. Nu finns det en uppsj\u00f6 av elektroniska l\u00f6sningar som kan hj\u00e4lpa dig. Men vi vill \u00e4nd\u00e5 sl\u00e5 ett slag f\u00f6r den traditionella almanackan och agendan. Vet du om att p\u00e5 smartphoto.se kan du skapa din alldeles egna fotoalmanacka eller agenda direkt online. Ett perfekt litet projekt att ha som kv\u00e4llspyssel nu n\u00e4r h\u00f6sten \u00e4r h\u00e4r.&nbsp;H\u00e4r \u00e4r v\u00e5ra tips p\u00e5 hur du l\u00e4ttast lyckas: 1. V\u00e4lj typ av almanacka efter just dina behov och m\u00f6jligheter Hur ser ditt liv och hem ut? Titta runt omkring dig.\" \/>\n<meta property=\"og:url\" content=\"\/blogg\/almanacka-2017\" \/>\n<meta property=\"og:site_name\" content=\"smartphotoblogg Inspiration \u2013 Fototips \u2013 DIY\" \/>\n<meta property=\"article:publisher\" content=\"https:\/\/www.facebook.com\/smartphotose\" \/>\n<meta property=\"article:published_time\" content=\"2016-10-05T06:43:04+00:00\" \/>\n<meta property=\"article:modified_time\" content=\"2020-10-20T09:09:37+00:00\" \/>\n<meta property=\"og:image\" content=\"https:\/\/storage.googleapis.com\/smartphoto-express-production-wp-blogs-com\/11\/2016\/10\/iStock_93066651_XLARGE-1024x683.jpg\" \/>\n\t<meta property=\"og:image:width\" content=\"1024\" \/>\n\t<meta property=\"og:image:height\" content=\"683\" \/>\n\t<meta property=\"og:image:type\" content=\"image\/jpeg\" \/>\n<meta name=\"author\" content=\"admin\" \/>\n<meta name=\"twitter:card\" content=\"summary_large_image\" \/>\n<meta name=\"twitter:label1\" content=\"Written by\" \/>\n\t<meta name=\"twitter:data1\" content=\"admin\" \/>\n\t<meta name=\"twitter:label2\" content=\"Est. reading time\" \/>\n\t<meta name=\"twitter:data2\" content=\"4 minutes\" \/>\n<script type=\"application\/ld+json\" class=\"yoast-schema-graph\">{\"@context\":\"https:\/\/schema.org\",\"@graph\":[{\"@type\":\"WebPage\",\"@id\":\"\/blogg\/almanacka-2017\",\"url\":\"https:\/\/www.smartphoto.se\/blogg\/almanacka-2017\",\"name\":\"H\u00f6stpyssel - G\u00f6r din almanacka med egna bilder | Smartphoto\",\"isPartOf\":{\"@id\":\"https:\/\/www.smartphoto.se\/blogg\/#website\"},\"primaryImageOfPage\":{\"@id\":\"https:\/\/www.smartphoto.se\/blogg\/almanacka-2017#primaryimage\"},\"image\":{\"@id\":\"https:\/\/www.smartphoto.se\/blogg\/almanacka-2017#primaryimage\"},\"thumbnailUrl\":\"https:\/\/storage.googleapis.com\/smartphoto-express-production-wp-blogs-com\/11\/2016\/10\/iStock_93066651_XLARGE.jpg\",\"datePublished\":\"2016-10-05T06:43:04+00:00\",\"dateModified\":\"2020-10-20T09:09:37+00:00\",\"author\":{\"@id\":\"https:\/\/www.smartphoto.se\/blogg\/#\/schema\/person\/c256b3f50ae468ee69f4b486108c797b\"},\"breadcrumb\":{\"@id\":\"https:\/\/www.smartphoto.se\/blogg\/almanacka-2017#breadcrumb\"},\"inLanguage\":\"sv-SE\",\"potentialAction\":[{\"@type\":\"ReadAction\",\"target\":[\"https:\/\/www.smartphoto.se\/blogg\/almanacka-2017\"]}]},{\"@type\":\"ImageObject\",\"inLanguage\":\"sv-SE\",\"@id\":\"https:\/\/www.smartphoto.se\/blogg\/almanacka-2017#primaryimage\",\"url\":\"https:\/\/storage.googleapis.com\/smartphoto-express-production-wp-blogs-com\/11\/2016\/10\/iStock_93066651_XLARGE.jpg\",\"contentUrl\":\"https:\/\/storage.googleapis.com\/smartphoto-express-production-wp-blogs-com\/11\/2016\/10\/iStock_93066651_XLARGE.jpg\",\"width\":4752,\"height\":3168,\"caption\":\"Prioritera hemmapyssel i h\u00f6strusket\"},{\"@type\":\"BreadcrumbList\",\"@id\":\"https:\/\/www.smartphoto.se\/blogg\/almanacka-2017#breadcrumb\",\"itemListElement\":[{\"@type\":\"ListItem\",\"position\":1,\"name\":\"Home\",\"item\":\"\/blogg\/\"},{\"@type\":\"ListItem\",\"position\":2,\"name\":\"H\u00f6stpyssel &#8211; skapa en personlig almanacka med dina b\u00e4sta bilder\"}]},{\"@type\":\"WebSite\",\"@id\":\"https:\/\/www.smartphoto.se\/blogg\/#website\",\"url\":\"https:\/\/www.smartphoto.se\/blogg\/\",\"name\":\"smartphotoblogg Inspiration \u2013 Fototips \u2013 DIY\",\"description\":\"smartphotoblogg Inspiration \u2013 Fototips \u2013 DIY\",\"potentialAction\":[{\"@type\":\"SearchAction\",\"target\":{\"@type\":\"EntryPoint\",\"urlTemplate\":\"https:\/\/www.smartphoto.se\/blogg\/?s={search_term_string}\"},\"query-input\":{\"@type\":\"PropertyValueSpecification\",\"valueRequired\":true,\"valueName\":\"search_term_string\"}}],\"inLanguage\":\"sv-SE\"},{\"@type\":\"Person\",\"@id\":\"https:\/\/www.smartphoto.se\/blogg\/#\/schema\/person\/c256b3f50ae468ee69f4b486108c797b\",\"name\":\"admin\",\"image\":{\"@type\":\"ImageObject\",\"inLanguage\":\"sv-SE\",\"@id\":\"https:\/\/www.smartphoto.se\/blogg\/#\/schema\/person\/image\/\",\"url\":\"https:\/\/secure.gravatar.com\/avatar\/8f9488249a21b1f2cc85dc7982dc95c4?s=96&d=mm&r=g\",\"contentUrl\":\"https:\/\/secure.gravatar.com\/avatar\/8f9488249a21b1f2cc85dc7982dc95c4?s=96&d=mm&r=g\",\"caption\":\"admin\"},\"url\":\"https:\/\/www.smartphoto.se\/blogg\/author\/admin\"}]}<\/script>\n<!-- \/ Yoast SEO plugin. -->","yoast_head_json":{"title":"H\u00f6stpyssel - G\u00f6r din almanacka med egna bilder | Smartphoto","robots":{"index":"index","follow":"follow","max-snippet":"max-snippet:-1","max-image-preview":"max-image-preview:large","max-video-preview":"max-video-preview:-1"},"canonical":"https:\/\/www.smartphoto.se\/blogg\/almanacka-2017","og_locale":"sv_SE","og_type":"article","og_title":"H\u00f6stpyssel - G\u00f6r din almanacka med egna bilder | Smartphoto","og_description":"Att h\u00e5lla koll p\u00e5 dagar, tider, m\u00f6ten, h\u00e4mtningar och kv\u00e4llsaktiviteter \u00e4r inte alltid det l\u00e4ttaste. Nu finns det en uppsj\u00f6 av elektroniska l\u00f6sningar som kan hj\u00e4lpa dig. Men vi vill \u00e4nd\u00e5 sl\u00e5 ett slag f\u00f6r den traditionella almanackan och agendan. Vet du om att p\u00e5 smartphoto.se kan du skapa din alldeles egna fotoalmanacka eller agenda direkt online. Ett perfekt litet projekt att ha som kv\u00e4llspyssel nu n\u00e4r h\u00f6sten \u00e4r h\u00e4r.&nbsp;H\u00e4r \u00e4r v\u00e5ra tips p\u00e5 hur du l\u00e4ttast lyckas: 1. V\u00e4lj typ av almanacka efter just dina behov och m\u00f6jligheter Hur ser ditt liv och hem ut? Titta runt omkring dig.","og_url":"\/blogg\/almanacka-2017","og_site_name":"smartphotoblogg Inspiration \u2013 Fototips \u2013 DIY","article_publisher":"https:\/\/www.facebook.com\/smartphotose","article_published_time":"2016-10-05T06:43:04+00:00","article_modified_time":"2020-10-20T09:09:37+00:00","og_image":[{"width":1024,"height":683,"url":"https:\/\/storage.googleapis.com\/smartphoto-express-production-wp-blogs-com\/11\/2016\/10\/iStock_93066651_XLARGE-1024x683.jpg","type":"image\/jpeg"}],"author":"admin","twitter_card":"summary_large_image","twitter_misc":{"Written by":"admin","Est. reading time":"4 minutes"},"schema":{"@context":"https:\/\/schema.org","@graph":[{"@type":"WebPage","@id":"\/blogg\/almanacka-2017","url":"https:\/\/www.smartphoto.se\/blogg\/almanacka-2017","name":"H\u00f6stpyssel - G\u00f6r din almanacka med egna bilder | Smartphoto","isPartOf":{"@id":"https:\/\/www.smartphoto.se\/blogg\/#website"},"primaryImageOfPage":{"@id":"https:\/\/www.smartphoto.se\/blogg\/almanacka-2017#primaryimage"},"image":{"@id":"https:\/\/www.smartphoto.se\/blogg\/almanacka-2017#primaryimage"},"thumbnailUrl":"https:\/\/storage.googleapis.com\/smartphoto-express-production-wp-blogs-com\/11\/2016\/10\/iStock_93066651_XLARGE.jpg","datePublished":"2016-10-05T06:43:04+00:00","dateModified":"2020-10-20T09:09:37+00:00","author":{"@id":"https:\/\/www.smartphoto.se\/blogg\/#\/schema\/person\/c256b3f50ae468ee69f4b486108c797b"},"breadcrumb":{"@id":"https:\/\/www.smartphoto.se\/blogg\/almanacka-2017#breadcrumb"},"inLanguage":"sv-SE","potentialAction":[{"@type":"ReadAction","target":["https:\/\/www.smartphoto.se\/blogg\/almanacka-2017"]}]},{"@type":"ImageObject","inLanguage":"sv-SE","@id":"https:\/\/www.smartphoto.se\/blogg\/almanacka-2017#primaryimage","url":"https:\/\/storage.googleapis.com\/smartphoto-express-production-wp-blogs-com\/11\/2016\/10\/iStock_93066651_XLARGE.jpg","contentUrl":"https:\/\/storage.googleapis.com\/smartphoto-express-production-wp-blogs-com\/11\/2016\/10\/iStock_93066651_XLARGE.jpg","width":4752,"height":3168,"caption":"Prioritera hemmapyssel i h\u00f6strusket"},{"@type":"BreadcrumbList","@id":"https:\/\/www.smartphoto.se\/blogg\/almanacka-2017#breadcrumb","itemListElement":[{"@type":"ListItem","position":1,"name":"Home","item":"\/blogg\/"},{"@type":"ListItem","position":2,"name":"H\u00f6stpyssel &#8211; skapa en personlig almanacka med dina b\u00e4sta bilder"}]},{"@type":"WebSite","@id":"https:\/\/www.smartphoto.se\/blogg\/#website","url":"https:\/\/www.smartphoto.se\/blogg\/","name":"smartphotoblogg Inspiration \u2013 Fototips \u2013 DIY","description":"smartphotoblogg Inspiration \u2013 Fototips \u2013 DIY","potentialAction":[{"@type":"SearchAction","target":{"@type":"EntryPoint","urlTemplate":"https:\/\/www.smartphoto.se\/blogg\/?s={search_term_string}"},"query-input":{"@type":"PropertyValueSpecification","valueRequired":true,"valueName":"search_term_string"}}],"inLanguage":"sv-SE"},{"@type":"Person","@id":"https:\/\/www.smartphoto.se\/blogg\/#\/schema\/person\/c256b3f50ae468ee69f4b486108c797b","name":"admin","image":{"@type":"ImageObject","inLanguage":"sv-SE","@id":"https:\/\/www.smartphoto.se\/blogg\/#\/schema\/person\/image\/","url":"https:\/\/secure.gravatar.com\/avatar\/8f9488249a21b1f2cc85dc7982dc95c4?s=96&d=mm&r=g","contentUrl":"https:\/\/secure.gravatar.com\/avatar\/8f9488249a21b1f2cc85dc7982dc95c4?s=96&d=mm&r=g","caption":"admin"},"url":"https:\/\/www.smartphoto.se\/blogg\/author\/admin"}]}},"_links":{"self":[{"href":"https:\/\/www.smartphoto.se\/blogg\/wp-json\/wp\/v2\/posts\/2889","targetHints":{"allow":["GET"]}}],"collection":[{"href":"https:\/\/www.smartphoto.se\/blogg\/wp-json\/wp\/v2\/posts"}],"about":[{"href":"https:\/\/www.smartphoto.se\/blogg\/wp-json\/wp\/v2\/types\/post"}],"author":[{"embeddable":true,"href":"https:\/\/www.smartphoto.se\/blogg\/wp-json\/wp\/v2\/users\/1"}],"replies":[{"embeddable":true,"href":"https:\/\/www.smartphoto.se\/blogg\/wp-json\/wp\/v2\/comments?post=2889"}],"version-history":[{"count":2,"href":"https:\/\/www.smartphoto.se\/blogg\/wp-json\/wp\/v2\/posts\/2889\/revisions"}],"predecessor-version":[{"id":8248,"href":"https:\/\/www.smartphoto.se\/blogg\/wp-json\/wp\/v2\/posts\/2889\/revisions\/8248"}],"wp:featuredmedia":[{"embeddable":true,"href":"https:\/\/www.smartphoto.se\/blogg\/wp-json\/wp\/v2\/media\/2917"}],"wp:attachment":[{"href":"https:\/\/www.smartphoto.se\/blogg\/wp-json\/wp\/v2\/media?parent=2889"}],"wp:term":[{"taxonomy":"category","embeddable":true,"href":"https:\/\/www.smartphoto.se\/blogg\/wp-json\/wp\/v2\/categories?post=2889"},{"taxonomy":"post_tag","embeddable":true,"href":"https:\/\/www.smartphoto.se\/blogg\/wp-json\/wp\/v2\/tags?post=2889"}],"curies":[{"name":"wp","href":"https:\/\/api.w.org\/{rel}","templated":true}]}}