{"id":2356,"date":"2016-07-27T06:00:47","date_gmt":"2016-07-27T04:00:47","guid":{"rendered":"http:\/\/blogg.smartphoto.se\/?p=2356"},"modified":"2017-06-29T11:12:46","modified_gmt":"2017-06-29T09:12:46","slug":"skolstart","status":"publish","type":"post","link":"https:\/\/www.smartphoto.se\/blogg\/skolstart","title":{"rendered":"G\u00f6r dig redo f\u00f6r skolan &#8211; tips p\u00e5 hur du f\u00f6rgyller f\u00f6rsta skoldagen!"},"content":{"rendered":"<p><em>Sommaren \u00e4r underbar men alldeles f\u00f6r kort. Det kanske k\u00e4nns som om det \u00e4r l\u00e5ng tid kvar tills barnen b\u00f6rjar skolan, men det n\u00e4rmar sig snabbare \u00e4n vad du tror. Vare sig ditt barn, ditt systerbarn eller din gudson ska g\u00e5 till skolan f\u00f6r f\u00f6rsta g\u00e5ngen, eller g\u00e5 fr\u00e5n l\u00e5g- till mellanstadiet, s\u00e5 \u00e4r f\u00f6rsta skoldagen alltid speciell. Att komma med en ny fin ryggs\u00e4ck eller ett nytt pennfodral med sin egen bild p\u00e5 g\u00f6r det \u00e4nnu roligare!\u00a0<\/em><em>H\u00e4r \u00e4r v\u00e5ra tips inf\u00f6r skolstarten \u2013 n\u00e5got f\u00f6r alla \u00e5ldrar!<\/em><\/p>\n<h3>F\u00f6rskoleklass\/l\u00e5gstadiet \u2013 detta beh\u00f6ver du:<\/h3>\n<p>N\u00e4r barnet b\u00f6rjar skolan \u00e4r det extra pirrigt, b\u00e5de f\u00f6r barnet och f\u00f6r f\u00f6r\u00e4ldrarna. Nu ska ditt barn l\u00e4mna trygga f\u00f6rskolan och bli stor p\u00e5 riktigt. Men fina minnen och bilder fr\u00e5n sommaren blir det b\u00e5de enklare och roligare att b\u00f6rja skolan. B\u00f6rja med en ryggs\u00e4ck. Hos smartphoto finns <a href=\"http:\/\/www.smartphoto.se\/produkter\/fotopresenter\/barn-ryggsack\" target=\"_blank\">ryggs\u00e4ckar<\/a> i f\u00e4rgerna <a href=\"http:\/\/www.smartphoto.se\/produkter\/fotopresenter\/barn-ryggsack\" target=\"_blank\">svart<\/a> och <a href=\"http:\/\/www.smartphoto.se\/produkter\/fotopresenter\/barn-ryggsack\" target=\"_blank\">r\u00f6d<\/a> och m\u00f6jlighet att sj\u00e4lv s\u00e4tta sin design med text och bild p\u00e5 framsidan. I skolb\u00e4nken \u00e4r det bra att ha ett <a href=\"http:\/\/www.smartphoto.se\/produkter\/fotopresenter\/pennfodral\" target=\"_blank\">pennfodral<\/a>, med en egen bild p\u00e5 fodralet s\u00e5 kommer ditt barn alltid ha koll p\u00e5 vilket <a href=\"http:\/\/www.smartphoto.se\/produkter\/fotopresenter\/pennfodral\" target=\"_blank\">pennfodral<\/a> som \u00e4r hens.<\/p>\n<div id=\"attachment_2360\" style=\"width: 690px\" class=\"wp-caption alignnone\"><a href=\"http:\/\/www.smartphoto.se\/produkter\/fotopresenter\/barn-ryggsack\" target=\"_blank\"><img loading=\"lazy\" decoding=\"async\" aria-describedby=\"caption-attachment-2360\" class=\"size-large wp-image-2360\" src=\"https:\/\/storage.googleapis.com\/smartphoto-express-production-wp-blogs-com\/11\/2016\/07\/b2bblogg_2016_FBflow-1024x536.jpg\" alt=\"Ryggs\u00e4ck med foto\" width=\"680\" height=\"356\" \/><\/a><p id=\"caption-attachment-2360\" class=\"wp-caption-text\">Skolan blir roligare med en personlig ryggs\u00e4ck.<\/p><\/div>\n<h3>Mellanstadiet \u2013 dags att f\u00e5 k\u00e4nna sig lite st\u00f6rre<\/h3>\n<p>Nu vill ditt barn vara stor och vissa saker kan upplevas pinsamma. S\u00e5 bort med allt gulligt, det \u00e4r dags att bli stor och tuff. Nu b\u00f6rjar ocks\u00e5 l\u00e4sl\u00e4xorna bli l\u00e4ngre och matteb\u00f6ckerna tjockare. Ett personligt <a href=\"http:\/\/www.smartphoto.se\/produkter\/fotopresenter\/bokmarke-metall\" target=\"_blank\">bokm\u00e4rke<\/a> g\u00f6r det enklare att h\u00e5lla koll p\u00e5 vart i boken man \u00e4r. N\u00e4r matteboken sedan kommer fram kan en <a href=\"http:\/\/www.smartphoto.se\/produkter\/fotopresenter\/linjal\" target=\"_blank\">linjal med foto<\/a> underl\u00e4tta. Slarvar ditt barn ofta bort sina saker? Skapa <a href=\"http:\/\/www.smartphoto.se\/produkter\/fotopresenter\/fotoklistermarken-barn\" target=\"_blank\">personliga fotoklisterm\u00e4rken<\/a> och m\u00e4rk upp barnets saker, roligt och enkelt!<\/p>\n<div id=\"attachment_2361\" style=\"width: 690px\" class=\"wp-caption alignnone\"><a href=\"http:\/\/www.smartphoto.se\/produkter\/fotopresenter\/linjal\" target=\"_blank\"><img loading=\"lazy\" decoding=\"async\" aria-describedby=\"caption-attachment-2361\" class=\"size-large wp-image-2361\" src=\"https:\/\/storage.googleapis.com\/smartphoto-express-production-wp-blogs-com\/11\/2016\/07\/b2b3_2016_FBflow-1024x536.jpg\" alt=\"Linjal med foto\" width=\"680\" height=\"356\" \/><\/a><p id=\"caption-attachment-2361\" class=\"wp-caption-text\">Skapa en unik linjal<\/p><\/div>\n<h3>H\u00f6gstadiet \u2013 bilder p\u00e5 kompisar<\/h3>\n<p>N\u00e4r det \u00e4r dags att b\u00f6rja h\u00f6gstadiet har kompisarna alltid h\u00f6gsta prioritet. Med bilder p\u00e5 ditt barn med b\u00e4stisen kan du skapa h\u00e4rliga fotoprodukter till ditt barn som g\u00f6r skoltiden lite roligare.\u00a0Som \u201dgrattis du b\u00f6rjar h\u00f6gstadiet present\u201d skapar du en personlig <a href=\"http:\/\/www.smartphoto.se\/produkter\/fotopresenter\/axelremsvaska\" target=\"_blank\">Axelremsv\u00e4ska<\/a> och fyller den med ett nytt <a href=\"http:\/\/www.smartphoto.se\/produkter\/fotopresenter\/mobil-surfplatta-skal\" target=\"_blank\">mobilskal<\/a>, en <a href=\"http:\/\/www.smartphoto.se\/produkter\/fotopresenter\/mapp-tryck\" target=\"_blank\">mapp med foto<\/a> och en <a href=\"http:\/\/www.smartphoto.se\/produkter\/fotopresenter\/anteckningsbok\" target=\"_blank\">anteckningsbok<\/a>. Ditt barn kommer garanterat att uppskatta denna g\u00e5va.<\/p>\n<div id=\"attachment_2363\" style=\"width: 690px\" class=\"wp-caption alignnone\"><a href=\"http:\/\/www.smartphoto.se\/produkter\/fotopresenter\/axelremsvaska\" target=\"_blank\"><img loading=\"lazy\" decoding=\"async\" aria-describedby=\"caption-attachment-2363\" class=\"size-large wp-image-2363\" src=\"https:\/\/storage.googleapis.com\/smartphoto-express-production-wp-blogs-com\/11\/2016\/07\/b2b2_2016_FBflow-1024x536.jpg\" alt=\"Axelremsv\u00e4ska med foto\" width=\"680\" height=\"356\" \/><\/a><p id=\"caption-attachment-2363\" class=\"wp-caption-text\">Skapa fotoprodukter med ditt barn och b\u00e4stisen!<\/p><\/div>\n<p><img loading=\"lazy\" decoding=\"async\" class=\"alignnone size-full wp-image-5088\" src=\"https:\/\/storage.googleapis.com\/smartphoto-express-production-wp-blogs-com\/11\/2016\/07\/Notebook_Shoot_LifestyleGroup1red-e1498648633646.jpg\" alt=\"Anteckningsbok skolan\" width=\"650\" height=\"461\" \/><\/p>\n<p>Titta g\u00e4rna in p\u00e5 <a href=\"http:\/\/smartphoto.se\/produkter\/skolstart\" target=\"_blank\">smartphoto.se\/produkter\/skolstart<\/a> f\u00f6r mer inspiration!<\/p>\n","protected":false},"excerpt":{"rendered":"<p>Sommaren \u00e4r underbar men alldeles f\u00f6r kort. Det kanske k\u00e4nns som om det \u00e4r l\u00e5ng tid kvar tills barnen b\u00f6rjar skolan, men det n\u00e4rmar sig snabbare \u00e4n vad du tror. Vare sig ditt barn, ditt systerbarn eller din gudson ska g\u00e5 till skolan f\u00f6r f\u00f6rsta g\u00e5ngen, eller g\u00e5 fr\u00e5n l\u00e5g- till mellanstadiet, s\u00e5 \u00e4r f\u00f6rsta skoldagen alltid speciell. Att komma med en ny fin ryggs\u00e4ck eller ett nytt pennfodral med sin egen bild p\u00e5 g\u00f6r det \u00e4nnu roligare!\u00a0H\u00e4r \u00e4r v\u00e5ra tips inf\u00f6r skolstarten \u2013 n\u00e5got f\u00f6r alla \u00e5ldrar! F\u00f6rskoleklass\/l\u00e5gstadiet \u2013 detta beh\u00f6ver du: N\u00e4r barnet b\u00f6rjar skolan \u00e4r det extra<\/p>\n","protected":false},"author":1,"featured_media":5087,"comment_status":"open","ping_status":"open","sticky":false,"template":"","format":"standard","meta":{"om_disable_all_campaigns":false,"_monsterinsights_skip_tracking":false,"_monsterinsights_sitenote_active":false,"_monsterinsights_sitenote_note":"","_monsterinsights_sitenote_category":0,"footnotes":""},"categories":[5],"tags":[],"class_list":["post-2356","post","type-post","status-publish","format-standard","has-post-thumbnail","hentry","category-insperation"],"yoast_head":"<!-- This site is optimized with the Yoast SEO plugin v23.8 - https:\/\/yoast.com\/wordpress\/plugins\/seo\/ -->\n<title>\u00c4r du redo? Snart b\u00f6rjar skolan. H\u00e4r \u00e4r allt du beh\u00f6ver!<\/title>\n<meta name=\"description\" content=\"Att b\u00f6rja skolan \u00e4r n\u00e5got av det st\u00f6rsta som h\u00e4nt ditt barn. Att komma med en ny fin ryggs\u00e4ck eller ett nytt pennfodral med sin egen bild blir allt kul!\" \/>\n<meta name=\"robots\" content=\"index, follow, max-snippet:-1, max-image-preview:large, max-video-preview:-1\" \/>\n<link rel=\"canonical\" href=\"https:\/\/www.smartphoto.se\/blogg\/skolstart\" \/>\n<meta property=\"og:locale\" content=\"sv_SE\" \/>\n<meta property=\"og:type\" content=\"article\" \/>\n<meta property=\"og:title\" content=\"\u00c4r du redo? Snart b\u00f6rjar skolan. H\u00e4r \u00e4r allt du beh\u00f6ver!\" \/>\n<meta property=\"og:description\" content=\"Att b\u00f6rja skolan \u00e4r n\u00e5got av det st\u00f6rsta som h\u00e4nt ditt barn. Att komma med en ny fin ryggs\u00e4ck eller ett nytt pennfodral med sin egen bild blir allt kul!\" \/>\n<meta property=\"og:url\" content=\"\/blogg\/skolstart\" \/>\n<meta property=\"og:site_name\" content=\"smartphotoblogg Inspiration \u2013 Fototips \u2013 DIY\" \/>\n<meta property=\"article:publisher\" content=\"https:\/\/www.facebook.com\/smartphotose\" \/>\n<meta property=\"article:published_time\" content=\"2016-07-27T04:00:47+00:00\" \/>\n<meta property=\"article:modified_time\" content=\"2017-06-29T09:12:46+00:00\" \/>\n<meta property=\"og:image\" content=\"https:\/\/storage.googleapis.com\/smartphoto-express-production-wp-blogs-com\/11\/2016\/07\/83110776red.jpg\" \/>\n\t<meta property=\"og:image:width\" content=\"750\" \/>\n\t<meta property=\"og:image:height\" content=\"498\" \/>\n\t<meta property=\"og:image:type\" content=\"image\/jpeg\" \/>\n<meta name=\"author\" content=\"admin\" \/>\n<meta name=\"twitter:card\" content=\"summary_large_image\" \/>\n<meta name=\"twitter:label1\" content=\"Written by\" \/>\n\t<meta name=\"twitter:data1\" content=\"admin\" \/>\n\t<meta name=\"twitter:label2\" content=\"Est. reading time\" \/>\n\t<meta name=\"twitter:data2\" content=\"2 minutes\" \/>\n<script type=\"application\/ld+json\" class=\"yoast-schema-graph\">{\"@context\":\"https:\/\/schema.org\",\"@graph\":[{\"@type\":\"WebPage\",\"@id\":\"\/blogg\/skolstart\",\"url\":\"https:\/\/www.smartphoto.se\/blogg\/skolstart\",\"name\":\"\u00c4r du redo? Snart b\u00f6rjar skolan. H\u00e4r \u00e4r allt du beh\u00f6ver!\",\"isPartOf\":{\"@id\":\"https:\/\/www.smartphoto.se\/blogg\/#website\"},\"primaryImageOfPage\":{\"@id\":\"https:\/\/www.smartphoto.se\/blogg\/skolstart#primaryimage\"},\"image\":{\"@id\":\"https:\/\/www.smartphoto.se\/blogg\/skolstart#primaryimage\"},\"thumbnailUrl\":\"https:\/\/storage.googleapis.com\/smartphoto-express-production-wp-blogs-com\/11\/2016\/07\/83110776red.jpg\",\"datePublished\":\"2016-07-27T04:00:47+00:00\",\"dateModified\":\"2017-06-29T09:12:46+00:00\",\"author\":{\"@id\":\"https:\/\/www.smartphoto.se\/blogg\/#\/schema\/person\/c256b3f50ae468ee69f4b486108c797b\"},\"description\":\"Att b\u00f6rja skolan \u00e4r n\u00e5got av det st\u00f6rsta som h\u00e4nt ditt barn. Att komma med en ny fin ryggs\u00e4ck eller ett nytt pennfodral med sin egen bild blir allt kul!\",\"breadcrumb\":{\"@id\":\"https:\/\/www.smartphoto.se\/blogg\/skolstart#breadcrumb\"},\"inLanguage\":\"sv-SE\",\"potentialAction\":[{\"@type\":\"ReadAction\",\"target\":[\"https:\/\/www.smartphoto.se\/blogg\/skolstart\"]}]},{\"@type\":\"ImageObject\",\"inLanguage\":\"sv-SE\",\"@id\":\"https:\/\/www.smartphoto.se\/blogg\/skolstart#primaryimage\",\"url\":\"https:\/\/storage.googleapis.com\/smartphoto-express-production-wp-blogs-com\/11\/2016\/07\/83110776red.jpg\",\"contentUrl\":\"https:\/\/storage.googleapis.com\/smartphoto-express-production-wp-blogs-com\/11\/2016\/07\/83110776red.jpg\",\"width\":750,\"height\":498,\"caption\":\"skolan\"},{\"@type\":\"BreadcrumbList\",\"@id\":\"https:\/\/www.smartphoto.se\/blogg\/skolstart#breadcrumb\",\"itemListElement\":[{\"@type\":\"ListItem\",\"position\":1,\"name\":\"Home\",\"item\":\"\/blogg\/\"},{\"@type\":\"ListItem\",\"position\":2,\"name\":\"G\u00f6r dig redo f\u00f6r skolan &#8211; tips p\u00e5 hur du f\u00f6rgyller f\u00f6rsta skoldagen!\"}]},{\"@type\":\"WebSite\",\"@id\":\"https:\/\/www.smartphoto.se\/blogg\/#website\",\"url\":\"https:\/\/www.smartphoto.se\/blogg\/\",\"name\":\"smartphotoblogg Inspiration \u2013 Fototips \u2013 DIY\",\"description\":\"smartphotoblogg Inspiration \u2013 Fototips \u2013 DIY\",\"potentialAction\":[{\"@type\":\"SearchAction\",\"target\":{\"@type\":\"EntryPoint\",\"urlTemplate\":\"https:\/\/www.smartphoto.se\/blogg\/?s={search_term_string}\"},\"query-input\":{\"@type\":\"PropertyValueSpecification\",\"valueRequired\":true,\"valueName\":\"search_term_string\"}}],\"inLanguage\":\"sv-SE\"},{\"@type\":\"Person\",\"@id\":\"https:\/\/www.smartphoto.se\/blogg\/#\/schema\/person\/c256b3f50ae468ee69f4b486108c797b\",\"name\":\"admin\",\"image\":{\"@type\":\"ImageObject\",\"inLanguage\":\"sv-SE\",\"@id\":\"https:\/\/www.smartphoto.se\/blogg\/#\/schema\/person\/image\/\",\"url\":\"https:\/\/secure.gravatar.com\/avatar\/8f9488249a21b1f2cc85dc7982dc95c4?s=96&d=mm&r=g\",\"contentUrl\":\"https:\/\/secure.gravatar.com\/avatar\/8f9488249a21b1f2cc85dc7982dc95c4?s=96&d=mm&r=g\",\"caption\":\"admin\"},\"url\":\"https:\/\/www.smartphoto.se\/blogg\/author\/admin\"}]}<\/script>\n<!-- \/ Yoast SEO plugin. -->","yoast_head_json":{"title":"\u00c4r du redo? Snart b\u00f6rjar skolan. H\u00e4r \u00e4r allt du beh\u00f6ver!","description":"Att b\u00f6rja skolan \u00e4r n\u00e5got av det st\u00f6rsta som h\u00e4nt ditt barn. Att komma med en ny fin ryggs\u00e4ck eller ett nytt pennfodral med sin egen bild blir allt kul!","robots":{"index":"index","follow":"follow","max-snippet":"max-snippet:-1","max-image-preview":"max-image-preview:large","max-video-preview":"max-video-preview:-1"},"canonical":"https:\/\/www.smartphoto.se\/blogg\/skolstart","og_locale":"sv_SE","og_type":"article","og_title":"\u00c4r du redo? Snart b\u00f6rjar skolan. H\u00e4r \u00e4r allt du beh\u00f6ver!","og_description":"Att b\u00f6rja skolan \u00e4r n\u00e5got av det st\u00f6rsta som h\u00e4nt ditt barn. Att komma med en ny fin ryggs\u00e4ck eller ett nytt pennfodral med sin egen bild blir allt kul!","og_url":"\/blogg\/skolstart","og_site_name":"smartphotoblogg Inspiration \u2013 Fototips \u2013 DIY","article_publisher":"https:\/\/www.facebook.com\/smartphotose","article_published_time":"2016-07-27T04:00:47+00:00","article_modified_time":"2017-06-29T09:12:46+00:00","og_image":[{"width":750,"height":498,"url":"https:\/\/storage.googleapis.com\/smartphoto-express-production-wp-blogs-com\/11\/2016\/07\/83110776red.jpg","type":"image\/jpeg"}],"author":"admin","twitter_card":"summary_large_image","twitter_misc":{"Written by":"admin","Est. reading time":"2 minutes"},"schema":{"@context":"https:\/\/schema.org","@graph":[{"@type":"WebPage","@id":"\/blogg\/skolstart","url":"https:\/\/www.smartphoto.se\/blogg\/skolstart","name":"\u00c4r du redo? Snart b\u00f6rjar skolan. H\u00e4r \u00e4r allt du beh\u00f6ver!","isPartOf":{"@id":"https:\/\/www.smartphoto.se\/blogg\/#website"},"primaryImageOfPage":{"@id":"https:\/\/www.smartphoto.se\/blogg\/skolstart#primaryimage"},"image":{"@id":"https:\/\/www.smartphoto.se\/blogg\/skolstart#primaryimage"},"thumbnailUrl":"https:\/\/storage.googleapis.com\/smartphoto-express-production-wp-blogs-com\/11\/2016\/07\/83110776red.jpg","datePublished":"2016-07-27T04:00:47+00:00","dateModified":"2017-06-29T09:12:46+00:00","author":{"@id":"https:\/\/www.smartphoto.se\/blogg\/#\/schema\/person\/c256b3f50ae468ee69f4b486108c797b"},"description":"Att b\u00f6rja skolan \u00e4r n\u00e5got av det st\u00f6rsta som h\u00e4nt ditt barn. Att komma med en ny fin ryggs\u00e4ck eller ett nytt pennfodral med sin egen bild blir allt kul!","breadcrumb":{"@id":"https:\/\/www.smartphoto.se\/blogg\/skolstart#breadcrumb"},"inLanguage":"sv-SE","potentialAction":[{"@type":"ReadAction","target":["https:\/\/www.smartphoto.se\/blogg\/skolstart"]}]},{"@type":"ImageObject","inLanguage":"sv-SE","@id":"https:\/\/www.smartphoto.se\/blogg\/skolstart#primaryimage","url":"https:\/\/storage.googleapis.com\/smartphoto-express-production-wp-blogs-com\/11\/2016\/07\/83110776red.jpg","contentUrl":"https:\/\/storage.googleapis.com\/smartphoto-express-production-wp-blogs-com\/11\/2016\/07\/83110776red.jpg","width":750,"height":498,"caption":"skolan"},{"@type":"BreadcrumbList","@id":"https:\/\/www.smartphoto.se\/blogg\/skolstart#breadcrumb","itemListElement":[{"@type":"ListItem","position":1,"name":"Home","item":"\/blogg\/"},{"@type":"ListItem","position":2,"name":"G\u00f6r dig redo f\u00f6r skolan &#8211; tips p\u00e5 hur du f\u00f6rgyller f\u00f6rsta skoldagen!"}]},{"@type":"WebSite","@id":"https:\/\/www.smartphoto.se\/blogg\/#website","url":"https:\/\/www.smartphoto.se\/blogg\/","name":"smartphotoblogg Inspiration \u2013 Fototips \u2013 DIY","description":"smartphotoblogg Inspiration \u2013 Fototips \u2013 DIY","potentialAction":[{"@type":"SearchAction","target":{"@type":"EntryPoint","urlTemplate":"https:\/\/www.smartphoto.se\/blogg\/?s={search_term_string}"},"query-input":{"@type":"PropertyValueSpecification","valueRequired":true,"valueName":"search_term_string"}}],"inLanguage":"sv-SE"},{"@type":"Person","@id":"https:\/\/www.smartphoto.se\/blogg\/#\/schema\/person\/c256b3f50ae468ee69f4b486108c797b","name":"admin","image":{"@type":"ImageObject","inLanguage":"sv-SE","@id":"https:\/\/www.smartphoto.se\/blogg\/#\/schema\/person\/image\/","url":"https:\/\/secure.gravatar.com\/avatar\/8f9488249a21b1f2cc85dc7982dc95c4?s=96&d=mm&r=g","contentUrl":"https:\/\/secure.gravatar.com\/avatar\/8f9488249a21b1f2cc85dc7982dc95c4?s=96&d=mm&r=g","caption":"admin"},"url":"https:\/\/www.smartphoto.se\/blogg\/author\/admin"}]}},"_links":{"self":[{"href":"https:\/\/www.smartphoto.se\/blogg\/wp-json\/wp\/v2\/posts\/2356","targetHints":{"allow":["GET"]}}],"collection":[{"href":"https:\/\/www.smartphoto.se\/blogg\/wp-json\/wp\/v2\/posts"}],"about":[{"href":"https:\/\/www.smartphoto.se\/blogg\/wp-json\/wp\/v2\/types\/post"}],"author":[{"embeddable":true,"href":"https:\/\/www.smartphoto.se\/blogg\/wp-json\/wp\/v2\/users\/1"}],"replies":[{"embeddable":true,"href":"https:\/\/www.smartphoto.se\/blogg\/wp-json\/wp\/v2\/comments?post=2356"}],"version-history":[{"count":4,"href":"https:\/\/www.smartphoto.se\/blogg\/wp-json\/wp\/v2\/posts\/2356\/revisions"}],"predecessor-version":[{"id":5091,"href":"https:\/\/www.smartphoto.se\/blogg\/wp-json\/wp\/v2\/posts\/2356\/revisions\/5091"}],"wp:featuredmedia":[{"embeddable":true,"href":"https:\/\/www.smartphoto.se\/blogg\/wp-json\/wp\/v2\/media\/5087"}],"wp:attachment":[{"href":"https:\/\/www.smartphoto.se\/blogg\/wp-json\/wp\/v2\/media?parent=2356"}],"wp:term":[{"taxonomy":"category","embeddable":true,"href":"https:\/\/www.smartphoto.se\/blogg\/wp-json\/wp\/v2\/categories?post=2356"},{"taxonomy":"post_tag","embeddable":true,"href":"https:\/\/www.smartphoto.se\/blogg\/wp-json\/wp\/v2\/tags?post=2356"}],"curies":[{"name":"wp","href":"https:\/\/api.w.org\/{rel}","templated":true}]}}