{"id":2337,"date":"2016-07-14T09:00:26","date_gmt":"2016-07-14T07:00:26","guid":{"rendered":"http:\/\/blogg.smartphoto.se\/?p=2337"},"modified":"2020-10-20T11:59:48","modified_gmt":"2020-10-20T09:59:48","slug":"grattis-victoria","status":"publish","type":"post","link":"https:\/\/www.smartphoto.se\/blogg\/grattis-victoria","title":{"rendered":"Grattis Kronprinsessan Victoria!"},"content":{"rendered":"<p><em>Idag fyller Kronprinsessan Victoria 39 \u00e5r \u2013 stort grattis! Som vanligt har \u00d6land och Borgholm f\u00f6rvandlats till ett enda stort kalas och folk har \u00e5kt fr\u00e5n hela landet f\u00f6r att vara med att fira. Vill du ocks\u00e5 arrangera ett kalas med Kunglig glans? H\u00e4r \u00e4r v\u00e5ra 4 b\u00e4sta tips hur du med sm\u00e5 detaljer f\u00e5r till det perfekta kalaset eller den mest magiska festen<\/em>.<\/p>\n<p><strong>1. Bjud in med stil<\/strong><br \/>\nInbjudan \u00e4r det f\u00f6rsta m\u00f6tet dina g\u00e4ster har med din fest. Se till att den blir n\u00e5got alldeles extra! Kungafamiljen har ofta bilder p\u00e5 sig sj\u00e4lva eller en personlig och v\u00e4lskriven text. <a href=\"http:\/\/www.smartphoto.se\/produkter\/fotokort\" target=\"_blank\" rel=\"noopener noreferrer\">Klicka h\u00e4r<\/a> f\u00f6r att hitta din favorit bland alla <a href=\"http:\/\/www.smartphoto.se\/produkter\/fotokort\" target=\"_blank\" rel=\"noopener noreferrer\">smartphotos inbjudningskort<\/a>. Gillar du stora bilder eller vill du hellre ha m\u00e5nga sm\u00e5, eller vill du bara ha text? Valet \u00e4r ditt och vi har massor av varianter s\u00e5 du hittar garanterat din favorit.<\/p>\n<div id=\"attachment_2341\" style=\"width: 690px\" class=\"wp-caption alignnone\"><a href=\"http:\/\/www.smartphoto.se\/produkter\/fotokort\" target=\"_blank\" rel=\"noopener noreferrer\"><img loading=\"lazy\" decoding=\"async\" aria-describedby=\"caption-attachment-2341\" class=\"size-large wp-image-2341\" src=\"https:\/\/storage.googleapis.com\/smartphoto-express-production-wp-blogs-com\/11\/2016\/07\/FoldedCard_Shoot_LifestyleGroup5-1024x683.jpg\" alt=\"Inbjudningskort\" width=\"680\" height=\"454\"><\/a><p id=\"caption-attachment-2341\" class=\"wp-caption-text\">Skapa ett personligt inbjudningskort<\/p><\/div>\n<p><strong>2. Skapa den perfekta k\u00e4nslan<\/strong><br \/>\nEn kunglig f\u00f6delsedagsfest ska ha stil och glans, men f\u00e5r f\u00f6r den sakens skull inte bli stel och tr\u00e5kig. Med <a href=\"http:\/\/www.smartphoto.se\/produkter\/fotopresenter\/fest\" target=\"_blank\" rel=\"noopener noreferrer\">personliga festdekorationer<\/a> \u00e4r det l\u00e4tt att s\u00e4tta den perfekta pr\u00e4geln p\u00e5 festen. Rulla och f\u00e4st ihop servetterna med ett <a href=\"http:\/\/www.smartphoto.se\/produkter\/fotopresenter\/dekorationsklistermarken\" target=\"_blank\" rel=\"noopener noreferrer\">dekorationsklisterm\u00e4rke<\/a> och servera f\u00f6rdrinken p\u00e5 en <a href=\"http:\/\/www.smartphoto.se\/produkter\/fotopresenter\/bricka\" target=\"_blank\" rel=\"noopener noreferrer\">egenskapad bricka<\/a> fr\u00e5n flaskor med en <a href=\"http:\/\/www.smartphoto.se\/produkter\/fotopresenter\/flasketikett\" target=\"_blank\" rel=\"noopener noreferrer\">personlig etikett<\/a>.<\/p>\n<div id=\"attachment_2342\" style=\"width: 690px\" class=\"wp-caption alignnone\"><a href=\"http:\/\/www.smartphoto.se\/produkter\/fotopresenter\/flasketikett\" target=\"_blank\" rel=\"noopener noreferrer\"><img loading=\"lazy\" decoding=\"async\" aria-describedby=\"caption-attachment-2342\" class=\"size-large wp-image-2342\" src=\"https:\/\/storage.googleapis.com\/smartphoto-express-production-wp-blogs-com\/11\/2016\/07\/BottleLabels_Shoot_Lifestyle8-1024x690.jpg\" alt=\"Etiketter f\u00f6r flaskor\" width=\"680\" height=\"458\"><\/a><p id=\"caption-attachment-2342\" class=\"wp-caption-text\">Smycka dina flaskor med en personlig etikett.<\/p><\/div>\n<p><strong>3. Ge g\u00e4sterna fina give-aways<\/strong><br \/>\nFinns det n\u00e5gon som inte gillar give-aways? Det tror inte vi! Se till att sk\u00e4mma bort dina g\u00e4ster lite extra p\u00e5 din fest. St\u00e4ll en <a href=\"http:\/\/www.smartphoto.se\/produkter\/fotopresenter\/smagodis-burkar\" target=\"_blank\" rel=\"noopener noreferrer\">godisburk<\/a> eller <a href=\"http:\/\/www.smartphoto.se\/produkter\/fotopresenter\/godis-pasar\" target=\"_blank\" rel=\"noopener noreferrer\">godisp\u00e5se<\/a> med personligt tryck p\u00e5 varje plats. Eller \u00f6verraska med n\u00e5got helt ov\u00e4ntat som varsin <a href=\"http:\/\/www.smartphoto.se\/produkter\/fotopresenter\/jojo\" target=\"_blank\" rel=\"noopener noreferrer\">jojo<\/a>, detta kan bli en riktig isbrytare p\u00e5 festen!<\/p>\n<div id=\"attachment_2343\" style=\"width: 690px\" class=\"wp-caption alignnone\"><a href=\"http:\/\/www.smartphoto.se\/produkter\/fotopresenter\/godis-pasar\" target=\"_blank\" rel=\"noopener noreferrer\"><img loading=\"lazy\" decoding=\"async\" aria-describedby=\"caption-attachment-2343\" class=\"size-large wp-image-2343\" src=\"https:\/\/storage.googleapis.com\/smartphoto-express-production-wp-blogs-com\/11\/2016\/07\/CandyBoxes_Shoot_Lifestyle22-1024x683.jpg\" alt=\"Godisp\u00e5se med personligt tryck\" width=\"680\" height=\"454\"><\/a><p id=\"caption-attachment-2343\" class=\"wp-caption-text\">Give aways till g\u00e4sterna en burk eller p\u00e5se med godis.<\/p><\/div>\n<p><strong>5. Ett kungligt tack<\/strong><br \/>\nKungliga tackkort har ett h\u00f6gt v\u00e4rde. Det \u00e4r ett skriftligt bevis p\u00e5 att du faktiskt har varit p\u00e5 tillst\u00e4llningen. Dessutom vill man som g\u00e4st k\u00e4nna sig viktig och uppskattad. Skapa d\u00e4rf\u00f6r ett <a href=\"http:\/\/www.smartphoto.se\/produkter\/fotokort\" target=\"_blank\" rel=\"noopener noreferrer\">personligt tackkort<\/a> med en v\u00e4lkomponerad text som f\u00e5r fram din tacksamhet till g\u00e4sten som f\u00f6rgyllde din fest. Ett extra plus om du samtidigt <a href=\"http:\/\/www.smartphoto.se\/produkter\/bilder-fotoforstoring-fotohaften\/bilder\" target=\"_blank\" rel=\"noopener noreferrer\">framkallar ett foto<\/a> p\u00e5 g\u00e4sten och skickar med <a href=\"http:\/\/www.smartphoto.se\/produkter\/fotokort\" target=\"_blank\" rel=\"noopener noreferrer\">tackkortet<\/a>. Ett <a href=\"http:\/\/www.smartphoto.se\/produkter\/bilder-fotoforstoring-fotohaften\/retro-bilder\" target=\"_blank\" rel=\"noopener noreferrer\">foto med retrok\u00e4nsla<\/a> ger \u00e4ven m\u00f6jlighet till en handskriven personlig h\u00e4lsning.<\/p>\n<div id=\"attachment_2344\" style=\"width: 690px\" class=\"wp-caption alignnone\"><a href=\"http:\/\/www.smartphoto.se\/produkter\/bilder-fotoforstoring-fotohaften\/retro-bilder\" target=\"_blank\" rel=\"noopener noreferrer\"><img loading=\"lazy\" decoding=\"async\" aria-describedby=\"caption-attachment-2344\" class=\"size-large wp-image-2344\" src=\"https:\/\/storage.googleapis.com\/smartphoto-express-production-wp-blogs-com\/11\/2016\/07\/InstantPrints_Shoot_Packshot2-1024x796.jpg\" alt=\"Bilder med retrok\u00e4nsla\" width=\"680\" height=\"529\"><\/a><p id=\"caption-attachment-2344\" class=\"wp-caption-text\">Tacka g\u00e4sterna med ett foto med retrok\u00e4nsla &#8211; plats f\u00f6r att skriva en personlig h\u00e4lsning.<\/p><\/div>\n<p>Vill du fixa ett Kungligt kalas? Du vet v\u00e4l om att vi har sommarens b\u00e4sta erbjudande just nu!<br \/>\n<a href=\"http:\/\/www.smartphoto.se\/sommar?epc=SU16B3\" target=\"_blank\" rel=\"noopener noreferrer\">20% rabatt plus fri frakt n\u00e4r du handlar f\u00f6r \u00f6ver 500 kr.<\/a> G\u00e4ller hela sortimentet. Klicka p\u00e5 bilden f\u00f6r att ta del av erbjudandet.<\/p>\n<p><a href=\"http:\/\/www.smartphoto.se\/sommar?epc=SU16B3\" target=\"_blank\" rel=\"noopener noreferrer\"><img loading=\"lazy\" decoding=\"async\" class=\"alignnone wp-image-2345 size-full\" src=\"https:\/\/storage.googleapis.com\/smartphoto-express-production-wp-blogs-com\/11\/2016\/07\/SE_2016_summercampaign_beach_HP_LS-e1467112935342.jpg\" alt=\"Sommarkampanj\" width=\"595\" height=\"316\"><\/a><\/p>\n","protected":false},"excerpt":{"rendered":"<p>Idag fyller Kronprinsessan Victoria 39 \u00e5r \u2013 stort grattis! Som vanligt har \u00d6land och Borgholm f\u00f6rvandlats till ett enda stort kalas och folk har \u00e5kt fr\u00e5n hela landet f\u00f6r att vara med att fira. Vill du ocks\u00e5 arrangera ett kalas med Kunglig glans? H\u00e4r \u00e4r v\u00e5ra 4 b\u00e4sta tips hur du med sm\u00e5 detaljer f\u00e5r till det perfekta kalaset eller den mest magiska festen. 1. Bjud in med stil Inbjudan \u00e4r det f\u00f6rsta m\u00f6tet dina g\u00e4ster har med din fest. Se till att den blir n\u00e5got alldeles extra! Kungafamiljen har ofta bilder p\u00e5 sig sj\u00e4lva eller en personlig och v\u00e4lskriven<\/p>\n","protected":false},"author":1,"featured_media":2340,"comment_status":"open","ping_status":"open","sticky":false,"template":"","format":"standard","meta":{"om_disable_all_campaigns":false,"_monsterinsights_skip_tracking":false,"_monsterinsights_sitenote_active":false,"_monsterinsights_sitenote_note":"","_monsterinsights_sitenote_category":0,"footnotes":""},"categories":[5],"tags":[],"class_list":["post-2337","post","type-post","status-publish","format-standard","has-post-thumbnail","hentry","category-insperation"],"yoast_head":"<!-- This site is optimized with the Yoast SEO plugin v23.8 - https:\/\/yoast.com\/wordpress\/plugins\/seo\/ -->\n<title>Grattis Kronprinsessan Victoria! | Smartphoto<\/title>\n<meta name=\"robots\" content=\"index, follow, max-snippet:-1, max-image-preview:large, max-video-preview:-1\" \/>\n<link rel=\"canonical\" href=\"https:\/\/www.smartphoto.se\/blogg\/grattis-victoria\" \/>\n<meta property=\"og:locale\" content=\"sv_SE\" \/>\n<meta property=\"og:type\" content=\"article\" \/>\n<meta property=\"og:title\" content=\"Grattis Kronprinsessan Victoria! | Smartphoto\" \/>\n<meta property=\"og:description\" content=\"Idag fyller Kronprinsessan Victoria 39 \u00e5r \u2013 stort grattis! Som vanligt har \u00d6land och Borgholm f\u00f6rvandlats till ett enda stort kalas och folk har \u00e5kt fr\u00e5n hela landet f\u00f6r att vara med att fira. Vill du ocks\u00e5 arrangera ett kalas med Kunglig glans? H\u00e4r \u00e4r v\u00e5ra 4 b\u00e4sta tips hur du med sm\u00e5 detaljer f\u00e5r till det perfekta kalaset eller den mest magiska festen. 1. Bjud in med stil Inbjudan \u00e4r det f\u00f6rsta m\u00f6tet dina g\u00e4ster har med din fest. Se till att den blir n\u00e5got alldeles extra! Kungafamiljen har ofta bilder p\u00e5 sig sj\u00e4lva eller en personlig och v\u00e4lskriven\" \/>\n<meta property=\"og:url\" content=\"\/blogg\/grattis-victoria\" \/>\n<meta property=\"og:site_name\" content=\"smartphotoblogg Inspiration \u2013 Fototips \u2013 DIY\" \/>\n<meta property=\"article:publisher\" content=\"https:\/\/www.facebook.com\/smartphotose\" \/>\n<meta property=\"article:published_time\" content=\"2016-07-14T07:00:26+00:00\" \/>\n<meta property=\"article:modified_time\" content=\"2020-10-20T09:59:48+00:00\" \/>\n<meta property=\"og:image\" content=\"https:\/\/storage.googleapis.com\/smartphoto-express-production-wp-blogs-com\/11\/2016\/06\/iStock_43030252_XXXLARGE-1024x683.jpg\" \/>\n\t<meta property=\"og:image:width\" content=\"1024\" \/>\n\t<meta property=\"og:image:height\" content=\"683\" \/>\n\t<meta property=\"og:image:type\" content=\"image\/jpeg\" \/>\n<meta name=\"author\" content=\"admin\" \/>\n<meta name=\"twitter:card\" content=\"summary_large_image\" \/>\n<meta name=\"twitter:label1\" content=\"Written by\" \/>\n\t<meta name=\"twitter:data1\" content=\"admin\" \/>\n\t<meta name=\"twitter:label2\" content=\"Est. reading time\" \/>\n\t<meta name=\"twitter:data2\" content=\"2 minutes\" \/>\n<script type=\"application\/ld+json\" class=\"yoast-schema-graph\">{\"@context\":\"https:\/\/schema.org\",\"@graph\":[{\"@type\":\"WebPage\",\"@id\":\"\/blogg\/grattis-victoria\",\"url\":\"https:\/\/www.smartphoto.se\/blogg\/grattis-victoria\",\"name\":\"Grattis Kronprinsessan Victoria! | Smartphoto\",\"isPartOf\":{\"@id\":\"https:\/\/www.smartphoto.se\/blogg\/#website\"},\"primaryImageOfPage\":{\"@id\":\"https:\/\/www.smartphoto.se\/blogg\/grattis-victoria#primaryimage\"},\"image\":{\"@id\":\"https:\/\/www.smartphoto.se\/blogg\/grattis-victoria#primaryimage\"},\"thumbnailUrl\":\"https:\/\/storage.googleapis.com\/smartphoto-express-production-wp-blogs-com\/11\/2016\/06\/iStock_43030252_XXXLARGE.jpg\",\"datePublished\":\"2016-07-14T07:00:26+00:00\",\"dateModified\":\"2020-10-20T09:59:48+00:00\",\"author\":{\"@id\":\"https:\/\/www.smartphoto.se\/blogg\/#\/schema\/person\/c256b3f50ae468ee69f4b486108c797b\"},\"breadcrumb\":{\"@id\":\"https:\/\/www.smartphoto.se\/blogg\/grattis-victoria#breadcrumb\"},\"inLanguage\":\"sv-SE\",\"potentialAction\":[{\"@type\":\"ReadAction\",\"target\":[\"https:\/\/www.smartphoto.se\/blogg\/grattis-victoria\"]}]},{\"@type\":\"ImageObject\",\"inLanguage\":\"sv-SE\",\"@id\":\"https:\/\/www.smartphoto.se\/blogg\/grattis-victoria#primaryimage\",\"url\":\"https:\/\/storage.googleapis.com\/smartphoto-express-production-wp-blogs-com\/11\/2016\/06\/iStock_43030252_XXXLARGE.jpg\",\"contentUrl\":\"https:\/\/storage.googleapis.com\/smartphoto-express-production-wp-blogs-com\/11\/2016\/06\/iStock_43030252_XXXLARGE.jpg\",\"width\":5623,\"height\":3749,\"caption\":\"Grattis Kronprinsessan Victoria - g\u00f6r dit eget kalas med Kunglig glans.\"},{\"@type\":\"BreadcrumbList\",\"@id\":\"https:\/\/www.smartphoto.se\/blogg\/grattis-victoria#breadcrumb\",\"itemListElement\":[{\"@type\":\"ListItem\",\"position\":1,\"name\":\"Home\",\"item\":\"\/blogg\/\"},{\"@type\":\"ListItem\",\"position\":2,\"name\":\"Grattis Kronprinsessan Victoria!\"}]},{\"@type\":\"WebSite\",\"@id\":\"https:\/\/www.smartphoto.se\/blogg\/#website\",\"url\":\"https:\/\/www.smartphoto.se\/blogg\/\",\"name\":\"smartphotoblogg Inspiration \u2013 Fototips \u2013 DIY\",\"description\":\"smartphotoblogg Inspiration \u2013 Fototips \u2013 DIY\",\"potentialAction\":[{\"@type\":\"SearchAction\",\"target\":{\"@type\":\"EntryPoint\",\"urlTemplate\":\"https:\/\/www.smartphoto.se\/blogg\/?s={search_term_string}\"},\"query-input\":{\"@type\":\"PropertyValueSpecification\",\"valueRequired\":true,\"valueName\":\"search_term_string\"}}],\"inLanguage\":\"sv-SE\"},{\"@type\":\"Person\",\"@id\":\"https:\/\/www.smartphoto.se\/blogg\/#\/schema\/person\/c256b3f50ae468ee69f4b486108c797b\",\"name\":\"admin\",\"image\":{\"@type\":\"ImageObject\",\"inLanguage\":\"sv-SE\",\"@id\":\"https:\/\/www.smartphoto.se\/blogg\/#\/schema\/person\/image\/\",\"url\":\"https:\/\/secure.gravatar.com\/avatar\/8f9488249a21b1f2cc85dc7982dc95c4?s=96&d=mm&r=g\",\"contentUrl\":\"https:\/\/secure.gravatar.com\/avatar\/8f9488249a21b1f2cc85dc7982dc95c4?s=96&d=mm&r=g\",\"caption\":\"admin\"},\"url\":\"https:\/\/www.smartphoto.se\/blogg\/author\/admin\"}]}<\/script>\n<!-- \/ Yoast SEO plugin. -->","yoast_head_json":{"title":"Grattis Kronprinsessan Victoria! | Smartphoto","robots":{"index":"index","follow":"follow","max-snippet":"max-snippet:-1","max-image-preview":"max-image-preview:large","max-video-preview":"max-video-preview:-1"},"canonical":"https:\/\/www.smartphoto.se\/blogg\/grattis-victoria","og_locale":"sv_SE","og_type":"article","og_title":"Grattis Kronprinsessan Victoria! | Smartphoto","og_description":"Idag fyller Kronprinsessan Victoria 39 \u00e5r \u2013 stort grattis! Som vanligt har \u00d6land och Borgholm f\u00f6rvandlats till ett enda stort kalas och folk har \u00e5kt fr\u00e5n hela landet f\u00f6r att vara med att fira. Vill du ocks\u00e5 arrangera ett kalas med Kunglig glans? H\u00e4r \u00e4r v\u00e5ra 4 b\u00e4sta tips hur du med sm\u00e5 detaljer f\u00e5r till det perfekta kalaset eller den mest magiska festen. 1. Bjud in med stil Inbjudan \u00e4r det f\u00f6rsta m\u00f6tet dina g\u00e4ster har med din fest. Se till att den blir n\u00e5got alldeles extra! Kungafamiljen har ofta bilder p\u00e5 sig sj\u00e4lva eller en personlig och v\u00e4lskriven","og_url":"\/blogg\/grattis-victoria","og_site_name":"smartphotoblogg Inspiration \u2013 Fototips \u2013 DIY","article_publisher":"https:\/\/www.facebook.com\/smartphotose","article_published_time":"2016-07-14T07:00:26+00:00","article_modified_time":"2020-10-20T09:59:48+00:00","og_image":[{"width":1024,"height":683,"url":"https:\/\/storage.googleapis.com\/smartphoto-express-production-wp-blogs-com\/11\/2016\/06\/iStock_43030252_XXXLARGE-1024x683.jpg","type":"image\/jpeg"}],"author":"admin","twitter_card":"summary_large_image","twitter_misc":{"Written by":"admin","Est. reading time":"2 minutes"},"schema":{"@context":"https:\/\/schema.org","@graph":[{"@type":"WebPage","@id":"\/blogg\/grattis-victoria","url":"https:\/\/www.smartphoto.se\/blogg\/grattis-victoria","name":"Grattis Kronprinsessan Victoria! | Smartphoto","isPartOf":{"@id":"https:\/\/www.smartphoto.se\/blogg\/#website"},"primaryImageOfPage":{"@id":"https:\/\/www.smartphoto.se\/blogg\/grattis-victoria#primaryimage"},"image":{"@id":"https:\/\/www.smartphoto.se\/blogg\/grattis-victoria#primaryimage"},"thumbnailUrl":"https:\/\/storage.googleapis.com\/smartphoto-express-production-wp-blogs-com\/11\/2016\/06\/iStock_43030252_XXXLARGE.jpg","datePublished":"2016-07-14T07:00:26+00:00","dateModified":"2020-10-20T09:59:48+00:00","author":{"@id":"https:\/\/www.smartphoto.se\/blogg\/#\/schema\/person\/c256b3f50ae468ee69f4b486108c797b"},"breadcrumb":{"@id":"https:\/\/www.smartphoto.se\/blogg\/grattis-victoria#breadcrumb"},"inLanguage":"sv-SE","potentialAction":[{"@type":"ReadAction","target":["https:\/\/www.smartphoto.se\/blogg\/grattis-victoria"]}]},{"@type":"ImageObject","inLanguage":"sv-SE","@id":"https:\/\/www.smartphoto.se\/blogg\/grattis-victoria#primaryimage","url":"https:\/\/storage.googleapis.com\/smartphoto-express-production-wp-blogs-com\/11\/2016\/06\/iStock_43030252_XXXLARGE.jpg","contentUrl":"https:\/\/storage.googleapis.com\/smartphoto-express-production-wp-blogs-com\/11\/2016\/06\/iStock_43030252_XXXLARGE.jpg","width":5623,"height":3749,"caption":"Grattis Kronprinsessan Victoria - g\u00f6r dit eget kalas med Kunglig glans."},{"@type":"BreadcrumbList","@id":"https:\/\/www.smartphoto.se\/blogg\/grattis-victoria#breadcrumb","itemListElement":[{"@type":"ListItem","position":1,"name":"Home","item":"\/blogg\/"},{"@type":"ListItem","position":2,"name":"Grattis Kronprinsessan Victoria!"}]},{"@type":"WebSite","@id":"https:\/\/www.smartphoto.se\/blogg\/#website","url":"https:\/\/www.smartphoto.se\/blogg\/","name":"smartphotoblogg Inspiration \u2013 Fototips \u2013 DIY","description":"smartphotoblogg Inspiration \u2013 Fototips \u2013 DIY","potentialAction":[{"@type":"SearchAction","target":{"@type":"EntryPoint","urlTemplate":"https:\/\/www.smartphoto.se\/blogg\/?s={search_term_string}"},"query-input":{"@type":"PropertyValueSpecification","valueRequired":true,"valueName":"search_term_string"}}],"inLanguage":"sv-SE"},{"@type":"Person","@id":"https:\/\/www.smartphoto.se\/blogg\/#\/schema\/person\/c256b3f50ae468ee69f4b486108c797b","name":"admin","image":{"@type":"ImageObject","inLanguage":"sv-SE","@id":"https:\/\/www.smartphoto.se\/blogg\/#\/schema\/person\/image\/","url":"https:\/\/secure.gravatar.com\/avatar\/8f9488249a21b1f2cc85dc7982dc95c4?s=96&d=mm&r=g","contentUrl":"https:\/\/secure.gravatar.com\/avatar\/8f9488249a21b1f2cc85dc7982dc95c4?s=96&d=mm&r=g","caption":"admin"},"url":"https:\/\/www.smartphoto.se\/blogg\/author\/admin"}]}},"_links":{"self":[{"href":"https:\/\/www.smartphoto.se\/blogg\/wp-json\/wp\/v2\/posts\/2337","targetHints":{"allow":["GET"]}}],"collection":[{"href":"https:\/\/www.smartphoto.se\/blogg\/wp-json\/wp\/v2\/posts"}],"about":[{"href":"https:\/\/www.smartphoto.se\/blogg\/wp-json\/wp\/v2\/types\/post"}],"author":[{"embeddable":true,"href":"https:\/\/www.smartphoto.se\/blogg\/wp-json\/wp\/v2\/users\/1"}],"replies":[{"embeddable":true,"href":"https:\/\/www.smartphoto.se\/blogg\/wp-json\/wp\/v2\/comments?post=2337"}],"version-history":[{"count":2,"href":"https:\/\/www.smartphoto.se\/blogg\/wp-json\/wp\/v2\/posts\/2337\/revisions"}],"predecessor-version":[{"id":8279,"href":"https:\/\/www.smartphoto.se\/blogg\/wp-json\/wp\/v2\/posts\/2337\/revisions\/8279"}],"wp:featuredmedia":[{"embeddable":true,"href":"https:\/\/www.smartphoto.se\/blogg\/wp-json\/wp\/v2\/media\/2340"}],"wp:attachment":[{"href":"https:\/\/www.smartphoto.se\/blogg\/wp-json\/wp\/v2\/media?parent=2337"}],"wp:term":[{"taxonomy":"category","embeddable":true,"href":"https:\/\/www.smartphoto.se\/blogg\/wp-json\/wp\/v2\/categories?post=2337"},{"taxonomy":"post_tag","embeddable":true,"href":"https:\/\/www.smartphoto.se\/blogg\/wp-json\/wp\/v2\/tags?post=2337"}],"curies":[{"name":"wp","href":"https:\/\/api.w.org\/{rel}","templated":true}]}}