{"id":2068,"date":"2015-12-25T08:00:33","date_gmt":"2015-12-25T07:00:33","guid":{"rendered":"http:\/\/blogg.smartphoto.se\/?p=2068"},"modified":"2020-10-20T11:11:27","modified_gmt":"2020-10-20T09:11:27","slug":"arets-julklapp-2015","status":"publish","type":"post","link":"https:\/\/www.smartphoto.se\/blogg\/arets-julklapp-2015","title":{"rendered":"\u00c5rets julklapp 2015"},"content":{"rendered":"<p><em>S\u00e5 h\u00e4r dagen efter julafton \u00e4r det dags att kora \u00e5rets julklapp 2015 hos oss p\u00e5 smartphoto. \u00c4r du en av de lyckliga som f\u00e5tt n\u00e5gon av dessa julklappar? H\u00e4r \u00e4r hela listan:<\/em><\/p>\n<p><strong>1. V\u00e4ggalmanacka standard<\/strong><br \/>\nV\u00e5r mest popul\u00e4ra <a href=\"http:\/\/www.smartphoto.se\/produkter\/fotoalmanackor-agenda\/vaggalmanacka\" target=\"_blank\" rel=\"noopener noreferrer\">V\u00e4ggalmanacka<\/a> blir \u00e5rets julklapp 2015. En personlig almanacka i storlek 21,00 x 29,70. Den perfekta presenten d\u00e4r varje ny m\u00e5nad har nya bilder. Visste du att du kan sj\u00e4lv v\u00e4lja startm\u00e5nad p\u00e5 smartphotos alla <a href=\"http:\/\/www.smartphoto.se\/produkter\/fotoalmanackor-agenda\" target=\"_blank\" rel=\"noopener noreferrer\">almanackor och Agendor<\/a>?<\/p>\n<div id=\"attachment_2071\" style=\"width: 690px\" class=\"wp-caption alignnone\"><a href=\"https:\/\/storage.googleapis.com\/smartphoto-express-production-wp-blogs-com\/11\/2015\/12\/WallCalendar_Shoot_Lifestyle13.jpg\"><img loading=\"lazy\" decoding=\"async\" aria-describedby=\"caption-attachment-2071\" class=\"size-large wp-image-2071\" src=\"https:\/\/storage.googleapis.com\/smartphoto-express-production-wp-blogs-com\/11\/2015\/12\/WallCalendar_Shoot_Lifestyle13-1024x683.jpg\" alt=\"\u00c5rets julklapp\" width=\"680\" height=\"454\"><\/a><p id=\"caption-attachment-2071\" class=\"wp-caption-text\">\u00c5rets julklapp 2015: V\u00e4ggalmanackan standard<\/p><\/div>\n<p><strong>2. Canvastavla 30 x 45<\/strong><br \/>\nVi i Norden \u00e4lskar att ge v\u00e5ra v\u00e4ggar liv genom att skapa konst av v\u00e5ra bilder. S\u00e5 vi \u00e4r inte f\u00f6rv\u00e5nade \u00f6ver att v\u00e5r popul\u00e4ra <a href=\"http:\/\/www.smartphoto.se\/produkter\/canvas-vaggdekoration\/foto-pa-canvas\" target=\"_blank\" rel=\"noopener noreferrer\">Canvastavla<\/a> kom tv\u00e5a p\u00e5 listan \u00f6ver \u00e5rets julklappar.<\/p>\n<div id=\"attachment_2072\" style=\"width: 690px\" class=\"wp-caption alignnone\"><a href=\"https:\/\/storage.googleapis.com\/smartphoto-express-production-wp-blogs-com\/11\/2015\/12\/canvas_4.png\"><img loading=\"lazy\" decoding=\"async\" aria-describedby=\"caption-attachment-2072\" class=\"wp-image-2072 size-large\" src=\"https:\/\/storage.googleapis.com\/smartphoto-express-production-wp-blogs-com\/11\/2015\/12\/canvas_4-e1450275618780-1024x948.png\" alt=\"Canvastavla\" width=\"680\" height=\"630\"><\/a><p id=\"caption-attachment-2072\" class=\"wp-caption-text\">Nummer 2: Canvastavla 30&#215;45 cm<\/p><\/div>\n<p><strong>3. Mugg med foto<\/strong><br \/>\nEn klassisk produkt som fortfarande \u00e4r om\u00e5ttlig popul\u00e4r. <a href=\"http:\/\/www.smartphoto.se\/produkter\/fotopresenter\/mugg\" target=\"_blank\" rel=\"noopener noreferrer\">Mugg med foto<\/a> kostar endast 99 kr och den finns i flera olika designs och tema. Missa heller inte v\u00e5ra <a href=\"http:\/\/www.smartphoto.se\/produkter\/fotopresenter\/mugg-med-farg\" target=\"_blank\" rel=\"noopener noreferrer\">Muggar med f\u00e4rg<\/a> eller den <a href=\"http:\/\/www.smartphoto.se\/produkter\/fotopresenter\/magisk-mugg\" target=\"_blank\" rel=\"noopener noreferrer\">Magiska muggen<\/a>.<\/p>\n<div id=\"attachment_2073\" style=\"width: 690px\" class=\"wp-caption alignnone\"><a href=\"https:\/\/storage.googleapis.com\/smartphoto-express-production-wp-blogs-com\/11\/2015\/12\/Mug_Shoot_Lifestyle2.jpg\"><img loading=\"lazy\" decoding=\"async\" aria-describedby=\"caption-attachment-2073\" class=\"size-large wp-image-2073\" src=\"https:\/\/storage.googleapis.com\/smartphoto-express-production-wp-blogs-com\/11\/2015\/12\/Mug_Shoot_Lifestyle2-1024x683.jpg\" alt=\"Mugg med foto\" width=\"680\" height=\"454\"><\/a><p id=\"caption-attachment-2073\" class=\"wp-caption-text\">Nummer 3: Mugg med foto<\/p><\/div>\n<p><strong>4. Kudde med foto<\/strong><br \/>\nAtt s\u00e4tta sin bild p\u00e5 vardagsf\u00f6rem\u00e5l blir mer och mer popul\u00e4rt. P\u00e5 fj\u00e4rde plats p\u00e5 listan \u00e5rets julklapp 2015 hittar vi <a href=\"http:\/\/www.smartphoto.se\/produkter\/fotopresenter\/kudde\" target=\"_blank\" rel=\"noopener noreferrer\">Kudde med foto<\/a>. Ett enkelt s\u00e4tt att s\u00e4tta sin personliga pr\u00e4gel p\u00e5 soffan eller s\u00e4ngen. Finns \u00e4ven som <a href=\"http:\/\/www.smartphoto.se\/produkter\/fotopresenter\/stor-kudde\" target=\"_blank\" rel=\"noopener noreferrer\">Stor kudde<\/a> och <a href=\"http:\/\/www.smartphoto.se\/produkter\/fotopresenter\/kudde-hjarta\">Kudde hj\u00e4rta<\/a>.<\/p>\n<div id=\"attachment_2074\" style=\"width: 690px\" class=\"wp-caption alignnone\"><a href=\"https:\/\/storage.googleapis.com\/smartphoto-express-production-wp-blogs-com\/11\/2015\/12\/Pillow_Shoot_Lifestyle6.jpg\"><img loading=\"lazy\" decoding=\"async\" aria-describedby=\"caption-attachment-2074\" class=\"size-large wp-image-2074\" src=\"https:\/\/storage.googleapis.com\/smartphoto-express-production-wp-blogs-com\/11\/2015\/12\/Pillow_Shoot_Lifestyle6-1024x620.jpg\" alt=\"Kudde med foto\" width=\"680\" height=\"412\"><\/a><p id=\"caption-attachment-2074\" class=\"wp-caption-text\">Nummer 4: Kudde med foto<\/p><\/div>\n<p><strong>5. Nyckelring<\/strong><br \/>\nDin bild p\u00e5 en <a href=\"http:\/\/www.smartphoto.se\/produkter\/fotopresenter\/nyckelring\" target=\"_blank\" rel=\"noopener noreferrer\">nyckelring<\/a>. Den perfekta presenten till n\u00e4ra och k\u00e4ra. En sak du alltid b\u00e4r med dig.<\/p>\n<div id=\"attachment_2075\" style=\"width: 690px\" class=\"wp-caption alignnone\"><a href=\"https:\/\/storage.googleapis.com\/smartphoto-express-production-wp-blogs-com\/11\/2015\/12\/Keyring_Shoot_Packshot1.jpg\"><img loading=\"lazy\" decoding=\"async\" aria-describedby=\"caption-attachment-2075\" class=\"wp-image-2075 size-large\" src=\"https:\/\/storage.googleapis.com\/smartphoto-express-production-wp-blogs-com\/11\/2015\/12\/Keyring_Shoot_Packshot1-e1450275900336-1024x654.jpg\" alt=\"Nyckelring\" width=\"680\" height=\"434\"><\/a><p id=\"caption-attachment-2075\" class=\"wp-caption-text\">Nummer 5: Nyckelring<\/p><\/div>\n<p><strong>6. Fotobok<\/strong><br \/>\nAtt summera \u00e5ret i bilder och ge bort till familjen \u00e4r alltid uppskattat. Den popul\u00e4ra <a href=\"http:\/\/www.smartphoto.se\/produkter\/fotobok\/stor-kvadratisk\" target=\"_blank\" rel=\"noopener noreferrer\">Fotoboken Stor kvadratisk<\/a> \u00e4r den Fotobok som var mest popul\u00e4r &nbsp;att ge bort i julklapp.<\/p>\n<div id=\"attachment_2076\" style=\"width: 690px\" class=\"wp-caption alignnone\"><a href=\"https:\/\/storage.googleapis.com\/smartphoto-express-production-wp-blogs-com\/11\/2015\/12\/BookXLSquarePhotoPaper_Source_Packshot1.png\"><img loading=\"lazy\" decoding=\"async\" aria-describedby=\"caption-attachment-2076\" class=\"size-large wp-image-2076\" src=\"https:\/\/storage.googleapis.com\/smartphoto-express-production-wp-blogs-com\/11\/2015\/12\/BookXLSquarePhotoPaper_Source_Packshot1-1024x683.png\" alt=\"Fotobok\" width=\"680\" height=\"454\"><\/a><p id=\"caption-attachment-2076\" class=\"wp-caption-text\">Nummer 6: Fotobok stor kvadratisk<\/p><\/div>\n<p>Fler produkter och inspiration hittar ni som vanligt p\u00e5 <a href=\"http:\/\/www.smartphoto.se\/\" target=\"_blank\" rel=\"noopener noreferrer\">smartphoto.se<\/a><\/p>\n","protected":false},"excerpt":{"rendered":"<p>S\u00e5 h\u00e4r dagen efter julafton \u00e4r det dags att kora \u00e5rets julklapp 2015 hos oss p\u00e5 smartphoto. \u00c4r du en av de lyckliga som f\u00e5tt n\u00e5gon av dessa julklappar? H\u00e4r \u00e4r hela listan: 1. V\u00e4ggalmanacka standard V\u00e5r mest popul\u00e4ra V\u00e4ggalmanacka blir \u00e5rets julklapp 2015. En personlig almanacka i storlek 21,00 x 29,70. Den perfekta presenten d\u00e4r varje ny m\u00e5nad har nya bilder. Visste du att du kan sj\u00e4lv v\u00e4lja startm\u00e5nad p\u00e5 smartphotos alla almanackor och Agendor? 2. Canvastavla 30 x 45 Vi i Norden \u00e4lskar att ge v\u00e5ra v\u00e4ggar liv genom att skapa konst av v\u00e5ra bilder. S\u00e5 vi \u00e4r<\/p>\n","protected":false},"author":1,"featured_media":2077,"comment_status":"open","ping_status":"open","sticky":false,"template":"","format":"standard","meta":{"om_disable_all_campaigns":false,"_monsterinsights_skip_tracking":false,"_monsterinsights_sitenote_active":false,"_monsterinsights_sitenote_note":"","_monsterinsights_sitenote_category":0,"footnotes":""},"categories":[5],"tags":[],"class_list":["post-2068","post","type-post","status-publish","format-standard","has-post-thumbnail","hentry","category-insperation"],"yoast_head":"<!-- This site is optimized with the Yoast SEO plugin v23.8 - https:\/\/yoast.com\/wordpress\/plugins\/seo\/ -->\n<title>\u00c5rets julklapp 2015 - din b\u00e4sta bild som motiv | Smartphoto<\/title>\n<meta name=\"robots\" content=\"index, follow, max-snippet:-1, max-image-preview:large, max-video-preview:-1\" \/>\n<link rel=\"canonical\" href=\"https:\/\/www.smartphoto.se\/blogg\/arets-julklapp-2015\" \/>\n<meta property=\"og:locale\" content=\"sv_SE\" \/>\n<meta property=\"og:type\" content=\"article\" \/>\n<meta property=\"og:title\" content=\"\u00c5rets julklapp 2015 - din b\u00e4sta bild som motiv | Smartphoto\" \/>\n<meta property=\"og:description\" content=\"S\u00e5 h\u00e4r dagen efter julafton \u00e4r det dags att kora \u00e5rets julklapp 2015 hos oss p\u00e5 smartphoto. \u00c4r du en av de lyckliga som f\u00e5tt n\u00e5gon av dessa julklappar? H\u00e4r \u00e4r hela listan: 1. V\u00e4ggalmanacka standard V\u00e5r mest popul\u00e4ra V\u00e4ggalmanacka blir \u00e5rets julklapp 2015. En personlig almanacka i storlek 21,00 x 29,70. Den perfekta presenten d\u00e4r varje ny m\u00e5nad har nya bilder. Visste du att du kan sj\u00e4lv v\u00e4lja startm\u00e5nad p\u00e5 smartphotos alla almanackor och Agendor? 2. Canvastavla 30 x 45 Vi i Norden \u00e4lskar att ge v\u00e5ra v\u00e4ggar liv genom att skapa konst av v\u00e5ra bilder. S\u00e5 vi \u00e4r\" \/>\n<meta property=\"og:url\" content=\"\/blogg\/arets-julklapp-2015\" \/>\n<meta property=\"og:site_name\" content=\"smartphotoblogg Inspiration \u2013 Fototips \u2013 DIY\" \/>\n<meta property=\"article:publisher\" content=\"https:\/\/www.facebook.com\/smartphotose\" \/>\n<meta property=\"article:published_time\" content=\"2015-12-25T07:00:33+00:00\" \/>\n<meta property=\"article:modified_time\" content=\"2020-10-20T09:11:27+00:00\" \/>\n<meta property=\"og:image\" content=\"https:\/\/storage.googleapis.com\/smartphoto-express-production-wp-blogs-com\/11\/2015\/12\/86522940-1024x652.jpg\" \/>\n\t<meta property=\"og:image:width\" content=\"1024\" \/>\n\t<meta property=\"og:image:height\" content=\"652\" \/>\n\t<meta property=\"og:image:type\" content=\"image\/jpeg\" \/>\n<meta name=\"author\" content=\"admin\" \/>\n<meta name=\"twitter:card\" content=\"summary_large_image\" \/>\n<meta name=\"twitter:label1\" content=\"Written by\" \/>\n\t<meta name=\"twitter:data1\" content=\"admin\" \/>\n\t<meta name=\"twitter:label2\" content=\"Est. reading time\" \/>\n\t<meta name=\"twitter:data2\" content=\"2 minutes\" \/>\n<script type=\"application\/ld+json\" class=\"yoast-schema-graph\">{\"@context\":\"https:\/\/schema.org\",\"@graph\":[{\"@type\":\"WebPage\",\"@id\":\"\/blogg\/arets-julklapp-2015\",\"url\":\"https:\/\/www.smartphoto.se\/blogg\/arets-julklapp-2015\",\"name\":\"\u00c5rets julklapp 2015 - din b\u00e4sta bild som motiv | Smartphoto\",\"isPartOf\":{\"@id\":\"https:\/\/www.smartphoto.se\/blogg\/#website\"},\"primaryImageOfPage\":{\"@id\":\"https:\/\/www.smartphoto.se\/blogg\/arets-julklapp-2015#primaryimage\"},\"image\":{\"@id\":\"https:\/\/www.smartphoto.se\/blogg\/arets-julklapp-2015#primaryimage\"},\"thumbnailUrl\":\"https:\/\/storage.googleapis.com\/smartphoto-express-production-wp-blogs-com\/11\/2015\/12\/86522940.jpg\",\"datePublished\":\"2015-12-25T07:00:33+00:00\",\"dateModified\":\"2020-10-20T09:11:27+00:00\",\"author\":{\"@id\":\"https:\/\/www.smartphoto.se\/blogg\/#\/schema\/person\/c256b3f50ae468ee69f4b486108c797b\"},\"breadcrumb\":{\"@id\":\"https:\/\/www.smartphoto.se\/blogg\/arets-julklapp-2015#breadcrumb\"},\"inLanguage\":\"sv-SE\",\"potentialAction\":[{\"@type\":\"ReadAction\",\"target\":[\"https:\/\/www.smartphoto.se\/blogg\/arets-julklapp-2015\"]}]},{\"@type\":\"ImageObject\",\"inLanguage\":\"sv-SE\",\"@id\":\"https:\/\/www.smartphoto.se\/blogg\/arets-julklapp-2015#primaryimage\",\"url\":\"https:\/\/storage.googleapis.com\/smartphoto-express-production-wp-blogs-com\/11\/2015\/12\/86522940.jpg\",\"contentUrl\":\"https:\/\/storage.googleapis.com\/smartphoto-express-production-wp-blogs-com\/11\/2015\/12\/86522940.jpg\",\"width\":5494,\"height\":3499,\"caption\":\"\u00c5rets julklapp 2015\"},{\"@type\":\"BreadcrumbList\",\"@id\":\"https:\/\/www.smartphoto.se\/blogg\/arets-julklapp-2015#breadcrumb\",\"itemListElement\":[{\"@type\":\"ListItem\",\"position\":1,\"name\":\"Home\",\"item\":\"\/blogg\/\"},{\"@type\":\"ListItem\",\"position\":2,\"name\":\"\u00c5rets julklapp 2015\"}]},{\"@type\":\"WebSite\",\"@id\":\"https:\/\/www.smartphoto.se\/blogg\/#website\",\"url\":\"https:\/\/www.smartphoto.se\/blogg\/\",\"name\":\"smartphotoblogg Inspiration \u2013 Fototips \u2013 DIY\",\"description\":\"smartphotoblogg Inspiration \u2013 Fototips \u2013 DIY\",\"potentialAction\":[{\"@type\":\"SearchAction\",\"target\":{\"@type\":\"EntryPoint\",\"urlTemplate\":\"https:\/\/www.smartphoto.se\/blogg\/?s={search_term_string}\"},\"query-input\":{\"@type\":\"PropertyValueSpecification\",\"valueRequired\":true,\"valueName\":\"search_term_string\"}}],\"inLanguage\":\"sv-SE\"},{\"@type\":\"Person\",\"@id\":\"https:\/\/www.smartphoto.se\/blogg\/#\/schema\/person\/c256b3f50ae468ee69f4b486108c797b\",\"name\":\"admin\",\"image\":{\"@type\":\"ImageObject\",\"inLanguage\":\"sv-SE\",\"@id\":\"https:\/\/www.smartphoto.se\/blogg\/#\/schema\/person\/image\/\",\"url\":\"https:\/\/secure.gravatar.com\/avatar\/8f9488249a21b1f2cc85dc7982dc95c4?s=96&d=mm&r=g\",\"contentUrl\":\"https:\/\/secure.gravatar.com\/avatar\/8f9488249a21b1f2cc85dc7982dc95c4?s=96&d=mm&r=g\",\"caption\":\"admin\"},\"url\":\"https:\/\/www.smartphoto.se\/blogg\/author\/admin\"}]}<\/script>\n<!-- \/ Yoast SEO plugin. -->","yoast_head_json":{"title":"\u00c5rets julklapp 2015 - din b\u00e4sta bild som motiv | Smartphoto","robots":{"index":"index","follow":"follow","max-snippet":"max-snippet:-1","max-image-preview":"max-image-preview:large","max-video-preview":"max-video-preview:-1"},"canonical":"https:\/\/www.smartphoto.se\/blogg\/arets-julklapp-2015","og_locale":"sv_SE","og_type":"article","og_title":"\u00c5rets julklapp 2015 - din b\u00e4sta bild som motiv | Smartphoto","og_description":"S\u00e5 h\u00e4r dagen efter julafton \u00e4r det dags att kora \u00e5rets julklapp 2015 hos oss p\u00e5 smartphoto. \u00c4r du en av de lyckliga som f\u00e5tt n\u00e5gon av dessa julklappar? H\u00e4r \u00e4r hela listan: 1. V\u00e4ggalmanacka standard V\u00e5r mest popul\u00e4ra V\u00e4ggalmanacka blir \u00e5rets julklapp 2015. En personlig almanacka i storlek 21,00 x 29,70. Den perfekta presenten d\u00e4r varje ny m\u00e5nad har nya bilder. Visste du att du kan sj\u00e4lv v\u00e4lja startm\u00e5nad p\u00e5 smartphotos alla almanackor och Agendor? 2. Canvastavla 30 x 45 Vi i Norden \u00e4lskar att ge v\u00e5ra v\u00e4ggar liv genom att skapa konst av v\u00e5ra bilder. S\u00e5 vi \u00e4r","og_url":"\/blogg\/arets-julklapp-2015","og_site_name":"smartphotoblogg Inspiration \u2013 Fototips \u2013 DIY","article_publisher":"https:\/\/www.facebook.com\/smartphotose","article_published_time":"2015-12-25T07:00:33+00:00","article_modified_time":"2020-10-20T09:11:27+00:00","og_image":[{"width":1024,"height":652,"url":"https:\/\/storage.googleapis.com\/smartphoto-express-production-wp-blogs-com\/11\/2015\/12\/86522940-1024x652.jpg","type":"image\/jpeg"}],"author":"admin","twitter_card":"summary_large_image","twitter_misc":{"Written by":"admin","Est. reading time":"2 minutes"},"schema":{"@context":"https:\/\/schema.org","@graph":[{"@type":"WebPage","@id":"\/blogg\/arets-julklapp-2015","url":"https:\/\/www.smartphoto.se\/blogg\/arets-julklapp-2015","name":"\u00c5rets julklapp 2015 - din b\u00e4sta bild som motiv | Smartphoto","isPartOf":{"@id":"https:\/\/www.smartphoto.se\/blogg\/#website"},"primaryImageOfPage":{"@id":"https:\/\/www.smartphoto.se\/blogg\/arets-julklapp-2015#primaryimage"},"image":{"@id":"https:\/\/www.smartphoto.se\/blogg\/arets-julklapp-2015#primaryimage"},"thumbnailUrl":"https:\/\/storage.googleapis.com\/smartphoto-express-production-wp-blogs-com\/11\/2015\/12\/86522940.jpg","datePublished":"2015-12-25T07:00:33+00:00","dateModified":"2020-10-20T09:11:27+00:00","author":{"@id":"https:\/\/www.smartphoto.se\/blogg\/#\/schema\/person\/c256b3f50ae468ee69f4b486108c797b"},"breadcrumb":{"@id":"https:\/\/www.smartphoto.se\/blogg\/arets-julklapp-2015#breadcrumb"},"inLanguage":"sv-SE","potentialAction":[{"@type":"ReadAction","target":["https:\/\/www.smartphoto.se\/blogg\/arets-julklapp-2015"]}]},{"@type":"ImageObject","inLanguage":"sv-SE","@id":"https:\/\/www.smartphoto.se\/blogg\/arets-julklapp-2015#primaryimage","url":"https:\/\/storage.googleapis.com\/smartphoto-express-production-wp-blogs-com\/11\/2015\/12\/86522940.jpg","contentUrl":"https:\/\/storage.googleapis.com\/smartphoto-express-production-wp-blogs-com\/11\/2015\/12\/86522940.jpg","width":5494,"height":3499,"caption":"\u00c5rets julklapp 2015"},{"@type":"BreadcrumbList","@id":"https:\/\/www.smartphoto.se\/blogg\/arets-julklapp-2015#breadcrumb","itemListElement":[{"@type":"ListItem","position":1,"name":"Home","item":"\/blogg\/"},{"@type":"ListItem","position":2,"name":"\u00c5rets julklapp 2015"}]},{"@type":"WebSite","@id":"https:\/\/www.smartphoto.se\/blogg\/#website","url":"https:\/\/www.smartphoto.se\/blogg\/","name":"smartphotoblogg Inspiration \u2013 Fototips \u2013 DIY","description":"smartphotoblogg Inspiration \u2013 Fototips \u2013 DIY","potentialAction":[{"@type":"SearchAction","target":{"@type":"EntryPoint","urlTemplate":"https:\/\/www.smartphoto.se\/blogg\/?s={search_term_string}"},"query-input":{"@type":"PropertyValueSpecification","valueRequired":true,"valueName":"search_term_string"}}],"inLanguage":"sv-SE"},{"@type":"Person","@id":"https:\/\/www.smartphoto.se\/blogg\/#\/schema\/person\/c256b3f50ae468ee69f4b486108c797b","name":"admin","image":{"@type":"ImageObject","inLanguage":"sv-SE","@id":"https:\/\/www.smartphoto.se\/blogg\/#\/schema\/person\/image\/","url":"https:\/\/secure.gravatar.com\/avatar\/8f9488249a21b1f2cc85dc7982dc95c4?s=96&d=mm&r=g","contentUrl":"https:\/\/secure.gravatar.com\/avatar\/8f9488249a21b1f2cc85dc7982dc95c4?s=96&d=mm&r=g","caption":"admin"},"url":"https:\/\/www.smartphoto.se\/blogg\/author\/admin"}]}},"_links":{"self":[{"href":"https:\/\/www.smartphoto.se\/blogg\/wp-json\/wp\/v2\/posts\/2068","targetHints":{"allow":["GET"]}}],"collection":[{"href":"https:\/\/www.smartphoto.se\/blogg\/wp-json\/wp\/v2\/posts"}],"about":[{"href":"https:\/\/www.smartphoto.se\/blogg\/wp-json\/wp\/v2\/types\/post"}],"author":[{"embeddable":true,"href":"https:\/\/www.smartphoto.se\/blogg\/wp-json\/wp\/v2\/users\/1"}],"replies":[{"embeddable":true,"href":"https:\/\/www.smartphoto.se\/blogg\/wp-json\/wp\/v2\/comments?post=2068"}],"version-history":[{"count":2,"href":"https:\/\/www.smartphoto.se\/blogg\/wp-json\/wp\/v2\/posts\/2068\/revisions"}],"predecessor-version":[{"id":8249,"href":"https:\/\/www.smartphoto.se\/blogg\/wp-json\/wp\/v2\/posts\/2068\/revisions\/8249"}],"wp:featuredmedia":[{"embeddable":true,"href":"https:\/\/www.smartphoto.se\/blogg\/wp-json\/wp\/v2\/media\/2077"}],"wp:attachment":[{"href":"https:\/\/www.smartphoto.se\/blogg\/wp-json\/wp\/v2\/media?parent=2068"}],"wp:term":[{"taxonomy":"category","embeddable":true,"href":"https:\/\/www.smartphoto.se\/blogg\/wp-json\/wp\/v2\/categories?post=2068"},{"taxonomy":"post_tag","embeddable":true,"href":"https:\/\/www.smartphoto.se\/blogg\/wp-json\/wp\/v2\/tags?post=2068"}],"curies":[{"name":"wp","href":"https:\/\/api.w.org\/{rel}","templated":true}]}}